{"id":85900,"date":"2024-05-03T16:14:31","date_gmt":"2024-05-03T16:14:31","guid":{"rendered":"https:\/\/jorgezanoni.com.br\/2019\/?p=85900"},"modified":"2024-05-03T16:14:31","modified_gmt":"2024-05-03T16:14:31","slug":"sicredi-conta-historias-reais-de-seus-associados-em-nova-campanha-institucional","status":"publish","type":"post","link":"https:\/\/jorgezanoni.com.br\/2019\/sicredi-conta-historias-reais-de-seus-associados-em-nova-campanha-institucional\/","title":{"rendered":"Sicredi conta hist\u00f3rias reais de seus associados em nova campanha institucional"},"content":{"rendered":"<p style=\"text-align: justify;\"><strong><em>Narrativa <\/em><em>aposta na evolu\u00e7\u00e3o do posicionamento atual, propondo um novo olhar para os protagonistas da marca.<\/em><\/strong><\/p>\n<p>Embalado pelo sucesso da campanha \u201cN\u00e3o \u00e9 s\u00f3 dinheiro, \u00e9 ter com quem contar\u201d, o Sicredi refor\u00e7a seu posicionamento e evolui no movimento da marca em campanha que estreou neste domingo (28). O lan\u00e7amento apresenta um VT com remix in\u00e9dito da m\u00fasica \u201cN\u00e3o quero dinheiro\u201d, de Tim Maia, nas vozes dos artistas Ana Castela e Leo Santana. J\u00e1 embaixadores do Sicredi, esta \u00e9 a primeira vez que eles cantam um rap, ritmo escolhido para a nova vers\u00e3o. Ao longo do ano, a campanha ainda ser\u00e1 protagonizada pelos associados do Sicredi \u2013 ser\u00e3o 104 hist\u00f3rias reais com representantes de norte a sul do pa\u00eds, narradas em diferentes formatos e plataformas. O objetivo \u00e9 mostrar o relacionamento pr\u00f3ximo e de confian\u00e7a, al\u00e9m do impacto da institui\u00e7\u00e3o na vida das pessoas.<\/p>\n<p>\u201cDemos o primeiro passo ao lan\u00e7armos a maior campanha nacional integrada do Sicredi em outubro de 2023. O VT com a m\u00fasica cantada pela Ana e Leo, artistas que s\u00e3o a cara do Brasil, impactou positivamente tanto em termos de conhecimento de marca, quanto no crescimento em n\u00famero de associados. Por isso, apostamos na evolu\u00e7\u00e3o da campanha, mantendo a const\u00e2ncia do posicionamento para fortalecer a marca em todo o pa\u00eds, com uma estrat\u00e9gia de marketing direcionada para os objetivos do neg\u00f3cio, entre eles, o de chegar a 10 milh\u00f5es de associados at\u00e9 2025\u201d, enfatiza Cris Duclos, diretora de Marketing e Experi\u00eancia do Sicredi.<\/p>\n<p>O filme de lan\u00e7amento da campanha com Ana Castela e Leo Santana estreou no intervalo do Fant\u00e1stico, neste 28 de abril, e o comercial segue com exibi\u00e7\u00e3o nos principais canais de TV aberta \u2013 TV Globo, SBT, Record e Band. O Sicredi tamb\u00e9m segue com o patroc\u00ednio ao telejornal Bom Dia Brasil, na TV Globo, dando o tradicional \u201cbom dia\u201d a todos os brasileiros, caracter\u00edstico do atendimento pr\u00f3ximo e humano da institui\u00e7\u00e3o aos seus associados. Al\u00e9m disso, a estrat\u00e9gia 360\u00ba contempla divulga\u00e7\u00e3o nas redes sociais, m\u00eddia <em>out of home<\/em>, ativa\u00e7\u00e3o com pessoas colaboradoras e estrat\u00e9gia de Rela\u00e7\u00f5es P\u00fablicas. O Sicredi tamb\u00e9m contar\u00e1 com um time de influenciadores conhecidos nacionalmente, mostrando o que significa \u201cter com quem contar\u201d de diferentes formas, em diversos contextos.<\/p>\n<p>J\u00e1 o segundo momento da campanha ter\u00e1 a exibi\u00e7\u00e3o de sete filmes intitulados \u201cN\u00e3o \u00e9 s\u00f3\u201d, a partir de maio. As produ\u00e7\u00f5es trazem hist\u00f3rias de associados com destaque para os principais produtos e servi\u00e7os da institui\u00e7\u00e3o \u2013 como investimentos, cart\u00f5es, cons\u00f3rcios e seguros \u2013, evidenciando como as pessoas contam com o Sicredi. \u201cAtualmente, s\u00e3o mais de 300 produtos e servi\u00e7os. Vamos trazer as hist\u00f3rias das pessoas conectadas a isso, refor\u00e7ando a mensagem de que esta \u00e9 uma institui\u00e7\u00e3o financeira completa para todos os brasileiros\u201d, explica Cris Duclos.<\/p>\n<p>Um dos grandes momentos da nova campanha ser\u00e1 o projeto intitulado \u201c104 hist\u00f3rias\u201d. A partir do segundo semestre, o Sicredi apresentar\u00e1 hist\u00f3rias reais dos associados de todo o Brasil em diferentes formatos e produ\u00e7\u00f5es (para tv, r\u00e1dio, redes sociais, m\u00eddia OOH, entre outros), divulgadas a partir da voca\u00e7\u00e3o de cada canal, com uma vis\u00e3o integrada. O objetivo \u00e9 mudar a perspectiva, trazendo um olhar coletivo por meio dessas narrativas.<\/p>\n<p>Assim, tamb\u00e9m ser\u00e1 demonstrado o impacto positivo do relacionamento com o Sicredi na vida das pessoas. Ao tornarem-se associadas, elas viram donas do neg\u00f3cio, com direito a participa\u00e7\u00e3o nos resultados da institui\u00e7\u00e3o. A exemplo, a partir de seu resultado obtido em 2023, o Sicredi ir\u00e1 distribuir R$ 2,9 bilh\u00f5es diretamente aos associados em conta corrente, poupan\u00e7a ou capital social. O modelo de neg\u00f3cio do Sicredi ainda beneficia as regi\u00f5es em que est\u00e1 presente. Somente no ano passado, a institui\u00e7\u00e3o destinou mais de R$ 390 milh\u00f5es em investimento social, al\u00e9m de realizar uma s\u00e9rie de iniciativas e programas voltados ao bem-estar financeiro e desenvolvimento das comunidades.<\/p>\n<p>\u201cA escolha de 104 hist\u00f3rias n\u00e3o \u00e9 por acaso. Representam as 104 cooperativas do Sicredi e retratam os nossos mais de 7,5 milh\u00f5es de associados &#8211; empreendedores, produtores rurais e pessoas f\u00edsicas, que confiam na gente para realizar seus sonhos. O impacto real de uma marca na vida das pessoas \u00e9 o que h\u00e1 de mais genu\u00edno, por isso queremos apresentar essa diversidade de narrativas com muitos perfis distintos, que ao final refor\u00e7am uma mensagem \u00fanica, de que todos podem contar com o Sicredi\u201d, explica Cris.<\/p>\n<p>A campanha da institui\u00e7\u00e3o \u00e9 a primeira desenvolvida com a ag\u00eancia Suno United Creators, parceira do Sicredi desde janeiro deste ano na estrat\u00e9gia de expans\u00e3o da marca nacionalmente. O filme de lan\u00e7amento \u00e9 uma produ\u00e7\u00e3o de Pedro Becker, que tamb\u00e9m assinou o VT lan\u00e7ado em 2023 (<a href=\"https:\/\/www.youtube.com\/watch?v=3BEIdk5k_48\">assista ao v\u00eddeo aqui<\/a>).<\/p>\n<p><strong>Marca forte e expans\u00e3o nacional<\/strong><\/p>\n<p>Desde o lan\u00e7amento do novo posicionamento em outubro de 2023, o Sicredi vem observando os impactos positivos no neg\u00f3cio, entre eles um crescimento m\u00e9dio mensal de 73% no n\u00famero de leads cadastrados e de 56% no n\u00famero de novos associados, em compara\u00e7\u00e3o com o mesmo per\u00edodo anterior a campanha.<\/p>\n<p>O novo momento da marca \u00e9 acompanhado por sua expans\u00e3o em todo o Brasil. Em mar\u00e7o deste ano, a institui\u00e7\u00e3o financeira cooperativa ultrapassou o marco de duas mil cidades brasileiras atendidas por meio de ag\u00eancias f\u00edsicas. Com mais de 75 inaugura\u00e7\u00f5es somente em 2024, atualmente s\u00e3o mais de 2,7 mil ag\u00eancias, al\u00e9m do atendimento digital disponibilizado pelo Sicredi.<\/p>\n<p>\u201cO Sicredi \u00e9 s\u00f3lido como uma empresa tradicional, mas cresce como uma startup. Por meio da nossa campanha e outros movimentos, queremos destacar os nossos diferenciais de relacionamento pr\u00f3ximo e de confian\u00e7a e levar o cooperativismo para ainda mais pessoas, potencializando o impacto positivo gerado nas regi\u00f5es onde atuamos\u201d, finaliza Cris.<strong>\u00a0<\/strong><\/p>\n<p><strong>Sobre o Sicredi<\/strong><\/p>\n<p>O Sicredi \u00e9 uma institui\u00e7\u00e3o financeira cooperativa comprometida com o crescimento de seus associados e com o desenvolvimento das regi\u00f5es onde atua. Possui um modelo de gest\u00e3o que valoriza a participa\u00e7\u00e3o dos mais de 7,5 milh\u00f5es de associados, que exercem o papel de donos do neg\u00f3cio. Com mais de 2.700 ag\u00eancias, o Sicredi est\u00e1 presente fisicamente em todos os estados brasileiros e no Distrito Federal, disponibilizando uma gama completa de solu\u00e7\u00f5es financeiras e n\u00e3o financeiras.<\/p>\n<p>Site do Sicredi:<a href=\"http:\/\/www.sicredi.com.br\/site\"> Clique aqui<\/a><\/p>\n<p>Redes Sociais:<a href=\"https:\/\/urldefense.proofpoint.com\/v2\/url?u=https-3A__www.facebook.com_Sicredi_&amp;d=DwMGaQ&amp;c=63k7DFQ5NS45K8Wu5uX9Pd1gEa70c_pznLjIw3OxEiE&amp;r=78reeXSRUHsXRv_X52nVFtqn8imrdAy-e5fJ56Qe6zg&amp;m=xAVwqnVpfVTt2Vu2g1Il31gCoCNxIOeNb-plWVTL0kw&amp;s=JKipJ9HxCcwObJ2cU-F6-Mq2sxBtIbmY5-KGbuh8D5g&amp;e=\"> Facebook<\/a> |<a href=\"https:\/\/urldefense.com\/v3\/__https:\/instagram.com\/sicredi__;!!HhhKMSGjjQV-!skJJ34UnCvSNLF9kBxQaX6TqdH0BMtQRpPFHxp7r_5HWfNomTgv3CmM6sPd-DuzGX3gRRA$\"> Instagram<\/a> |<a href=\"https:\/\/urldefense.proofpoint.com\/v2\/url?u=https-3A__twitter.com_sicredi-5Foficial&amp;d=DwMGaQ&amp;c=63k7DFQ5NS45K8Wu5uX9Pd1gEa70c_pznLjIw3OxEiE&amp;r=78reeXSRUHsXRv_X52nVFtqn8imrdAy-e5fJ56Qe6zg&amp;m=xAVwqnVpfVTt2Vu2g1Il31gCoCNxIOeNb-plWVTL0kw&amp;s=rREjz000pYFcmWEEXtLWoXAYGWHjlL0RGR2OhBlfpvg&amp;e=\"> Twitter<\/a> |<a href=\"https:\/\/urldefense.proofpoint.com\/v2\/url?u=https-3A__www.linkedin.com_company_sicredi&amp;d=DwMGaQ&amp;c=63k7DFQ5NS45K8Wu5uX9Pd1gEa70c_pznLjIw3OxEiE&amp;r=78reeXSRUHsXRv_X52nVFtqn8imrdAy-e5fJ56Qe6zg&amp;m=xAVwqnVpfVTt2Vu2g1Il31gCoCNxIOeNb-plWVTL0kw&amp;s=9Afr_6-_zQljoX3PTOiIuUAk3glYTUttfE8zyudIzKg&amp;e=\"> LinkedIn<\/a> |<a href=\"https:\/\/urldefense.proofpoint.com\/v2\/url?u=https-3A__www.youtube.com_user_sicredioficial&amp;d=DwMGaQ&amp;c=63k7DFQ5NS45K8Wu5uX9Pd1gEa70c_pznLjIw3OxEiE&amp;r=78reeXSRUHsXRv_X52nVFtqn8imrdAy-e5fJ56Qe6zg&amp;m=xAVwqnVpfVTt2Vu2g1Il31gCoCNxIOeNb-plWVTL0kw&amp;s=gYFE34Op3aDlZfviXJsdbFh5VGFhNtFoc8XmCLM1DTQ&amp;e=\"> YouTube<\/a><\/p>\n<p><strong><u>Ficha t\u00e9cnica VT Lan\u00e7amento<\/u><\/strong><\/p>\n<p><strong>Ag\u00eancia: <\/strong>Suno United Creators<\/p>\n<p><strong>Cliente: <\/strong>Sicredi<\/p>\n<p><strong>T\u00edtulo: <\/strong>N\u00e3o \u00e9 s\u00f3 dinheiro<\/p>\n<p><strong>Dire\u00e7\u00e3o Geral de Cria\u00e7\u00e3o: <\/strong>Thiago Bocatto<\/p>\n<p><strong>Dire\u00e7\u00e3o de Cria\u00e7\u00e3o: <\/strong>Nelson Costa, Nego Lee, Andre Gola<\/p>\n<p><strong>Cria\u00e7\u00e3o: <\/strong>Nelson Costa, Nego Lee, Andre Gola<\/p>\n<p><strong>Dire\u00e7\u00e3o de Atendimento: <\/strong>Raquel Hip\u00f3lito<\/p>\n<p><strong>Opera\u00e7\u00e3o: <\/strong>Gabriela Zanon, Karine Martins da Costa<\/p>\n<p><strong>Dire\u00e7\u00e3o de Planejamento: <\/strong>Vanessa Caldeira Sakamoto<\/p>\n<p><strong>Dire\u00e7\u00e3o de Produ\u00e7\u00e3o: <\/strong>Ana Luisa Andr\u00e9<\/p>\n<p><strong>Produ\u00e7\u00e3o: <\/strong>Kika Tancredo<\/p>\n<p><strong>Dire\u00e7\u00e3o de M\u00eddia: <\/strong>Priscila Sato<\/p>\n<p><strong>M\u00eddia:<\/strong> Isabelle Nicole, Alina Antunes, Pablo Bortolini, Pamela Jord\u00e3o, Arthur Quattrer, Maria Gabriela Nascimento, Felipe Moraes, Malu Veneziano, Guilherme Melotti, Beatriz Araujo, Vinicius Silva, Jade Cruz<strong>\u00a0<\/strong><\/p>\n<p><strong>Produtora de Filme:<\/strong> Delicatessen Filmes<\/p>\n<p><strong>Dire\u00e7\u00e3o de Cena:<\/strong> Pedro Becker<\/p>\n<p><strong>Diretora Executiva:<\/strong> Luciana Mattar<\/p>\n<p><strong>Produtora Executiva:<\/strong> Claudio Costa e Tathi Pires<\/p>\n<p><strong>Head of New Business:<\/strong> Luisa Vissotto<\/p>\n<p><strong>Line Producer:<\/strong> Juliana Lutterbach<\/p>\n<p><strong>Assistant de Sales\/Line Producer: <\/strong>Camilla Nucitelli<\/p>\n<p><strong>Coordena\u00e7\u00e3o De Produ\u00e7\u00e3o:<\/strong> Grayce Felix, Drielle Paiva e Niara Nascimento<\/p>\n<p><strong>Secret\u00e1ria de Produ\u00e7\u00e3o:<\/strong> Ana Paula Bento e Raissa Gon\u00e7alves<\/p>\n<p><strong>P\u00f3s-produ\u00e7\u00e3o:<\/strong> Space Gorilla<\/p>\n<p><strong>Produ\u00e7\u00e3o executivo de P\u00f3s-produ\u00e7\u00e3o:<\/strong> Ana Ourique<\/p>\n<p><strong>Coordena\u00e7\u00e3o p\u00f3s-produ\u00e7\u00e3o:<\/strong> Andr\u00e9 Maluly<\/p>\n<p><strong>Finalizador<\/strong>: Luiz Bicudo<\/p>\n<p><strong>Assistente p\u00f3s-produ\u00e7\u00e3o:<\/strong> Gabi Viseu \/ Danilo Ferreira \/ Will Maxwell<strong>\u00a0<\/strong><\/p>\n<p><strong>Produtora de \u00e1udio: <\/strong>DaHouse Audio<\/p>\n<p><strong>Dire\u00e7\u00e3o musical: <\/strong>Silvinho Ern\u00e9 e Lucas Mayer<\/p>\n<p><strong>Produtor musical: <\/strong>Silvinho Ern\u00e9 e Lucas Mayer e Rodrigo Lemos<\/p>\n<p><strong>Mix: <\/strong>Rodrigo Deltoro<\/p>\n<p><strong>Sound design: <\/strong>Silvinho Ern\u00e9<\/p>\n<p><strong>Atendimento: <\/strong>Andrea Oliveira<\/p>\n<p><strong>Coordena\u00e7\u00e3o de produ\u00e7\u00e3o: <\/strong>Andrea Oliveira e Carol Masseti<\/p>\n<p><strong>Celebridades<\/strong>: Leo Santana e Ana Castela<\/p>\n<p><strong>Ag\u00eancia Celebridades:<\/strong> Mynd 8<\/p>\n<p><strong>Aprova\u00e7\u00e3o\/Cliente:<\/strong> Cris Duclos, Jo\u00e3o Clark, Ariel Ferraz, Luciana Branco, Luciana Pedrolo, Juliana Martinha e Adriana Dall Agnol dos Santos.<\/p>\n<p><img loading=\"lazy\" decoding=\"async\" class=\"alignnone size-full wp-image-85901\" src=\"https:\/\/jorgezanoni.com.br\/2019\/wp-content\/uploads\/2024\/05\/sicredi-1-Pequeno.jpg\" alt=\"\" width=\"720\" height=\"480\" srcset=\"https:\/\/jorgezanoni.com.br\/2019\/wp-content\/uploads\/2024\/05\/sicredi-1-Pequeno.jpg 720w, https:\/\/jorgezanoni.com.br\/2019\/wp-content\/uploads\/2024\/05\/sicredi-1-Pequeno-300x200.jpg 300w, https:\/\/jorgezanoni.com.br\/2019\/wp-content\/uploads\/2024\/05\/sicredi-1-Pequeno-696x464.jpg 696w, https:\/\/jorgezanoni.com.br\/2019\/wp-content\/uploads\/2024\/05\/sicredi-1-Pequeno-630x420.jpg 630w\" sizes=\"auto, (max-width: 720px) 100vw, 720px\" \/> <img loading=\"lazy\" decoding=\"async\" class=\"alignnone size-full wp-image-85902\" src=\"https:\/\/jorgezanoni.com.br\/2019\/wp-content\/uploads\/2024\/05\/sicredi-Pequeno.jpg\" alt=\"\" width=\"720\" height=\"480\" srcset=\"https:\/\/jorgezanoni.com.br\/2019\/wp-content\/uploads\/2024\/05\/sicredi-Pequeno.jpg 720w, https:\/\/jorgezanoni.com.br\/2019\/wp-content\/uploads\/2024\/05\/sicredi-Pequeno-300x200.jpg 300w, https:\/\/jorgezanoni.com.br\/2019\/wp-content\/uploads\/2024\/05\/sicredi-Pequeno-696x464.jpg 696w, https:\/\/jorgezanoni.com.br\/2019\/wp-content\/uploads\/2024\/05\/sicredi-Pequeno-630x420.jpg 630w\" sizes=\"auto, (max-width: 720px) 100vw, 720px\" \/><\/p>\n<p>Fonte: Comunica\u00e7\u00e3o e Marketing<\/p>\n<p>&nbsp;<\/p>\n<p>&nbsp;<\/p>\n<p>&nbsp;<\/p>\n<p>&nbsp;<\/p>\n<p>&nbsp;<\/p>\n","protected":false},"excerpt":{"rendered":"<p>Narrativa aposta na evolu\u00e7\u00e3o do posicionamento atual, propondo um novo olhar para os protagonistas da marca. Embalado pelo sucesso da campanha \u201cN\u00e3o \u00e9 s\u00f3 dinheiro, \u00e9 ter com quem contar\u201d, o Sicredi refor\u00e7a seu posicionamento e evolui no movimento da marca em campanha que estreou neste domingo (28). O lan\u00e7amento apresenta um VT com remix [&hellip;]<\/p>\n","protected":false},"author":1,"featured_media":85903,"comment_status":"closed","ping_status":"open","sticky":false,"template":"","format":"standard","meta":{"footnotes":""},"categories":[110,116],"tags":[],"class_list":["post-85900","post","type-post","status-publish","format-standard","has-post-thumbnail","hentry","category-noticiasdestaque","category-politicaeeconomia"],"_links":{"self":[{"href":"https:\/\/jorgezanoni.com.br\/2019\/wp-json\/wp\/v2\/posts\/85900","targetHints":{"allow":["GET"]}}],"collection":[{"href":"https:\/\/jorgezanoni.com.br\/2019\/wp-json\/wp\/v2\/posts"}],"about":[{"href":"https:\/\/jorgezanoni.com.br\/2019\/wp-json\/wp\/v2\/types\/post"}],"author":[{"embeddable":true,"href":"https:\/\/jorgezanoni.com.br\/2019\/wp-json\/wp\/v2\/users\/1"}],"replies":[{"embeddable":true,"href":"https:\/\/jorgezanoni.com.br\/2019\/wp-json\/wp\/v2\/comments?post=85900"}],"version-history":[{"count":1,"href":"https:\/\/jorgezanoni.com.br\/2019\/wp-json\/wp\/v2\/posts\/85900\/revisions"}],"predecessor-version":[{"id":85904,"href":"https:\/\/jorgezanoni.com.br\/2019\/wp-json\/wp\/v2\/posts\/85900\/revisions\/85904"}],"wp:featuredmedia":[{"embeddable":true,"href":"https:\/\/jorgezanoni.com.br\/2019\/wp-json\/wp\/v2\/media\/85903"}],"wp:attachment":[{"href":"https:\/\/jorgezanoni.com.br\/2019\/wp-json\/wp\/v2\/media?parent=85900"}],"wp:term":[{"taxonomy":"category","embeddable":true,"href":"https:\/\/jorgezanoni.com.br\/2019\/wp-json\/wp\/v2\/categories?post=85900"},{"taxonomy":"post_tag","embeddable":true,"href":"https:\/\/jorgezanoni.com.br\/2019\/wp-json\/wp\/v2\/tags?post=85900"}],"curies":[{"name":"wp","href":"https:\/\/api.w.org\/{rel}","templated":true}]}}