{"id":8590,"date":"2019-10-12T22:37:04","date_gmt":"2019-10-12T22:37:04","guid":{"rendered":"https:\/\/jorgezanoni.com.br\/2019\/?p=8590"},"modified":"2019-10-12T22:37:04","modified_gmt":"2019-10-12T22:37:04","slug":"investigacao-conclui-que-ossada-humana-encontrada-em-propriedade-rural-e-de-mineirinho","status":"publish","type":"post","link":"https:\/\/jorgezanoni.com.br\/2019\/investigacao-conclui-que-ossada-humana-encontrada-em-propriedade-rural-e-de-mineirinho\/","title":{"rendered":"Investiga\u00e7\u00e3o conclui que ossada humana encontrada em propriedade rural \u00e9 de Mineirinho"},"content":{"rendered":"<p style=\"text-align: justify;\">A Pol\u00edcia Civil concluiu o inqu\u00e9rito sobre uma ossada humana que foi enco<span class=\"text_exposed_show\">ntrada em uma propriedade rural, em Junqueir\u00f3polis, no dia 16 de janeiro deste ano. Exames de DNA comprovaram ser do Senhor Augusto Dias Ferreira, conhecido como Mineirinho, de 86 anos.<\/span><\/p>\n<div class=\"text_exposed_show\">\n<p style=\"text-align: justify;\">O delegado Eliandro Renato dos Santos afirmou nesta quinta-feira (10\/10) que os restos mortais s\u00e3o do idoso, que tinha desaparecido no final de 2018 da resid\u00eancia de um familiar em Junqueir\u00f3polis, no Jardim Esperan\u00e7a. O inqu\u00e9rito foi finalizado ap\u00f3s a chegada dos laudos periciais.<\/p>\n<p style=\"text-align: justify;\">De acordo com o delegado, o resultado foi obtido atrav\u00e9s do Instituto M\u00e9dico Legal (IML) de S\u00e3o Paulo (SP). Durante o per\u00edodo de investiga\u00e7\u00e3o, os restos mortais permaneceram no IML de Dracena.<\/p>\n<p style=\"text-align: justify;\">Conforme o delegado, a Pol\u00edcia Civil j\u00e1 notificou a fam\u00edlia do idoso para que possa providenciar o sepultamento.<\/p>\n<p style=\"text-align: justify;\">Fonte: G1<\/p>\n<p style=\"text-align: justify;\">Ontem (11), agentes funer\u00e1rios providenciaram a retirada dos restos mortais do IML (Instituto M\u00e9dico Legal) na presen\u00e7a de membro da fam\u00edlia do idoso e providenciaram o sepultamento por volta de 17 Hs. no Cemit\u00e9rio Municipal de Junqueir\u00f3polis.<\/p>\n<p><img loading=\"lazy\" decoding=\"async\" class=\"alignnone size-full wp-image-8591\" src=\"https:\/\/jorgezanoni.com.br\/2019\/wp-content\/uploads\/2019\/10\/osso1.jpg\" alt=\"\" width=\"960\" height=\"540\" srcset=\"https:\/\/jorgezanoni.com.br\/2019\/wp-content\/uploads\/2019\/10\/osso1.jpg 960w, https:\/\/jorgezanoni.com.br\/2019\/wp-content\/uploads\/2019\/10\/osso1-300x169.jpg 300w, https:\/\/jorgezanoni.com.br\/2019\/wp-content\/uploads\/2019\/10\/osso1-768x432.jpg 768w, https:\/\/jorgezanoni.com.br\/2019\/wp-content\/uploads\/2019\/10\/osso1-696x392.jpg 696w, https:\/\/jorgezanoni.com.br\/2019\/wp-content\/uploads\/2019\/10\/osso1-747x420.jpg 747w\" sizes=\"auto, (max-width: 960px) 100vw, 960px\" \/> <img loading=\"lazy\" decoding=\"async\" class=\"alignnone size-full wp-image-8592\" src=\"https:\/\/jorgezanoni.com.br\/2019\/wp-content\/uploads\/2019\/10\/osso2.jpg\" alt=\"\" width=\"960\" height=\"540\" srcset=\"https:\/\/jorgezanoni.com.br\/2019\/wp-content\/uploads\/2019\/10\/osso2.jpg 960w, https:\/\/jorgezanoni.com.br\/2019\/wp-content\/uploads\/2019\/10\/osso2-300x169.jpg 300w, https:\/\/jorgezanoni.com.br\/2019\/wp-content\/uploads\/2019\/10\/osso2-768x432.jpg 768w, https:\/\/jorgezanoni.com.br\/2019\/wp-content\/uploads\/2019\/10\/osso2-696x392.jpg 696w, https:\/\/jorgezanoni.com.br\/2019\/wp-content\/uploads\/2019\/10\/osso2-747x420.jpg 747w\" sizes=\"auto, (max-width: 960px) 100vw, 960px\" \/><img loading=\"lazy\" decoding=\"async\" class=\"alignnone size-full wp-image-8593\" src=\"https:\/\/jorgezanoni.com.br\/2019\/wp-content\/uploads\/2019\/10\/IMG_9531.jpg\" alt=\"\" width=\"900\" height=\"675\" srcset=\"https:\/\/jorgezanoni.com.br\/2019\/wp-content\/uploads\/2019\/10\/IMG_9531.jpg 900w, https:\/\/jorgezanoni.com.br\/2019\/wp-content\/uploads\/2019\/10\/IMG_9531-300x225.jpg 300w, https:\/\/jorgezanoni.com.br\/2019\/wp-content\/uploads\/2019\/10\/IMG_9531-768x576.jpg 768w, https:\/\/jorgezanoni.com.br\/2019\/wp-content\/uploads\/2019\/10\/IMG_9531-80x60.jpg 80w, https:\/\/jorgezanoni.com.br\/2019\/wp-content\/uploads\/2019\/10\/IMG_9531-265x198.jpg 265w, https:\/\/jorgezanoni.com.br\/2019\/wp-content\/uploads\/2019\/10\/IMG_9531-696x522.jpg 696w, https:\/\/jorgezanoni.com.br\/2019\/wp-content\/uploads\/2019\/10\/IMG_9531-560x420.jpg 560w\" sizes=\"auto, (max-width: 900px) 100vw, 900px\" \/> <img loading=\"lazy\" decoding=\"async\" class=\"alignnone size-full wp-image-8594\" src=\"https:\/\/jorgezanoni.com.br\/2019\/wp-content\/uploads\/2019\/10\/IMG_9532.jpg\" alt=\"\" width=\"900\" height=\"675\" srcset=\"https:\/\/jorgezanoni.com.br\/2019\/wp-content\/uploads\/2019\/10\/IMG_9532.jpg 900w, https:\/\/jorgezanoni.com.br\/2019\/wp-content\/uploads\/2019\/10\/IMG_9532-300x225.jpg 300w, https:\/\/jorgezanoni.com.br\/2019\/wp-content\/uploads\/2019\/10\/IMG_9532-768x576.jpg 768w, https:\/\/jorgezanoni.com.br\/2019\/wp-content\/uploads\/2019\/10\/IMG_9532-80x60.jpg 80w, https:\/\/jorgezanoni.com.br\/2019\/wp-content\/uploads\/2019\/10\/IMG_9532-265x198.jpg 265w, https:\/\/jorgezanoni.com.br\/2019\/wp-content\/uploads\/2019\/10\/IMG_9532-696x522.jpg 696w, https:\/\/jorgezanoni.com.br\/2019\/wp-content\/uploads\/2019\/10\/IMG_9532-560x420.jpg 560w\" sizes=\"auto, (max-width: 900px) 100vw, 900px\" \/> <img loading=\"lazy\" decoding=\"async\" class=\"alignnone size-full wp-image-8595\" src=\"https:\/\/jorgezanoni.com.br\/2019\/wp-content\/uploads\/2019\/10\/IMG_9533.jpg\" alt=\"\" width=\"900\" height=\"675\" srcset=\"https:\/\/jorgezanoni.com.br\/2019\/wp-content\/uploads\/2019\/10\/IMG_9533.jpg 900w, https:\/\/jorgezanoni.com.br\/2019\/wp-content\/uploads\/2019\/10\/IMG_9533-300x225.jpg 300w, https:\/\/jorgezanoni.com.br\/2019\/wp-content\/uploads\/2019\/10\/IMG_9533-768x576.jpg 768w, https:\/\/jorgezanoni.com.br\/2019\/wp-content\/uploads\/2019\/10\/IMG_9533-80x60.jpg 80w, https:\/\/jorgezanoni.com.br\/2019\/wp-content\/uploads\/2019\/10\/IMG_9533-265x198.jpg 265w, https:\/\/jorgezanoni.com.br\/2019\/wp-content\/uploads\/2019\/10\/IMG_9533-696x522.jpg 696w, https:\/\/jorgezanoni.com.br\/2019\/wp-content\/uploads\/2019\/10\/IMG_9533-560x420.jpg 560w\" sizes=\"auto, (max-width: 900px) 100vw, 900px\" \/><\/p>\n<p style=\"text-align: justify;\">Jorge Zanoni<\/p>\n<p>&nbsp;<\/p>\n<p>&nbsp;<\/p>\n<\/div>\n","protected":false},"excerpt":{"rendered":"<p>A Pol\u00edcia Civil concluiu o inqu\u00e9rito sobre uma ossada humana que foi encontrada em uma propriedade rural, em Junqueir\u00f3polis, no dia 16 de janeiro deste ano. Exames de DNA comprovaram ser do Senhor Augusto Dias Ferreira, conhecido como Mineirinho, de 86 anos. O delegado Eliandro Renato dos Santos afirmou nesta quinta-feira (10\/10) que os restos [&hellip;]<\/p>\n","protected":false},"author":1,"featured_media":8596,"comment_status":"closed","ping_status":"open","sticky":false,"template":"","format":"standard","meta":{"footnotes":""},"categories":[110,2],"tags":[],"class_list":["post-8590","post","type-post","status-publish","format-standard","has-post-thumbnail","hentry","category-noticiasdestaque","category-policial"],"_links":{"self":[{"href":"https:\/\/jorgezanoni.com.br\/2019\/wp-json\/wp\/v2\/posts\/8590","targetHints":{"allow":["GET"]}}],"collection":[{"href":"https:\/\/jorgezanoni.com.br\/2019\/wp-json\/wp\/v2\/posts"}],"about":[{"href":"https:\/\/jorgezanoni.com.br\/2019\/wp-json\/wp\/v2\/types\/post"}],"author":[{"embeddable":true,"href":"https:\/\/jorgezanoni.com.br\/2019\/wp-json\/wp\/v2\/users\/1"}],"replies":[{"embeddable":true,"href":"https:\/\/jorgezanoni.com.br\/2019\/wp-json\/wp\/v2\/comments?post=8590"}],"version-history":[{"count":0,"href":"https:\/\/jorgezanoni.com.br\/2019\/wp-json\/wp\/v2\/posts\/8590\/revisions"}],"wp:featuredmedia":[{"embeddable":true,"href":"https:\/\/jorgezanoni.com.br\/2019\/wp-json\/wp\/v2\/media\/8596"}],"wp:attachment":[{"href":"https:\/\/jorgezanoni.com.br\/2019\/wp-json\/wp\/v2\/media?parent=8590"}],"wp:term":[{"taxonomy":"category","embeddable":true,"href":"https:\/\/jorgezanoni.com.br\/2019\/wp-json\/wp\/v2\/categories?post=8590"},{"taxonomy":"post_tag","embeddable":true,"href":"https:\/\/jorgezanoni.com.br\/2019\/wp-json\/wp\/v2\/tags?post=8590"}],"curies":[{"name":"wp","href":"https:\/\/api.w.org\/{rel}","templated":true}]}}