{"id":85840,"date":"2024-04-30T22:47:53","date_gmt":"2024-04-30T22:47:53","guid":{"rendered":"https:\/\/jorgezanoni.com.br\/2019\/?p=85840"},"modified":"2024-05-02T15:34:13","modified_gmt":"2024-05-02T15:34:13","slug":"central-de-policia-judiciaria-recebe-o-nome-do-delegado-dr-edmircio-ferreira-dos-santos","status":"publish","type":"post","link":"https:\/\/jorgezanoni.com.br\/2019\/central-de-policia-judiciaria-recebe-o-nome-do-delegado-dr-edmircio-ferreira-dos-santos\/","title":{"rendered":"Central de Pol\u00edcia Judici\u00e1ria recebe o nome do Delegado Dr. Edm\u00edrcio Ferreira dos Santos"},"content":{"rendered":"<h3 class=\"post-title entry-title\"><img loading=\"lazy\" decoding=\"async\" class=\"alignnone size-full wp-image-85841\" src=\"https:\/\/jorgezanoni.com.br\/2019\/wp-content\/uploads\/2024\/04\/China-1.jpg\" alt=\"\" width=\"458\" height=\"628\" srcset=\"https:\/\/jorgezanoni.com.br\/2019\/wp-content\/uploads\/2024\/04\/China-1.jpg 458w, https:\/\/jorgezanoni.com.br\/2019\/wp-content\/uploads\/2024\/04\/China-1-219x300.jpg 219w, https:\/\/jorgezanoni.com.br\/2019\/wp-content\/uploads\/2024\/04\/China-1-306x420.jpg 306w\" sizes=\"auto, (max-width: 458px) 100vw, 458px\" \/><\/h3>\n<p style=\"text-align: justify;\">Lei denomina o pr\u00e9dio da Central de Pol\u00edcia Judici\u00e1ria de Dracena como &#8220;Dr. Edmircio Ferreira dos Santos<\/p>\n<p style=\"text-align: justify;\">O Governo do Estado de S\u00e3o Paulo anunciou hoje a promulga\u00e7\u00e3o da Lei n\u00ba 17.926, sancionada em 26 de abril de 2024, que denomina o pr\u00e9dio da Central de Pol\u00edcia Judici\u00e1ria de Dracena como &#8220;Dr. Edmircio Ferreira dos Santos&#8221;. Esta lei \u00e9 um reconhecimento ao not\u00e1vel servi\u00e7o e dedica\u00e7\u00e3o do Dr. Edmircio Ferreira dos Santos \u00e0s quest\u00f5es de seguran\u00e7a p\u00fablica na regi\u00e3o.<\/p>\n<p style=\"text-align: justify;\">A lei foi proposta pelo Deputado Mauro Bragato (PSDB) e passou por todas as etapas legislativas necess\u00e1rias antes de receber a san\u00e7\u00e3o do Governador Tarc\u00edsio de Freitas. A cerim\u00f4nia de san\u00e7\u00e3o contou com a presen\u00e7a de figuras not\u00e1veis como Guilherme Muraro Derrite, Secret\u00e1rio de Seguran\u00e7a P\u00fablica; Gilberto Kassab, Secret\u00e1rio de Governo e Rela\u00e7\u00f5es Institucionais; e Arthur Luis Pinho de Lima, Secret\u00e1rio-Chefe da Casa Civil.<\/p>\n<p style=\"text-align: justify;\">A nova nomenclatura do pr\u00e9dio entra em vigor imediatamente com a publica\u00e7\u00e3o da lei, reafirmando o compromisso do estado em honrar aqueles que dedicam suas vidas ao servi\u00e7o p\u00fablico.<\/p>\n<div class=\"post-header\">\n<div class=\"post-header-line-1\"><\/div>\n<\/div>\n<div id=\"post-body-4099910478946421919\" class=\"post-body entry-content\">\n<p>&nbsp;<\/p>\n<\/div>\n","protected":false},"excerpt":{"rendered":"<p>Lei denomina o pr\u00e9dio da Central de Pol\u00edcia Judici\u00e1ria de Dracena como &#8220;Dr. Edmircio Ferreira dos Santos O Governo do Estado de S\u00e3o Paulo anunciou hoje a promulga\u00e7\u00e3o da Lei n\u00ba 17.926, sancionada em 26 de abril de 2024, que denomina o pr\u00e9dio da Central de Pol\u00edcia Judici\u00e1ria de Dracena como &#8220;Dr. Edmircio Ferreira dos [&hellip;]<\/p>\n","protected":false},"author":1,"featured_media":85842,"comment_status":"closed","ping_status":"open","sticky":false,"template":"","format":"standard","meta":{"footnotes":""},"categories":[110,2],"tags":[],"class_list":["post-85840","post","type-post","status-publish","format-standard","has-post-thumbnail","hentry","category-noticiasdestaque","category-policial"],"_links":{"self":[{"href":"https:\/\/jorgezanoni.com.br\/2019\/wp-json\/wp\/v2\/posts\/85840","targetHints":{"allow":["GET"]}}],"collection":[{"href":"https:\/\/jorgezanoni.com.br\/2019\/wp-json\/wp\/v2\/posts"}],"about":[{"href":"https:\/\/jorgezanoni.com.br\/2019\/wp-json\/wp\/v2\/types\/post"}],"author":[{"embeddable":true,"href":"https:\/\/jorgezanoni.com.br\/2019\/wp-json\/wp\/v2\/users\/1"}],"replies":[{"embeddable":true,"href":"https:\/\/jorgezanoni.com.br\/2019\/wp-json\/wp\/v2\/comments?post=85840"}],"version-history":[{"count":2,"href":"https:\/\/jorgezanoni.com.br\/2019\/wp-json\/wp\/v2\/posts\/85840\/revisions"}],"predecessor-version":[{"id":85877,"href":"https:\/\/jorgezanoni.com.br\/2019\/wp-json\/wp\/v2\/posts\/85840\/revisions\/85877"}],"wp:featuredmedia":[{"embeddable":true,"href":"https:\/\/jorgezanoni.com.br\/2019\/wp-json\/wp\/v2\/media\/85842"}],"wp:attachment":[{"href":"https:\/\/jorgezanoni.com.br\/2019\/wp-json\/wp\/v2\/media?parent=85840"}],"wp:term":[{"taxonomy":"category","embeddable":true,"href":"https:\/\/jorgezanoni.com.br\/2019\/wp-json\/wp\/v2\/categories?post=85840"},{"taxonomy":"post_tag","embeddable":true,"href":"https:\/\/jorgezanoni.com.br\/2019\/wp-json\/wp\/v2\/tags?post=85840"}],"curies":[{"name":"wp","href":"https:\/\/api.w.org\/{rel}","templated":true}]}}