{"id":85821,"date":"2024-04-29T16:20:27","date_gmt":"2024-04-29T16:20:27","guid":{"rendered":"https:\/\/jorgezanoni.com.br\/2019\/?p=85821"},"modified":"2024-04-29T16:20:27","modified_gmt":"2024-04-29T16:20:27","slug":"policia-militar-prende-homem-por-furto-em-dracena","status":"publish","type":"post","link":"https:\/\/jorgezanoni.com.br\/2019\/policia-militar-prende-homem-por-furto-em-dracena\/","title":{"rendered":"Pol\u00edcia Militar prende homem por furto em Dracena"},"content":{"rendered":"<p style=\"text-align: justify;\">Na data de ontem (28), por volta das 19h00, policiais militares do 25\u00ba Batalh\u00e3o de Pol\u00edcia Militar do Interior, foram acionadas para atendimento de ocorr\u00eancia em que um poss\u00edvel autor de furto em estabelecimento comercial a uma senhora, boletim de ocorr\u00eancia j\u00e1 confeccionado anteriormente por outra equipe policial. A v\u00edtima relatou que o indiv\u00edduo aproveitou sua distra\u00e7\u00e3o no caixa do supermercado e tomou posse de R$ 800,00 reais e se evadiu logo em seguida. A propriet\u00e1ria do estabelecimento conheceu com clareza o autor que \u00e9 vizinho onde este foi localizado \u00e0 noite, defronte \u00e0 rodovi\u00e1ria, a propriet\u00e1ria ent\u00e3o acionou a equipe policial, que ap\u00f3s dilig\u00eancias tiveram \u00eaxito em abord\u00e1-lo, masculino 36 anos, sendo localizado com o autor R$ 50,00 reais, n\u00e3o afirmou a pr\u00e1tica do furto, por\u00e9m reconhecido pela v\u00edtima.<br \/>\nDiante dos fatos, partes foram encaminhadas ao Plant\u00e3o Policial, ficando o indiv\u00edduo \u00e0 disposi\u00e7\u00e3o da Justi\u00e7a e o valor de R$ 50,00 reais foi devolvido \u00e0 v\u00edtima.<\/p>\n<p>Fonte: Com. Social Pol\u00edcia Militar<\/p>\n","protected":false},"excerpt":{"rendered":"<p>Na data de ontem (28), por volta das 19h00, policiais militares do 25\u00ba Batalh\u00e3o de Pol\u00edcia Militar do Interior, foram acionadas para atendimento de ocorr\u00eancia em que um poss\u00edvel autor de furto em estabelecimento comercial a uma senhora, boletim de ocorr\u00eancia j\u00e1 confeccionado anteriormente por outra equipe policial. A v\u00edtima relatou que o indiv\u00edduo aproveitou [&hellip;]<\/p>\n","protected":false},"author":1,"featured_media":85822,"comment_status":"closed","ping_status":"open","sticky":false,"template":"","format":"standard","meta":{"footnotes":""},"categories":[110,2],"tags":[],"class_list":["post-85821","post","type-post","status-publish","format-standard","has-post-thumbnail","hentry","category-noticiasdestaque","category-policial"],"_links":{"self":[{"href":"https:\/\/jorgezanoni.com.br\/2019\/wp-json\/wp\/v2\/posts\/85821","targetHints":{"allow":["GET"]}}],"collection":[{"href":"https:\/\/jorgezanoni.com.br\/2019\/wp-json\/wp\/v2\/posts"}],"about":[{"href":"https:\/\/jorgezanoni.com.br\/2019\/wp-json\/wp\/v2\/types\/post"}],"author":[{"embeddable":true,"href":"https:\/\/jorgezanoni.com.br\/2019\/wp-json\/wp\/v2\/users\/1"}],"replies":[{"embeddable":true,"href":"https:\/\/jorgezanoni.com.br\/2019\/wp-json\/wp\/v2\/comments?post=85821"}],"version-history":[{"count":1,"href":"https:\/\/jorgezanoni.com.br\/2019\/wp-json\/wp\/v2\/posts\/85821\/revisions"}],"predecessor-version":[{"id":85823,"href":"https:\/\/jorgezanoni.com.br\/2019\/wp-json\/wp\/v2\/posts\/85821\/revisions\/85823"}],"wp:featuredmedia":[{"embeddable":true,"href":"https:\/\/jorgezanoni.com.br\/2019\/wp-json\/wp\/v2\/media\/85822"}],"wp:attachment":[{"href":"https:\/\/jorgezanoni.com.br\/2019\/wp-json\/wp\/v2\/media?parent=85821"}],"wp:term":[{"taxonomy":"category","embeddable":true,"href":"https:\/\/jorgezanoni.com.br\/2019\/wp-json\/wp\/v2\/categories?post=85821"},{"taxonomy":"post_tag","embeddable":true,"href":"https:\/\/jorgezanoni.com.br\/2019\/wp-json\/wp\/v2\/tags?post=85821"}],"curies":[{"name":"wp","href":"https:\/\/api.w.org\/{rel}","templated":true}]}}