{"id":8580,"date":"2019-10-12T20:35:02","date_gmt":"2019-10-12T20:35:02","guid":{"rendered":"https:\/\/jorgezanoni.com.br\/2019\/?p=8580"},"modified":"2019-10-12T20:38:05","modified_gmt":"2019-10-12T20:38:05","slug":"em-6-meses-de-operacao-8o-baep-contabiliza-apreensao-de-mais-de-15-tonelada-de-drogas-e-quase-200-prisoes-em-flagrante","status":"publish","type":"post","link":"https:\/\/jorgezanoni.com.br\/2019\/em-6-meses-de-operacao-8o-baep-contabiliza-apreensao-de-mais-de-15-tonelada-de-drogas-e-quase-200-prisoes-em-flagrante\/","title":{"rendered":"Em 6 meses de opera\u00e7\u00e3o, 8\u00ba Baep contabiliza apreens\u00e3o de mais de 1,5 tonelada de drogas e quase 200 pris\u00f5es em flagrante"},"content":{"rendered":"<h2 class=\"content-head__subtitle\" style=\"text-align: justify;\"><strong>Produtividade \u00e9 resultado de ferramentas como abordagens e fiscaliza\u00e7\u00f5es na \u00e1rea do CPI-8, que abrange a regi\u00e3o de Presidente Prudente. Tropa \u00e9 submetida a constantes treinamentos.<\/strong><\/h2>\n<p style=\"text-align: justify;\"><img loading=\"lazy\" decoding=\"async\" class=\"alignnone size-full wp-image-8581\" src=\"https:\/\/jorgezanoni.com.br\/2019\/wp-content\/uploads\/2019\/10\/baep.jpg\" alt=\"\" width=\"1600\" height=\"1057\" srcset=\"https:\/\/jorgezanoni.com.br\/2019\/wp-content\/uploads\/2019\/10\/baep.jpg 1600w, https:\/\/jorgezanoni.com.br\/2019\/wp-content\/uploads\/2019\/10\/baep-300x198.jpg 300w, https:\/\/jorgezanoni.com.br\/2019\/wp-content\/uploads\/2019\/10\/baep-768x507.jpg 768w, https:\/\/jorgezanoni.com.br\/2019\/wp-content\/uploads\/2019\/10\/baep-1024x676.jpg 1024w, https:\/\/jorgezanoni.com.br\/2019\/wp-content\/uploads\/2019\/10\/baep-696x460.jpg 696w, https:\/\/jorgezanoni.com.br\/2019\/wp-content\/uploads\/2019\/10\/baep-1068x706.jpg 1068w, https:\/\/jorgezanoni.com.br\/2019\/wp-content\/uploads\/2019\/10\/baep-636x420.jpg 636w\" sizes=\"auto, (max-width: 1600px) 100vw, 1600px\" \/>Diversos treinamentos s\u00e3o realizados constantemente \u2014 Foto: Stephanie Fonseca<\/p>\n<div class=\"mc-column content-text active-extra-styles \" style=\"text-align: justify;\" data-block-type=\"unstyled\" data-block-weight=\"66\" data-block-id=\"2\">\n<p class=\"content-text__container \" data-track-category=\"Link no Texto\" data-track-links=\"\">Desde a primeira especula\u00e7\u00e3o, a vinda de uma unidade do Batalh\u00e3o de A\u00e7\u00f5es Especiais de Pol\u00edcia \u00e0 regi\u00e3o de\u00a0<a href=\"https:\/\/g1.globo.com\/sp\/presidente-prudente-regiao\/cidade\/presidente-prudente\/\">Presidente Prudente\u00a0<\/a>gerou expectativas \u00e0 popula\u00e7\u00e3o civil e a policiais militares. Previs\u00f5es ali, ajustes acol\u00e1, at\u00e9 que foi \u201cbatido o martelo\u201d. E ap\u00f3s tanta prepara\u00e7\u00e3o, em 11 de abril, h\u00e1 exatos seis meses, o 8\u00ba Baep foi inaugurado e apresenta resultados satisfat\u00f3rios para o comando da tropa.<\/p>\n<\/div>\n<div class=\"wall protected-content\">\n<div class=\"mc-column content-text active-extra-styles \" style=\"text-align: justify;\" data-block-type=\"unstyled\" data-block-weight=\"32\" data-block-id=\"3\">\n<p class=\"content-text__container \" data-track-category=\"Link no Texto\" data-track-links=\"\">A produtividade arremata uma s\u00e9rie de prepara\u00e7\u00f5es e de trabalhos realizados todos os dias pelas equipes, conforme explicou ao\u00a0<strong>G1\u00a0<\/strong>o tenente-coronel Carlos Vitor Negri da Silva, comandante do 8\u00ba Baep.<\/p>\n<\/div>\n<div class=\"mc-column content-text active-extra-styles\" style=\"text-align: justify;\" data-block-type=\"raw\" data-block-weight=\"29\" data-block-id=\"4\">\n<blockquote class=\"content-blockquote theme-border-color-primary-before\"><p>\u201cA busca pessoal, fiscaliza\u00e7\u00e3o de ve\u00edculos, fiscaliza\u00e7\u00e3o em estabelecimentos comerciais s\u00e3o as ferramentas que o policiamento, principalmente o Baep, se utiliza para alcan\u00e7ar resultados\u201d, destacou ao\u00a0<strong>G1\u00a0<\/strong>o oficial.<\/p><\/blockquote>\n<\/div>\n<div class=\"mc-column content-text active-extra-styles \" style=\"text-align: justify;\" data-block-type=\"unstyled\" data-block-weight=\"67\" data-block-id=\"5\">\n<p class=\"content-text__container \" data-track-category=\"Link no Texto\" data-track-links=\"\">E os resultados est\u00e3o dentro do esperado, conforme o tenente-coronel. Desde o primeiro dia de atua\u00e7\u00e3o das equipes de Baep nas regi\u00f5es de Presidente Prudente e de Assis, \u00e1reas de abrang\u00eancia do 8\u00ba Comando de Policiamento do Interior (CPI-8), at\u00e9 as 23h59 de 9 de outubro, foram 11.555 abordagens pessoais e 1.807 condutores de ve\u00edculos fiscalizados, principais ferramentas do trabalho policial, segundo informa\u00e7\u00f5es do Batalh\u00e3o ao\u00a0<strong>G1<\/strong>.<\/p>\n<\/div>\n<div class=\"mc-column content-text active-extra-styles\" style=\"text-align: justify;\" data-block-type=\"raw\" data-block-weight=\"6\" data-block-id=\"6\">\n<div class=\"content-intertitle\">\n<h2>Confira na tabela abaixo a produtividade:<\/h2>\n<\/div>\n<\/div>\n<div class=\"content-ads content-ads--reveal\" style=\"text-align: justify;\" data-block-type=\"ads\" data-block-id=\"7\">\n<div id=\"banner_materia2\" class=\"tag-manager-publicidade-container mc-has-reveal mc-has-ad-lazyload tag-manager-publicidade-banner_materia2 tag-manager-publicidade-container--carregado tag-manager-publicidade-container--visivel\" data-id=\"banner_materia2\" data-google-query-id=\"CIKgo9vHl-UCFTIIZQodMBsA1g\" data-cid=\"138290457327\" data-lid=\"5194654777\">\n<div id=\"google_ads_iframe_\/95377733\/tvg_G1\/Sua_Regiao&gt;Sudeste&gt;Sao_Paulo_(Pres_Prudente)_2__container__\" style=\"box-sizing: inherit; margin: auto; padding: 0px; border: 0pt none; font: inherit; vertical-align: baseline; width: 970px; max-width: 100%; text-align: center;\">Produtividade no 1\u00ba semestre<\/div>\n<\/div>\n<\/div>\n<div class=\"row medium-uncollapsed content-text\" style=\"text-align: justify;\" data-block-type=\"table-plugin\" data-block-id=\"8\">\n<div class=\"column medium-centered medium-22 large-20\">\n<div class=\"show-table content-media content-media--normal\">\n<div class=\"show-table__centralized\">\n<div class=\"show-table__container\">\n<table class=\"show-table__content show-table__content--highlight-top show-table__content--highlight-left show-table__content--highlight-right \">\n<tbody>\n<tr>\n<td>Atendimento<\/td>\n<td>abril<\/td>\n<td>maio<\/td>\n<td>junho<\/td>\n<td>julho<\/td>\n<td>agosto<\/td>\n<td>setembro<\/td>\n<td>outubro<\/td>\n<td>total<\/td>\n<\/tr>\n<tr>\n<td>N\u00ba de ocorr\u00eancias atendidas<\/td>\n<td>17<\/td>\n<td>35<\/td>\n<td>26<\/td>\n<td>33<\/td>\n<td>60<\/td>\n<td>65<\/td>\n<td>12<\/td>\n<td>248<\/td>\n<\/tr>\n<tr>\n<td>Busca\/abordagem pessoal<\/td>\n<td>1.403<\/td>\n<td>2.213<\/td>\n<td>1.498<\/td>\n<td>1.591<\/td>\n<td>2.224<\/td>\n<td>2.133<\/td>\n<td>493<\/td>\n<td>11.555<\/td>\n<\/tr>\n<tr>\n<td>Condutores fiscalizados<\/td>\n<td>220<\/td>\n<td>317<\/td>\n<td>308<\/td>\n<td>292<\/td>\n<td>289<\/td>\n<td>325<\/td>\n<td>56<\/td>\n<td>1.807<\/td>\n<\/tr>\n<tr>\n<td>Condutores autuados<\/td>\n<td>0<\/td>\n<td>2<\/td>\n<td>0<\/td>\n<td>4<\/td>\n<td>1<\/td>\n<td>0<\/td>\n<td>0<\/td>\n<td>8<\/td>\n<\/tr>\n<tr>\n<td>Ve\u00edculos autuados<\/td>\n<td>1<\/td>\n<td>2<\/td>\n<td>0<\/td>\n<td>1<\/td>\n<td>2<\/td>\n<td>1<\/td>\n<td>0<\/td>\n<td>7<\/td>\n<\/tr>\n<tr>\n<td>Ve\u00edculos recolhidos<\/td>\n<td>1<\/td>\n<td>1<\/td>\n<td>6<\/td>\n<td>0<\/td>\n<td>2<\/td>\n<td>0<\/td>\n<td>0<\/td>\n<td>10<\/td>\n<\/tr>\n<tr>\n<td>Atos infracionais<\/td>\n<td>3<\/td>\n<td>1<\/td>\n<td>2<\/td>\n<td>1<\/td>\n<td>6<\/td>\n<td>3<\/td>\n<td>3<\/td>\n<td>19<\/td>\n<\/tr>\n<tr>\n<td>Menores sindicados\/apreendidos<\/td>\n<td>3<\/td>\n<td>1<\/td>\n<td>2<\/td>\n<td>2<\/td>\n<td>7<\/td>\n<td>3<\/td>\n<td>3<\/td>\n<td>21<\/td>\n<\/tr>\n<tr>\n<td>Tr\u00e1fico de drogas (exceto crack)<\/td>\n<td>3<\/td>\n<td>7<\/td>\n<td>11<\/td>\n<td>17<\/td>\n<td>21<\/td>\n<td>16<\/td>\n<td>4<\/td>\n<td>79<\/td>\n<\/tr>\n<tr>\n<td>Tr\u00e1fico de crack<\/td>\n<td>0<\/td>\n<td>9<\/td>\n<td>3<\/td>\n<td>3<\/td>\n<td>4<\/td>\n<td>2<\/td>\n<td>4<\/td>\n<td>25<\/td>\n<\/tr>\n<tr>\n<td>Porte\/uso de drogas (exceto crack)<\/td>\n<td>0<\/td>\n<td>1<\/td>\n<td>0<\/td>\n<td>0<\/td>\n<td>2<\/td>\n<td>2<\/td>\n<td>0<\/td>\n<td>5<\/td>\n<\/tr>\n<tr>\n<td>Porte\/uso de crack<\/td>\n<td>0<\/td>\n<td>0<\/td>\n<td>0<\/td>\n<td>2<\/td>\n<td>1<\/td>\n<td>0<\/td>\n<td>0<\/td>\n<td>3<\/td>\n<\/tr>\n<tr>\n<td>Furto (exceto ve\u00edculo)<\/td>\n<td>0<\/td>\n<td>1<\/td>\n<td>0<\/td>\n<td>0<\/td>\n<td>0<\/td>\n<td>0<\/td>\n<td>0<\/td>\n<td>1<\/td>\n<\/tr>\n<tr>\n<td>Roubo (exceto ve\u00edculo)<\/td>\n<td>0<\/td>\n<td>1<\/td>\n<td>0<\/td>\n<td>0<\/td>\n<td>0<\/td>\n<td>0<\/td>\n<td>0<\/td>\n<td>1<\/td>\n<\/tr>\n<tr>\n<td>Flagrantes<\/td>\n<td>4<\/td>\n<td>17<\/td>\n<td>20<\/td>\n<td>20<\/td>\n<td>28<\/td>\n<td>21<\/td>\n<td>10<\/td>\n<td>120<\/td>\n<\/tr>\n<tr>\n<td>Pessoas presas em flagrante<\/td>\n<td>8<\/td>\n<td>21<\/td>\n<td>29<\/td>\n<td>23<\/td>\n<td>40<\/td>\n<td>30<\/td>\n<td>10<\/td>\n<td>161<\/td>\n<\/tr>\n<tr>\n<td>Procurados capturados<\/td>\n<td>8<\/td>\n<td>6<\/td>\n<td>11<\/td>\n<td>8<\/td>\n<td>9<\/td>\n<td>13<\/td>\n<td>4<\/td>\n<td>59<\/td>\n<\/tr>\n<tr>\n<td>Armas de fogo apreendidas<\/td>\n<td>3<\/td>\n<td>5<\/td>\n<td>8<\/td>\n<td>3<\/td>\n<td>10<\/td>\n<td>3<\/td>\n<td>2<\/td>\n<td>34<\/td>\n<\/tr>\n<tr>\n<td>Armas brancas apreendidas<\/td>\n<td>0<\/td>\n<td>2<\/td>\n<td>0<\/td>\n<td>0<\/td>\n<td>2<\/td>\n<td>0<\/td>\n<td>0<\/td>\n<td>4<\/td>\n<\/tr>\n<tr>\n<td>Ve\u00edculos recuperados<\/td>\n<td>1<\/td>\n<td>2<\/td>\n<td>0<\/td>\n<td>1<\/td>\n<td>1<\/td>\n<td>1<\/td>\n<td>0<\/td>\n<td>6<\/td>\n<\/tr>\n<tr>\n<td>Coca\u00edna apreendida (em quilo)<\/td>\n<td>0,458<\/td>\n<td>0,052<\/td>\n<td>1,456<\/td>\n<td>0,128<\/td>\n<td>8,497<\/td>\n<td>1,185<\/td>\n<td>1,072<\/td>\n<td>11,848<\/td>\n<\/tr>\n<tr>\n<td>Crack apreendido (kg)<\/td>\n<td>0,005<\/td>\n<td>0,730<\/td>\n<td>0,066<\/td>\n<td>0,156<\/td>\n<td>0,561<\/td>\n<td>0,502<\/td>\n<td>0,417<\/td>\n<td>2,437<\/td>\n<\/tr>\n<tr>\n<td>Maconha apreendida (kg)<\/td>\n<td>0,814<\/td>\n<td>2,261<\/td>\n<td>844,206<\/td>\n<td>107,822<\/td>\n<td>525,780<\/td>\n<td>6,543<\/td>\n<td>0,792<\/td>\n<td>1.488,218<\/td>\n<\/tr>\n<tr>\n<td>Outras drogas (kg)<\/td>\n<td>0<\/td>\n<td>0<\/td>\n<td>0,646<\/td>\n<td>2,061<\/td>\n<td>0<\/td>\n<td>0,840<\/td>\n<td>0<\/td>\n<td>3,547<\/td>\n<\/tr>\n<\/tbody>\n<\/table>\n<\/div>\n<div class=\"show-table__footer\">\n<div class=\"show-table__source\">Fonte: 8\u00ba Baep\/Pol\u00edcia Militar<\/div>\n<\/div>\n<\/div>\n<\/div>\n<\/div>\n<\/div>\n<div class=\"mc-column content-text active-extra-styles \" style=\"text-align: justify;\" data-block-type=\"unstyled\" data-block-weight=\"31\" data-block-id=\"9\">\n<p class=\"content-text__container \" data-track-category=\"Link no Texto\" data-track-links=\"\">A quantidade de drogas apreendidas chama a aten\u00e7\u00e3o. No per\u00edodo de quase seis meses, mais de 1,5 tonelada \u2013 entre coca\u00edna, crack, maconha e outros entorpecentes \u2013 foi tirada das ruas.<\/p>\n<\/div>\n<div class=\"mc-column content-text active-extra-styles\" style=\"text-align: justify;\" data-block-type=\"raw\" data-block-weight=\"34\" data-block-id=\"10\">\n<blockquote class=\"content-blockquote theme-border-color-primary-before\"><p>\u201cAlguns entorpecentes nos surpreendem pela forma como s\u00e3o armazenados at\u00e9 para escapar da fiscaliza\u00e7\u00e3o e da apreens\u00e3o, como \u00e9 o caso da coca\u00edna; coca\u00edna sint\u00e9tica, em pasta, em resina. Isso \u00e9 bastante surpreendente\u201d, comentou.<\/p><\/blockquote>\n<\/div>\n<div class=\"mc-column content-text active-extra-styles \" style=\"text-align: justify;\" data-block-type=\"unstyled\" data-block-weight=\"48\" data-block-id=\"11\">\n<p class=\"content-text__container \" data-track-category=\"Link no Texto\" data-track-links=\"\">Quando se trata de ocorr\u00eancias envolvendo drogas, h\u00e1 diversas vari\u00e1veis, conforme explicou ao\u00a0<strong>G1\u00a0<\/strong>o comandante do Batalh\u00e3o. \u201cH\u00e1 apreens\u00f5es grandes com poucas pessoas envolvidas e apreens\u00f5es de pequena quantidade, que s\u00e3o as respons\u00e1veis pelo maior n\u00famero de pris\u00f5es de pessoas em flagrante no tr\u00e1fico de drogas\u201d, disse.<\/p>\n<\/div>\n<div class=\"mc-column content-text active-extra-styles \" style=\"text-align: justify;\" data-block-type=\"unstyled\" data-block-weight=\"35\" data-block-id=\"12\">\n<p class=\"content-text__container \" data-track-category=\"Link no Texto\" data-track-links=\"\">Conforme o comandante, essas pris\u00f5es de envolvidos com quantidade menor de entorpecente geralmente ocorrem na \u00e1rea urbana e uma participa\u00e7\u00e3o muito importante \u00e9 a do Canil, com grupamentos em Presidente Prudente e em Assis.<\/p>\n<\/div>\n<div class=\"mc-column content-text active-extra-styles \" data-block-type=\"unstyled\" data-block-weight=\"13\" data-block-id=\"13\">\n<p class=\"content-text__container \" style=\"text-align: justify;\" data-track-category=\"Link no Texto\" data-track-links=\"\">O apoio dos c\u00e3es est\u00e1 \u00e0 disposi\u00e7\u00e3o de todos os programas de policiamento.<\/p>\n<p data-track-category=\"Link no Texto\" data-track-links=\"\"><img loading=\"lazy\" decoding=\"async\" class=\"alignnone size-full wp-image-8582\" src=\"https:\/\/jorgezanoni.com.br\/2019\/wp-content\/uploads\/2019\/10\/baep1.jpeg\" alt=\"\" width=\"1600\" height=\"1066\" srcset=\"https:\/\/jorgezanoni.com.br\/2019\/wp-content\/uploads\/2019\/10\/baep1.jpeg 1600w, https:\/\/jorgezanoni.com.br\/2019\/wp-content\/uploads\/2019\/10\/baep1-300x200.jpeg 300w, https:\/\/jorgezanoni.com.br\/2019\/wp-content\/uploads\/2019\/10\/baep1-768x512.jpeg 768w, https:\/\/jorgezanoni.com.br\/2019\/wp-content\/uploads\/2019\/10\/baep1-1024x682.jpeg 1024w, https:\/\/jorgezanoni.com.br\/2019\/wp-content\/uploads\/2019\/10\/baep1-696x464.jpeg 696w, https:\/\/jorgezanoni.com.br\/2019\/wp-content\/uploads\/2019\/10\/baep1-1068x712.jpeg 1068w, https:\/\/jorgezanoni.com.br\/2019\/wp-content\/uploads\/2019\/10\/baep1-630x420.jpeg 630w\" sizes=\"auto, (max-width: 1600px) 100vw, 1600px\" \/><\/p>\n<div class=\"row medium-uncollapsed content-media content-photo\" data-block-type=\"backstage-photo\" data-block-id=\"14\">\n<div class=\"column medium-22 large-20 medium-centered content-media__container\">\n<p class=\"content-media__description \" style=\"text-align: justify;\">Canil atua junto ao Baep e outros programas de policiamento \u2014 Foto: Stephanie Fonseca<\/p>\n<\/div>\n<\/div>\n<div class=\"content-ads content-ads--reveal\" style=\"text-align: justify;\" data-block-type=\"ads\" data-block-id=\"15\">\n<div id=\"banner_materia__b3be79d1-77c5-4b34-854b-bb2ce3d92499\" class=\"tag-manager-publicidade-container mc-has-reveal mc-has-ad-lazyload tag-manager-publicidade-banner_materia__b3be79d1-77c5-4b34-854b-bb2ce3d92499 tag-manager-publicidade-container--carregado tag-manager-publicidade-container--visivel\" data-id=\"banner_materia__b3be79d1-77c5-4b34-854b-bb2ce3d92499\" data-google-query-id=\"CM_1mfPHl-UCFcJgwQodLysCxQ\" data-cid=\"138290010009\" data-lid=\"5191479960\">\n<div class=\"mc-column content-text active-extra-styles \" data-block-type=\"unstyled\" data-block-weight=\"44\" data-block-id=\"16\">\n<p class=\"content-text__container \" data-track-category=\"Link no Texto\" data-track-links=\"\">No primeiro semestre de atua\u00e7\u00e3o das equipes de A\u00e7\u00f5es Especiais do CPI-8, foram registradas mais de 100 ocorr\u00eancias de tr\u00e1fico de drogas e oito de porte\/uso de entorpecentes. A maior parte das apreens\u00f5es \u00e9 de maconha, com mais de 1,4 tonelada retirada das ruas.<\/p>\n<\/div>\n<div class=\"mc-column content-text active-extra-styles \" data-block-type=\"unstyled\" data-block-weight=\"61\" data-block-id=\"17\">\n<p class=\"content-text__container \" data-track-category=\"Link no Texto\" data-track-links=\"\">\u201cO Canil presta um apoio muito interessante nessas ocorr\u00eancias com entorpecente, porque muitas vezes a droga est\u00e1 acondicionada em local onde o policial n\u00e3o vai simplesmente localizar. \u00c0s vezes ela est\u00e1 disfar\u00e7ada, muito bem lacrada, escondida, at\u00e9 dentro de estruturas de alvenaria, de a\u00e7o. A\u00ed o c\u00e3o localiza. O c\u00e3o faz o servi\u00e7o de um pelot\u00e3o de policiais\u201d, declarou ao\u00a0<strong>G1<\/strong>.<\/p>\n<\/div>\n<div class=\"mc-column content-text active-extra-styles\" data-block-type=\"raw\" data-block-weight=\"19\" data-block-id=\"18\">\n<ul class=\"content-unordered-list\">\n<li><a href=\"https:\/\/g1.globo.com\/sp\/presidente-prudente-regiao\/noticia\/2019\/04\/11\/doria-em-presidente-prudente.ghtml\">&#8216;Com a Rota, n\u00e3o se brinca&#8217;, afirma Doria ao inaugurar Batalh\u00e3o de A\u00e7\u00f5es Especiais de Pol\u00edcia em Presidente Prudente<\/a><\/li>\n<\/ul>\n<\/div>\n<div class=\"mc-column content-text active-extra-styles \" data-block-type=\"unstyled\" data-block-weight=\"29\" data-block-id=\"19\">\n<p class=\"content-text__container \" data-track-category=\"Link no Texto\" data-track-links=\"\">O tenente-coronel ainda indicou que outro n\u00famero expressivo \u00e9 o de pessoas presas em flagrante, sendo mais de 160, em 120 ocorr\u00eancias, bem como 59 mandados de pris\u00e3o cumpridos.<\/p>\n<\/div>\n<div class=\"mc-column content-text active-extra-styles \" data-block-type=\"unstyled\" data-block-weight=\"53\" data-block-id=\"20\">\n<p class=\"content-text__container \" data-track-category=\"Link no Texto\" data-track-links=\"\">\u201cA regi\u00e3o \u00e9 muito tranquila. Temos os menores indicadores criminais do Estado, seja em n\u00fameros absolutos ou at\u00e9 na rela\u00e7\u00e3o por 100 mil habitantes. Isso significa que temos menos roubos, menos tentativas de roubos, menos homic\u00eddios, menos tentativas de homic\u00eddios, aquelas ocorr\u00eancias que na sua maioria tem utiliza\u00e7\u00e3o de arma de fogo\u201d, afirmou.<\/p>\n<p data-track-category=\"Link no Texto\" data-track-links=\"\">Fonte: https:\/\/g1.globo.com\/sp\/presidente-prudente-regiao\/noticia\/2019\/10\/11\/em-6-meses-de-operacao-8o-baep-contabiliza-apreensao-de-mais-de-15-tonelada-de-drogas-e-quase-200-prisoes-em-flagrante.ghtml<\/p>\n<\/div>\n<\/div>\n<\/div>\n<\/div>\n<\/div>\n<p style=\"text-align: justify;\">\n","protected":false},"excerpt":{"rendered":"<p>Produtividade \u00e9 resultado de ferramentas como abordagens e fiscaliza\u00e7\u00f5es na \u00e1rea do CPI-8, que abrange a regi\u00e3o de Presidente Prudente. Tropa \u00e9 submetida a constantes treinamentos. Diversos treinamentos s\u00e3o realizados constantemente \u2014 Foto: Stephanie Fonseca Desde a primeira especula\u00e7\u00e3o, a vinda de uma unidade do Batalh\u00e3o de A\u00e7\u00f5es Especiais de Pol\u00edcia \u00e0 regi\u00e3o de\u00a0Presidente Prudente\u00a0gerou [&hellip;]<\/p>\n","protected":false},"author":1,"featured_media":8585,"comment_status":"closed","ping_status":"open","sticky":false,"template":"","format":"standard","meta":{"footnotes":""},"categories":[110,2],"tags":[],"class_list":["post-8580","post","type-post","status-publish","format-standard","has-post-thumbnail","hentry","category-noticiasdestaque","category-policial"],"_links":{"self":[{"href":"https:\/\/jorgezanoni.com.br\/2019\/wp-json\/wp\/v2\/posts\/8580","targetHints":{"allow":["GET"]}}],"collection":[{"href":"https:\/\/jorgezanoni.com.br\/2019\/wp-json\/wp\/v2\/posts"}],"about":[{"href":"https:\/\/jorgezanoni.com.br\/2019\/wp-json\/wp\/v2\/types\/post"}],"author":[{"embeddable":true,"href":"https:\/\/jorgezanoni.com.br\/2019\/wp-json\/wp\/v2\/users\/1"}],"replies":[{"embeddable":true,"href":"https:\/\/jorgezanoni.com.br\/2019\/wp-json\/wp\/v2\/comments?post=8580"}],"version-history":[{"count":0,"href":"https:\/\/jorgezanoni.com.br\/2019\/wp-json\/wp\/v2\/posts\/8580\/revisions"}],"wp:featuredmedia":[{"embeddable":true,"href":"https:\/\/jorgezanoni.com.br\/2019\/wp-json\/wp\/v2\/media\/8585"}],"wp:attachment":[{"href":"https:\/\/jorgezanoni.com.br\/2019\/wp-json\/wp\/v2\/media?parent=8580"}],"wp:term":[{"taxonomy":"category","embeddable":true,"href":"https:\/\/jorgezanoni.com.br\/2019\/wp-json\/wp\/v2\/categories?post=8580"},{"taxonomy":"post_tag","embeddable":true,"href":"https:\/\/jorgezanoni.com.br\/2019\/wp-json\/wp\/v2\/tags?post=8580"}],"curies":[{"name":"wp","href":"https:\/\/api.w.org\/{rel}","templated":true}]}}