{"id":85798,"date":"2024-04-27T17:51:28","date_gmt":"2024-04-27T17:51:28","guid":{"rendered":"https:\/\/jorgezanoni.com.br\/2019\/?p=85798"},"modified":"2024-04-27T17:51:28","modified_gmt":"2024-04-27T17:51:28","slug":"policia-militar-detem-homem-na-posse-de-arma-branca-em-dracena","status":"publish","type":"post","link":"https:\/\/jorgezanoni.com.br\/2019\/policia-militar-detem-homem-na-posse-de-arma-branca-em-dracena\/","title":{"rendered":"Pol\u00edcia Militar det\u00e9m homem na posse de arma branca em Dracena"},"content":{"rendered":"<p style=\"text-align: justify;\">Na data de ontem (26), por volta das 06h00, policiais militares do 25\u00ba Batalh\u00e3o de Pol\u00edcia Militar do Interior, acionados para atendimento de ocorr\u00eancia, pelo local dos fatos feito contato com um indiv\u00edduo, masculino, funcion\u00e1rio de uma conveni\u00eancia onde foi agredido relatou ter sido esfaqueado de forma superficial no t\u00f3rax e nas costas e que o autor, masculino, ap\u00f3s o fato, se evadiu do local.<br \/>\nA equipe Policial Militar realizou patrulhamento e localizou o autor na esta\u00e7\u00e3o Ferrovi\u00e1ria da cidade, local onde foi abordado e submetido a busca pessoal e nada de il\u00edcito foi localizado durante a abordagem.<br \/>\nPartes foram apresentados no Plant\u00e3o Policial, foram ouvidas e liberadas .<br \/>\nFoi apreendido tamb\u00e9m uma l\u00e2mina de faca sem cabo , com a ponta torta , que estava no local dos fatos.<\/p>\n<p>Fonte: Com. Social Pol\u00edcia Militar<\/p>\n","protected":false},"excerpt":{"rendered":"<p>Na data de ontem (26), por volta das 06h00, policiais militares do 25\u00ba Batalh\u00e3o de Pol\u00edcia Militar do Interior, acionados para atendimento de ocorr\u00eancia, pelo local dos fatos feito contato com um indiv\u00edduo, masculino, funcion\u00e1rio de uma conveni\u00eancia onde foi agredido relatou ter sido esfaqueado de forma superficial no t\u00f3rax e nas costas e que [&hellip;]<\/p>\n","protected":false},"author":1,"featured_media":85799,"comment_status":"closed","ping_status":"open","sticky":false,"template":"","format":"standard","meta":{"footnotes":""},"categories":[110,2],"tags":[],"class_list":["post-85798","post","type-post","status-publish","format-standard","has-post-thumbnail","hentry","category-noticiasdestaque","category-policial"],"_links":{"self":[{"href":"https:\/\/jorgezanoni.com.br\/2019\/wp-json\/wp\/v2\/posts\/85798","targetHints":{"allow":["GET"]}}],"collection":[{"href":"https:\/\/jorgezanoni.com.br\/2019\/wp-json\/wp\/v2\/posts"}],"about":[{"href":"https:\/\/jorgezanoni.com.br\/2019\/wp-json\/wp\/v2\/types\/post"}],"author":[{"embeddable":true,"href":"https:\/\/jorgezanoni.com.br\/2019\/wp-json\/wp\/v2\/users\/1"}],"replies":[{"embeddable":true,"href":"https:\/\/jorgezanoni.com.br\/2019\/wp-json\/wp\/v2\/comments?post=85798"}],"version-history":[{"count":1,"href":"https:\/\/jorgezanoni.com.br\/2019\/wp-json\/wp\/v2\/posts\/85798\/revisions"}],"predecessor-version":[{"id":85800,"href":"https:\/\/jorgezanoni.com.br\/2019\/wp-json\/wp\/v2\/posts\/85798\/revisions\/85800"}],"wp:featuredmedia":[{"embeddable":true,"href":"https:\/\/jorgezanoni.com.br\/2019\/wp-json\/wp\/v2\/media\/85799"}],"wp:attachment":[{"href":"https:\/\/jorgezanoni.com.br\/2019\/wp-json\/wp\/v2\/media?parent=85798"}],"wp:term":[{"taxonomy":"category","embeddable":true,"href":"https:\/\/jorgezanoni.com.br\/2019\/wp-json\/wp\/v2\/categories?post=85798"},{"taxonomy":"post_tag","embeddable":true,"href":"https:\/\/jorgezanoni.com.br\/2019\/wp-json\/wp\/v2\/tags?post=85798"}],"curies":[{"name":"wp","href":"https:\/\/api.w.org\/{rel}","templated":true}]}}