{"id":85781,"date":"2024-04-26T22:39:02","date_gmt":"2024-04-26T22:39:02","guid":{"rendered":"https:\/\/jorgezanoni.com.br\/2019\/?p=85781"},"modified":"2024-04-26T22:39:02","modified_gmt":"2024-04-26T22:39:02","slug":"passagens-inferiores-da-sp-294-serao-interditadas-em-pacaembu","status":"publish","type":"post","link":"https:\/\/jorgezanoni.com.br\/2019\/passagens-inferiores-da-sp-294-serao-interditadas-em-pacaembu\/","title":{"rendered":"Passagens inferiores da SP 294 ser\u00e3o interditadas em Pacaembu"},"content":{"rendered":"<p class=\"v1MsoNormal\" style=\"text-align: justify;\" align=\"center\"><strong><i><span lang=\"PT\">Eixo SP realizar\u00e1 obras de melhorias no pavimento na segunda e na ter\u00e7a com libera\u00e7\u00e3o das vias no per\u00edodo noturno.<\/span><\/i><\/strong><\/p>\n<p class=\"v1MsoNormal\" style=\"text-align: justify;\"><span lang=\"PT\">Na pr\u00f3xima segunda e na ter\u00e7a-feira, dias 29 e 30, as passagens inferiores dos dispositivos localizados no km 616 da SP 294 &#8211; Rodovia Comandante Jo\u00e3o Ribeiro de Barros, em Pacaembu, estar\u00e3o fechadas ao tr\u00e2nsito para servi\u00e7os de melhorias no pavimento. O fechamento ser\u00e1 feito pela Eixo SP Concession\u00e1ria de Rodovias no per\u00edodo das 7h \u00e0s 18h, nos dois dias. Fora desse hor\u00e1rio, o local estar\u00e1 liberado.<\/span><\/p>\n<p class=\"v1MsoNormal\" style=\"text-align: justify;\"><span lang=\"PT\">Durante a execu\u00e7\u00e3o dos servi\u00e7os, os motoristas que precisarem utilizar as al\u00e7as como retorno ter\u00e3o que seguir rotas alternativas. Os usu\u00e1rios que seguem no sentido Dracena (oeste) ter\u00e3o como op\u00e7\u00e3o realizar o retorno no dispositivo seguinte, localizado no km 617. J\u00e1 os motoristas que seguem no sentido contr\u00e1rio, ou seja, em dire\u00e7\u00e3o a Adamantina (leste), a alternativa ser\u00e1 fazer o retorno no dispositivo do km 615.<\/span><\/p>\n<p class=\"v1MsoNormal\" style=\"text-align: justify;\"><span lang=\"PT\">Equipes da concession\u00e1ria permanecer\u00e3o no local durante todo o per\u00edodo de obras para alertar os usu\u00e1rios sobre a altera\u00e7\u00e3o no tr\u00e1fego. Haver\u00e1 refor\u00e7o na sinaliza\u00e7\u00e3o com o uso de placas de advert\u00eancia e a presen\u00e7a de homens-bandeira. Em caso de chuva, os servi\u00e7os poder\u00e3o ser reagendados.<\/span><\/p>\n<p class=\"v1MsoNormal\" style=\"text-align: justify;\"><b><span lang=\"PT\">Sobre a Eixo SP<\/span><\/b><\/p>\n<p class=\"v1MsoNormal\" style=\"text-align: justify;\"><span lang=\"PT\">A Eixo SP Concession\u00e1ria de Rodovias administra mais de 1.221 km de estradas que passam por 62 munic\u00edpios da regi\u00e3o de Rio Claro, no centro do Estado, at\u00e9 Panorama, no extremo oeste, na divisa com o Mato Grosso do Sul. O maior contrato sob supervis\u00e3o da Artesp (Ag\u00eancia Reguladora de Transportes do Estado de S\u00e3o Paulo) ter\u00e1 investimentos na ordem de R$ 14 bilh\u00f5es em obras de amplia\u00e7\u00e3o, conserva\u00e7\u00e3o, al\u00e9m da moderniza\u00e7\u00e3o de servi\u00e7os ao usu\u00e1rio. Para mais informa\u00e7\u00f5es acesse:\u00a0<a href=\"http:\/\/www.eixosp.com.br\/\" target=\"_blank\" rel=\"noopener noreferrer\">www.eixosp.com.br<\/a>.<\/span><\/p>\n","protected":false},"excerpt":{"rendered":"<p>Eixo SP realizar\u00e1 obras de melhorias no pavimento na segunda e na ter\u00e7a com libera\u00e7\u00e3o das vias no per\u00edodo noturno. Na pr\u00f3xima segunda e na ter\u00e7a-feira, dias 29 e 30, as passagens inferiores dos dispositivos localizados no km 616 da SP 294 &#8211; Rodovia Comandante Jo\u00e3o Ribeiro de Barros, em Pacaembu, estar\u00e3o fechadas ao tr\u00e2nsito [&hellip;]<\/p>\n","protected":false},"author":1,"featured_media":85782,"comment_status":"closed","ping_status":"open","sticky":false,"template":"","format":"standard","meta":{"footnotes":""},"categories":[180,110],"tags":[],"class_list":["post-85781","post","type-post","status-publish","format-standard","has-post-thumbnail","hentry","category-estradastransitoveiculos","category-noticiasdestaque"],"_links":{"self":[{"href":"https:\/\/jorgezanoni.com.br\/2019\/wp-json\/wp\/v2\/posts\/85781","targetHints":{"allow":["GET"]}}],"collection":[{"href":"https:\/\/jorgezanoni.com.br\/2019\/wp-json\/wp\/v2\/posts"}],"about":[{"href":"https:\/\/jorgezanoni.com.br\/2019\/wp-json\/wp\/v2\/types\/post"}],"author":[{"embeddable":true,"href":"https:\/\/jorgezanoni.com.br\/2019\/wp-json\/wp\/v2\/users\/1"}],"replies":[{"embeddable":true,"href":"https:\/\/jorgezanoni.com.br\/2019\/wp-json\/wp\/v2\/comments?post=85781"}],"version-history":[{"count":1,"href":"https:\/\/jorgezanoni.com.br\/2019\/wp-json\/wp\/v2\/posts\/85781\/revisions"}],"predecessor-version":[{"id":85783,"href":"https:\/\/jorgezanoni.com.br\/2019\/wp-json\/wp\/v2\/posts\/85781\/revisions\/85783"}],"wp:featuredmedia":[{"embeddable":true,"href":"https:\/\/jorgezanoni.com.br\/2019\/wp-json\/wp\/v2\/media\/85782"}],"wp:attachment":[{"href":"https:\/\/jorgezanoni.com.br\/2019\/wp-json\/wp\/v2\/media?parent=85781"}],"wp:term":[{"taxonomy":"category","embeddable":true,"href":"https:\/\/jorgezanoni.com.br\/2019\/wp-json\/wp\/v2\/categories?post=85781"},{"taxonomy":"post_tag","embeddable":true,"href":"https:\/\/jorgezanoni.com.br\/2019\/wp-json\/wp\/v2\/tags?post=85781"}],"curies":[{"name":"wp","href":"https:\/\/api.w.org\/{rel}","templated":true}]}}