{"id":8576,"date":"2019-10-12T20:10:10","date_gmt":"2019-10-12T20:10:10","guid":{"rendered":"https:\/\/jorgezanoni.com.br\/2019\/?p=8576"},"modified":"2019-10-12T20:10:10","modified_gmt":"2019-10-12T20:10:10","slug":"carreta-invade-pista-contraria-atinge-carro-e-mata-bebe-e-mais-cinco-pessoas-na-via-dutra","status":"publish","type":"post","link":"https:\/\/jorgezanoni.com.br\/2019\/carreta-invade-pista-contraria-atinge-carro-e-mata-bebe-e-mais-cinco-pessoas-na-via-dutra\/","title":{"rendered":"Carreta invade pista contr\u00e1ria, atinge carro e mata beb\u00ea e mais cinco pessoas na Via Dutra"},"content":{"rendered":"<h2 class=\"content-head__subtitle\" style=\"text-align: justify;\"><strong>Acidente aconteceu em Porto Real. Tr\u00e2nsito ficou interditado por quase tr\u00eas horas, mas foi liberado em meia pista \u00e0s 16h10. Crian\u00e7a completaria um m\u00eas neste domingo.<\/strong><\/h2>\n<p style=\"text-align: justify;\"><img loading=\"lazy\" decoding=\"async\" class=\"alignnone size-full wp-image-8577\" src=\"https:\/\/jorgezanoni.com.br\/2019\/wp-content\/uploads\/2019\/10\/dutra.jpg\" alt=\"\" width=\"1000\" height=\"750\" srcset=\"https:\/\/jorgezanoni.com.br\/2019\/wp-content\/uploads\/2019\/10\/dutra.jpg 1000w, https:\/\/jorgezanoni.com.br\/2019\/wp-content\/uploads\/2019\/10\/dutra-300x225.jpg 300w, https:\/\/jorgezanoni.com.br\/2019\/wp-content\/uploads\/2019\/10\/dutra-768x576.jpg 768w, https:\/\/jorgezanoni.com.br\/2019\/wp-content\/uploads\/2019\/10\/dutra-80x60.jpg 80w, https:\/\/jorgezanoni.com.br\/2019\/wp-content\/uploads\/2019\/10\/dutra-265x198.jpg 265w, https:\/\/jorgezanoni.com.br\/2019\/wp-content\/uploads\/2019\/10\/dutra-696x522.jpg 696w, https:\/\/jorgezanoni.com.br\/2019\/wp-content\/uploads\/2019\/10\/dutra-560x420.jpg 560w\" sizes=\"auto, (max-width: 1000px) 100vw, 1000px\" \/>Acidente grave deixa mortos na Via Dutra, em Porto Real \u2014 Foto: PRF\/Divulga\u00e7\u00e3o<\/p>\n<div class=\"mc-column content-text active-extra-styles \" style=\"text-align: justify;\" data-block-type=\"unstyled\" data-block-weight=\"41\" data-block-id=\"2\">\n<p class=\"content-text__container \" data-track-category=\"Link no Texto\" data-track-links=\"\">Um grave acidente envolvendo uma carreta e um carro na tarde deste s\u00e1bado (12), na Via Dutra, em Porto Real, no Sul do Rio de Janeiro, matou seis pessoas, entre elas um beb\u00ea que completaria um m\u00eas neste domingo (13).<\/p>\n<\/div>\n<div class=\"wall protected-content\">\n<div class=\"mc-column content-text active-extra-styles \" style=\"text-align: justify;\" data-block-type=\"unstyled\" data-block-weight=\"16\" data-block-id=\"3\">\n<p class=\"content-text__container \" data-track-category=\"Link no Texto\" data-track-links=\"\">A batida aconteceu na altura do km 294, em um trecho conhecido como &#8220;ret\u00e3o de Resende&#8221;.<\/p>\n<\/div>\n<div class=\"mc-column content-text active-extra-styles \" style=\"text-align: justify;\" data-block-type=\"unstyled\" data-block-weight=\"38\" data-block-id=\"4\">\n<p class=\"content-text__container \" data-track-category=\"Link no Texto\" data-track-links=\"\">De acordo com a Pol\u00edcia Rodovi\u00e1ria Federal, o motorista da carreta, de 46 anos, seguia no sentido S\u00e3o Paulo quando perdeu o controle da dire\u00e7\u00e3o, invadiu a pista contr\u00e1ria e atingiu um carro com quatro passageiros. Todos morreram.<\/p>\n<\/div>\n<div class=\"mc-column content-text active-extra-styles \" style=\"text-align: justify;\" data-block-type=\"unstyled\" data-block-weight=\"29\" data-block-id=\"5\">\n<p class=\"content-text__container \" data-track-category=\"Link no Texto\" data-track-links=\"\">Inicialmente, a informa\u00e7\u00e3o oficial da PRF era de cinco mortos. Durante a remo\u00e7\u00e3o dos corpos, a equipe de resgate encontrou a menina em uma cadeirinha de beb\u00ea do carro.<\/p>\n<\/div>\n<div class=\"mc-column content-text active-extra-styles \" style=\"text-align: justify;\" data-block-type=\"unstyled\" data-block-weight=\"40\" data-block-id=\"6\">\n<p class=\"content-text__container \" data-track-category=\"Link no Texto\" data-track-links=\"\">Os dois ve\u00edculos ficaram totalmente destru\u00eddos com o impacto da batida. Os corpos, ainda n\u00e3o identificados, ficaram presos nas ferragens, o que dificultou o trabalho de remo\u00e7\u00e3o. Uma equipe da Pol\u00edcia Civil foi ao local para realizar a per\u00edcia t\u00e9cnica.<\/p>\n<\/div>\n<div class=\"mc-column content-text active-extra-styles \" style=\"text-align: justify;\" data-block-type=\"unstyled\" data-block-weight=\"12\" data-block-id=\"7\">\n<p class=\"content-text__container \" data-track-category=\"Link no Texto\" data-track-links=\"\">Todos os corpos foram levados para o Instituto M\u00e9dico Legal sem identifica\u00e7\u00e3o.<\/p>\n<\/div>\n<div class=\"mc-column content-text active-extra-styles \" style=\"text-align: justify;\" data-block-type=\"unstyled\" data-block-weight=\"14\" data-block-id=\"8\">\n<p class=\"content-text__container \" data-track-category=\"Link no Texto\" data-track-links=\"\">O carro tem placa de Resende e a carreta de Contagem, em Minas Gerais.<\/p>\n<\/div>\n<div class=\"mc-column content-text active-extra-styles \" data-block-type=\"unstyled\" data-block-weight=\"43\" data-block-id=\"9\">\n<p class=\"content-text__container \" style=\"text-align: justify;\" data-track-category=\"Link no Texto\" data-track-links=\"\">O tr\u00e2nsito no local foi totalmente interditado por quase tr\u00eas horas, formando uma longa fila de ve\u00edculos parados. Metade da pista foi liberada por volta das 16h10, mas o motorista que passava pelo trecho neste hor\u00e1rio ainda enfrentava um congestionamento de 8 km.<\/p>\n<div class=\"mc-column content-text active-extra-styles \" style=\"text-align: justify;\" data-block-type=\"unstyled\" data-block-weight=\"17\" data-block-id=\"11\">\n<p class=\"content-text__container \" data-track-category=\"Link no Texto\" data-track-links=\"\">Quem deseja desviar do trecho congestionado tem a op\u00e7\u00e3o de passar por Bulh\u00f5es, por dentro de Resende.<\/p>\n<\/div>\n<div class=\"mc-column content-text active-extra-styles \" data-block-type=\"unstyled\" data-block-weight=\"41\" data-block-id=\"12\">\n<p class=\"content-text__container \" style=\"text-align: justify;\" data-track-category=\"Link no Texto\" data-track-links=\"\">A estrada, que \u00e9 a principal liga\u00e7\u00e3o entre Rio e S\u00e3o Paulo, est\u00e1 ainda mais movimentada neste s\u00e1bado, feriado pelo Dia de Nossa Senhora Aparecida. Muitos fi\u00e9is pegam a rodovia para passar o dia em Aparecida, no Vale do Para\u00edba paulista.<\/p>\n<p data-track-category=\"Link no Texto\" data-track-links=\"\">Fonte: G1<\/p>\n<p style=\"text-align: justify;\" data-track-category=\"Link no Texto\" data-track-links=\"\">\n<\/div>\n<\/div>\n<\/div>\n","protected":false},"excerpt":{"rendered":"<p>Acidente aconteceu em Porto Real. Tr\u00e2nsito ficou interditado por quase tr\u00eas horas, mas foi liberado em meia pista \u00e0s 16h10. Crian\u00e7a completaria um m\u00eas neste domingo. Acidente grave deixa mortos na Via Dutra, em Porto Real \u2014 Foto: PRF\/Divulga\u00e7\u00e3o Um grave acidente envolvendo uma carreta e um carro na tarde deste s\u00e1bado (12), na Via [&hellip;]<\/p>\n","protected":false},"author":1,"featured_media":8578,"comment_status":"closed","ping_status":"open","sticky":false,"template":"","format":"standard","meta":{"footnotes":""},"categories":[170,110],"tags":[],"class_list":["post-8576","post","type-post","status-publish","format-standard","has-post-thumbnail","hentry","category-acidentes","category-noticiasdestaque"],"_links":{"self":[{"href":"https:\/\/jorgezanoni.com.br\/2019\/wp-json\/wp\/v2\/posts\/8576","targetHints":{"allow":["GET"]}}],"collection":[{"href":"https:\/\/jorgezanoni.com.br\/2019\/wp-json\/wp\/v2\/posts"}],"about":[{"href":"https:\/\/jorgezanoni.com.br\/2019\/wp-json\/wp\/v2\/types\/post"}],"author":[{"embeddable":true,"href":"https:\/\/jorgezanoni.com.br\/2019\/wp-json\/wp\/v2\/users\/1"}],"replies":[{"embeddable":true,"href":"https:\/\/jorgezanoni.com.br\/2019\/wp-json\/wp\/v2\/comments?post=8576"}],"version-history":[{"count":0,"href":"https:\/\/jorgezanoni.com.br\/2019\/wp-json\/wp\/v2\/posts\/8576\/revisions"}],"wp:featuredmedia":[{"embeddable":true,"href":"https:\/\/jorgezanoni.com.br\/2019\/wp-json\/wp\/v2\/media\/8578"}],"wp:attachment":[{"href":"https:\/\/jorgezanoni.com.br\/2019\/wp-json\/wp\/v2\/media?parent=8576"}],"wp:term":[{"taxonomy":"category","embeddable":true,"href":"https:\/\/jorgezanoni.com.br\/2019\/wp-json\/wp\/v2\/categories?post=8576"},{"taxonomy":"post_tag","embeddable":true,"href":"https:\/\/jorgezanoni.com.br\/2019\/wp-json\/wp\/v2\/tags?post=8576"}],"curies":[{"name":"wp","href":"https:\/\/api.w.org\/{rel}","templated":true}]}}