{"id":85740,"date":"2024-04-25T15:34:00","date_gmt":"2024-04-25T15:34:00","guid":{"rendered":"https:\/\/jorgezanoni.com.br\/2019\/?p=85740"},"modified":"2024-04-25T15:34:00","modified_gmt":"2024-04-25T15:34:00","slug":"sicredi-lanca-relatorio-sondagem-de-safras","status":"publish","type":"post","link":"https:\/\/jorgezanoni.com.br\/2019\/sicredi-lanca-relatorio-sondagem-de-safras\/","title":{"rendered":"Sicredi lan\u00e7a relat\u00f3rio &#8220;Sondagem de Safras&#8221;"},"content":{"rendered":"<p style=\"text-align: justify;\" align=\"center\"><strong><i>Institui\u00e7\u00e3o utiliza informa\u00e7\u00f5es geradas por colaboradores especialistas em agroneg\u00f3cio para projetar indicadores das culturas de milho, soja e trigo.<\/i><\/strong><\/p>\n<p style=\"text-align: justify;\">O Sicredi, institui\u00e7\u00e3o financeira cooperativa com presen\u00e7a em todo o pa\u00eds, acaba de lan\u00e7ar o Relat\u00f3rio &#8220;Sondagem de Safras&#8221; que projeta indicadores das safras de milho, soja e trigo. Segunda maio financiador do agro nacional e com ag\u00eancias em mais de duas mil cidades brasileiras, a institui\u00e7\u00e3o utiliza como insumos informa\u00e7\u00f5es geradas por colaboradores especialistas em agroneg\u00f3cio que trabalham no atendimento aos produtores para capturar dados sobre a safra. O estudo que ser\u00e1 atualizado mensalmente, pode ser acessado gratuitamente no endere\u00e7o\u00a0<a href=\"https:\/\/www.sicredi.com.br\/site\/investimentos\/analises-economicas-financeiras\/\" target=\"_blank\" rel=\"noopener noreferrer\">An\u00e1lises Econ\u00f4micas e Financeiras | Sicredi<\/a>.<\/p>\n<p style=\"text-align: justify;\">O objetivo principal da iniciativa \u00e9 contribuir com a cadeia do agro ao gerar indicadores que possibilitam uma vis\u00e3o nacional a partir da expertise local da companhia. &#8220;N\u00f3s temos um interesse muito grande em dar suporte \u00e0s atividades econ\u00f4micas e uma liga\u00e7\u00e3o bastante pr\u00f3xima com o agroneg\u00f3cio brasileiro e entendemos que, al\u00e9m do cr\u00e9dito e outras solu\u00e7\u00f5es financeiras, poder\u00edamos contribuir por meio de disponibiliza\u00e7\u00e3o de informa\u00e7\u00f5es de qualidade aos produtores. Al\u00e9m de uma equipe de an\u00e1lise bastante qualificada, temos o diferencial da expertise de especialistas em agro que atuam em nossas cooperativas e conhecem como ningu\u00e9m a realidade de cada \u00e1rea rural do pa\u00eds&#8221;, explica Andr\u00e9 Nunes de Nunes, economista-chefe do Sicredi.<\/p>\n<p style=\"text-align: justify;\">No documento est\u00e3o dispon\u00edveis indicadores importantes como \u00e1rea plantada, produtividade, produ\u00e7\u00e3o, plantio, colheita e condi\u00e7\u00f5es das lavouras das principais culturas do pa\u00eds, contribuindo para o desenvolvimento local.<\/p>\n<p style=\"text-align: justify;\"><strong>Metodologia<\/strong><\/p>\n<p style=\"text-align: justify;\">Um conjunto de colaboradores com alta expertise no agroneg\u00f3cio responde, com base na situa\u00e7\u00e3o das lavouras de sua regi\u00e3o, quinzenalmente a um question\u00e1rio elaborado pela Ger\u00eancia de An\u00e1lise Econ\u00f4mica (GAE) do Banco Cooperativo Sicredi que fica respons\u00e1vel pelo refinamento e tratamento dos dados. Todas as perguntas s\u00e3o relativas ao per\u00edodo de coleta.<\/p>\n<p style=\"text-align: justify;\">A qualidade das lavouras \u00e9 segmentada em boa, m\u00e9dia e ruim. Os progressos do plantio e da colheita s\u00e3o informados em termos percentuais e comparados \u00e0 m\u00e9dia das \u00faltimas tr\u00eas safras. A produtividade \u00e9 estimada com base na produtividade hist\u00f3rica e na expectativa inicial e atual de produtividade de cada regi\u00e3o. A \u00e1rea plantada \u00e9 estimada com base na safra passada e na expectativa de incremento de \u00e1rea para a safra atual. A produ\u00e7\u00e3o \u00e9 derivada das estimativas de \u00e1rea e produtividade.<\/p>\n<p style=\"text-align: justify;\"><strong>Proje\u00e7\u00f5es Safra 23\/24<\/strong><\/p>\n<p style=\"text-align: justify;\">Entre os dados apresentados no primeiro relat\u00f3rio, com informa\u00e7\u00f5es coletadas de 08\/04\/2024 a 15\/04\/2024, ser\u00e3o destaques as informa\u00e7\u00f5es relacionadas \u00e0 &#8220;safrinha&#8221; do milho:<\/p>\n<p style=\"text-align: justify;\"><strong>Milho 1\u00aa safra: 23 milh\u00f5es de toneladas\u00a0<\/strong><\/p>\n<p style=\"text-align: justify;\">A expectativa \u00e9 de uma produ\u00e7\u00e3o 15,9% menor do que a alcan\u00e7ada na safra passada, em fun\u00e7\u00e3o de uma queda de 14,5% na \u00e1rea plantada (3,80 milh\u00f5es de hectares nesta safra contra 4,44 milh\u00f5es na safra passada) e de 1,6% na produtividade (101,0 sc\/ha contra 102,7 sc\/ha). Esse resultado \u00e9 influenciado por um aumento de produtividade no RS, que passou por estiagem em 22\/23, e uma queda em SP, com lavouras afetadas por altas temperaturas e baixa precipita\u00e7\u00e3o.<\/p>\n<p style=\"text-align: justify;\"><strong>Milho 2\u00aa safra: menor produ\u00e7\u00e3o<\/strong><\/p>\n<p style=\"text-align: justify;\">Devido \u00e0s margens de lucro mais apertadas e \u00e0 influ\u00eancia do fen\u00f4meno clim\u00e1tico El Ni\u00f1o, espera-se uma produ\u00e7\u00e3o de 85,9 milh\u00f5es de toneladas, o que representa uma redu\u00e7\u00e3o de 16,1% em rela\u00e7\u00e3o \u00e0 safra passada. Essa redu\u00e7\u00e3o ser\u00e1 oriunda de uma menor \u00e1rea plantada (15,84 milh\u00f5es de hectares nesta safra contra 17,19 milh\u00f5es na safra passada) e de uma menor produtividade (90,4 sc\/ha contra 99,2 sc\/ha).<\/p>\n<p style=\"text-align: justify;\"><strong>Soja: produ\u00e7\u00e3o abaixo em 22\/23<\/strong><\/p>\n<p style=\"text-align: justify;\">A redu\u00e7\u00e3o de 4,1% na produ\u00e7\u00e3o em rela\u00e7\u00e3o \u00e0 safra 22\/23 ser\u00e1 motivada por uma queda de 6,3% na produtividade, que atingir\u00e1 54,8 sc\/ha, e ser\u00e1 apenas parcialmente compensada por um incremento de 2,3% na \u00e1rea plantada, que chegar\u00e1 a 45,1 milh\u00f5es de hectares. Uma maior produtividade do RS deve ser acompanhada de uma redu\u00e7\u00e3o na produtividade no Centro-Oeste, no Sudeste e no MATOPIBA. Assim, nossa previs\u00e3o de produ\u00e7\u00e3o \u00e9 de 148,3 milh\u00f5es de toneladas.<\/p>\n<p style=\"text-align: justify;\"><strong>Sobre o Sicredi<\/strong><\/p>\n<p class=\"v1MsoNormal\" style=\"text-align: justify;\"><i>O Sicredi \u00e9 uma institui\u00e7\u00e3o financeira cooperativa comprometida com o crescimento de seus associados e com o desenvolvimento das regi\u00f5es onde atua. Possui um modelo de gest\u00e3o que valoriza a participa\u00e7\u00e3o dos mais de 7,5 milh\u00f5es de associados, que exercem o papel de donos do neg\u00f3cio. Com mais de 2.700 ag\u00eancias, o Sicredi est\u00e1 presente fisicamente em todos os estados brasileiros e no Distrito Federal, disponibilizando uma gama completa de solu\u00e7\u00f5es financeiras e n\u00e3o financeiras.<\/i><\/p>\n<p class=\"v1MsoNormal\" style=\"text-align: justify;\"><b><i>Site do Sicredi:\u00a0<a href=\"http:\/\/www.sicredi.com.br\/\" target=\"_blank\" rel=\"noopener noreferrer\">www.sicredi.com.br<\/a><\/i><\/b><\/p>\n<p class=\"v1MsoNormal\" style=\"text-align: justify;\"><b><i>Redes Sociais:\u00a0<\/i><\/b><em><b><u><span lang=\"EN-US\"><a href=\"http:\/\/www.facebook.com\/sicredicentrooestepaulista\" target=\"_blank\" rel=\"noopener noreferrer\"><i><span lang=\"PT-BR\">Facebook<\/span><\/i><\/a><\/span><\/u><\/b><\/em><em>\u00a0|<\/em>\u00a0<em><b><u><span lang=\"EN-US\"><a href=\"https:\/\/www.linkedin.com\/company\/sicredi-centro-oeste-paulista\/\" target=\"_blank\" rel=\"noopener noreferrer\"><i><span lang=\"PT-BR\">LinkedIn<\/span><\/i><\/a><\/span><\/u><\/b><\/em><em>\u00a0|<\/em>\u00a0<em><b><u><span lang=\"EN-US\"><a href=\"http:\/\/www.youtube.com\/sicredicentrooestepaulista\" target=\"_blank\" rel=\"noopener noreferrer\"><i><span lang=\"PT-BR\">YouTube<\/span><\/i><\/a><\/span><\/u><\/b><\/em><span lang=\"EN-US\">\u00a0<\/span><em>|\u00a0<\/em><em><b><u><span lang=\"EN-US\"><a href=\"http:\/\/www.instagram.com\/sicredicentrooestepaulista\" target=\"_blank\" rel=\"noopener noreferrer\"><i><span lang=\"PT-BR\">Instagram<\/span><\/i><\/a><\/span><\/u><\/b><\/em><\/p>\n<p style=\"text-align: justify;\">CAPA: Para o economista-chefe do Sicredi, Andr\u00e9 Nunes de Nunes, a institui\u00e7\u00e3o financeira cooperativa tem por intuito dar suporte ao agro tamb\u00e9m por meio de informa\u00e7\u00f5es de qualidade<br \/>\n<i>Cr\u00e9dito: Divulga\u00e7\u00e3o\/Sicredi<\/i><\/p>\n<p style=\"text-align: justify;\">Fonte: Comunica\u00e7\u00e3o e Marketing<\/p>\n","protected":false},"excerpt":{"rendered":"<p>Institui\u00e7\u00e3o utiliza informa\u00e7\u00f5es geradas por colaboradores especialistas em agroneg\u00f3cio para projetar indicadores das culturas de milho, soja e trigo. O Sicredi, institui\u00e7\u00e3o financeira cooperativa com presen\u00e7a em todo o pa\u00eds, acaba de lan\u00e7ar o Relat\u00f3rio &#8220;Sondagem de Safras&#8221; que projeta indicadores das safras de milho, soja e trigo. Segunda maio financiador do agro nacional e [&hellip;]<\/p>\n","protected":false},"author":1,"featured_media":85741,"comment_status":"closed","ping_status":"open","sticky":false,"template":"","format":"standard","meta":{"footnotes":""},"categories":[110,116],"tags":[],"class_list":["post-85740","post","type-post","status-publish","format-standard","has-post-thumbnail","hentry","category-noticiasdestaque","category-politicaeeconomia"],"_links":{"self":[{"href":"https:\/\/jorgezanoni.com.br\/2019\/wp-json\/wp\/v2\/posts\/85740","targetHints":{"allow":["GET"]}}],"collection":[{"href":"https:\/\/jorgezanoni.com.br\/2019\/wp-json\/wp\/v2\/posts"}],"about":[{"href":"https:\/\/jorgezanoni.com.br\/2019\/wp-json\/wp\/v2\/types\/post"}],"author":[{"embeddable":true,"href":"https:\/\/jorgezanoni.com.br\/2019\/wp-json\/wp\/v2\/users\/1"}],"replies":[{"embeddable":true,"href":"https:\/\/jorgezanoni.com.br\/2019\/wp-json\/wp\/v2\/comments?post=85740"}],"version-history":[{"count":1,"href":"https:\/\/jorgezanoni.com.br\/2019\/wp-json\/wp\/v2\/posts\/85740\/revisions"}],"predecessor-version":[{"id":85742,"href":"https:\/\/jorgezanoni.com.br\/2019\/wp-json\/wp\/v2\/posts\/85740\/revisions\/85742"}],"wp:featuredmedia":[{"embeddable":true,"href":"https:\/\/jorgezanoni.com.br\/2019\/wp-json\/wp\/v2\/media\/85741"}],"wp:attachment":[{"href":"https:\/\/jorgezanoni.com.br\/2019\/wp-json\/wp\/v2\/media?parent=85740"}],"wp:term":[{"taxonomy":"category","embeddable":true,"href":"https:\/\/jorgezanoni.com.br\/2019\/wp-json\/wp\/v2\/categories?post=85740"},{"taxonomy":"post_tag","embeddable":true,"href":"https:\/\/jorgezanoni.com.br\/2019\/wp-json\/wp\/v2\/tags?post=85740"}],"curies":[{"name":"wp","href":"https:\/\/api.w.org\/{rel}","templated":true}]}}