{"id":8572,"date":"2019-10-12T19:51:11","date_gmt":"2019-10-12T19:51:11","guid":{"rendered":"https:\/\/jorgezanoni.com.br\/2019\/?p=8572"},"modified":"2019-10-12T19:51:11","modified_gmt":"2019-10-12T19:51:11","slug":"piloto-pousa-aviao-em-avenida-na-zona-oeste-do-rio","status":"publish","type":"post","link":"https:\/\/jorgezanoni.com.br\/2019\/piloto-pousa-aviao-em-avenida-na-zona-oeste-do-rio\/","title":{"rendered":"Piloto pousa avi\u00e3o em avenida na Zona Oeste do Rio"},"content":{"rendered":"<h2 class=\"content-head__subtitle\" style=\"text-align: justify;\"><strong>Aeronave de pequeno porte ocupava uma faixa da Avenida Dom Jo\u00e3o VI, em Guaratiba, na altura do n\u00famero 10.000.<\/strong><\/h2>\n<div class=\"mc-column content-text active-extra-styles \" style=\"text-align: justify;\" data-block-type=\"unstyled\" data-block-weight=\"35\" data-block-id=\"2\">\n<p class=\"content-text__container \" data-track-category=\"Link no Texto\" data-track-links=\"\">O piloto de um avi\u00e3o de pequeno porte fez um pouso de emerg\u00eancia na Avenida Dom Jo\u00e3o VI, em Guaratiba, na altura do n\u00famero 10.000, no sentido Santa Cruz, na Zona Oeste do Rio.<\/p>\n<\/div>\n<div class=\"wall protected-content\">\n<div class=\"mc-column content-text active-extra-styles \" style=\"text-align: justify;\" data-block-type=\"unstyled\" data-block-weight=\"23\" data-block-id=\"3\">\n<p class=\"content-text__container \" data-track-category=\"Link no Texto\" data-track-links=\"\">As informa\u00e7\u00f5es s\u00e3o da CET-Rio, que tamb\u00e9m comunicou que aeronave chegou a ocupar uma pista da via. N\u00e3o houve registro de v\u00edtimas.<\/p>\n<\/div>\n<div class=\"mc-column content-text active-extra-styles \" style=\"text-align: justify;\" data-block-type=\"unstyled\" data-block-weight=\"27\" data-block-id=\"4\">\n<p class=\"content-text__container \" data-track-category=\"Link no Texto\" data-track-links=\"\">Segundo informa\u00e7\u00f5es de funcion\u00e1rios da CET-Rio, ap\u00f3s fazer o pouso de emerg\u00eancia, o piloto do avi\u00e3o pretendia fazer a decolagem na pr\u00f3pria via, mas n\u00e3o conseguiu.<\/p>\n<\/div>\n<div class=\"mc-column content-text active-extra-styles \" data-block-type=\"unstyled\" data-block-weight=\"19\" data-block-id=\"5\">\n<p class=\"content-text__container \" style=\"text-align: justify;\" data-track-category=\"Link no Texto\" data-track-links=\"\">Em seguida, o piloto comunicou aos controladores de tr\u00e1fego que iria desmontar a aeronave e ela seria rebocada.<\/p>\n<p class=\"content-text__container \" style=\"text-align: justify;\" data-track-category=\"Link no Texto\" data-track-links=\"\"><img loading=\"lazy\" decoding=\"async\" class=\"alignnone size-full wp-image-8573\" src=\"https:\/\/jorgezanoni.com.br\/2019\/wp-content\/uploads\/2019\/10\/avi\u00e3o.jpeg\" alt=\"\" width=\"1000\" height=\"563\" srcset=\"https:\/\/jorgezanoni.com.br\/2019\/wp-content\/uploads\/2019\/10\/avi\u00e3o.jpeg 1000w, https:\/\/jorgezanoni.com.br\/2019\/wp-content\/uploads\/2019\/10\/avi\u00e3o-300x169.jpeg 300w, https:\/\/jorgezanoni.com.br\/2019\/wp-content\/uploads\/2019\/10\/avi\u00e3o-768x432.jpeg 768w, https:\/\/jorgezanoni.com.br\/2019\/wp-content\/uploads\/2019\/10\/avi\u00e3o-696x392.jpeg 696w, https:\/\/jorgezanoni.com.br\/2019\/wp-content\/uploads\/2019\/10\/avi\u00e3o-746x420.jpeg 746w\" sizes=\"auto, (max-width: 1000px) 100vw, 1000px\" \/>Avi\u00e3o ocupou uma via de avenida na Zona Oeste \u2014 Foto: Divulga\u00e7\u00e3o CET-Rio<\/p>\n<p data-track-category=\"Link no Texto\" data-track-links=\"\">Fonte: G1<\/p>\n<div data-track-category=\"multicontent\" data-track-action=\"ultimo chunk conteudo\" data-track-noninteraction=\"false\" data-track-scroll=\"view\">\n<div class=\"content-ads content-ads--reveal\" data-block-type=\"ads\" data-block-id=\"7\">\n<div id=\"banner_materia2\" class=\"tag-manager-publicidade-container mc-has-reveal mc-has-ad-lazyload tag-manager-publicidade-banner_materia2 tag-manager-publicidade-container--carregado tag-manager-publicidade-container--visivel\" data-id=\"banner_materia2\" data-google-query-id=\"CNezody-l-UCFcVtwQodQtsIZg\" data-cid=\"138288452087\" data-lid=\"5182002874\"><\/div>\n<\/div>\n<\/div>\n<\/div>\n<\/div>\n","protected":false},"excerpt":{"rendered":"<p>Aeronave de pequeno porte ocupava uma faixa da Avenida Dom Jo\u00e3o VI, em Guaratiba, na altura do n\u00famero 10.000. O piloto de um avi\u00e3o de pequeno porte fez um pouso de emerg\u00eancia na Avenida Dom Jo\u00e3o VI, em Guaratiba, na altura do n\u00famero 10.000, no sentido Santa Cruz, na Zona Oeste do Rio. As informa\u00e7\u00f5es [&hellip;]<\/p>\n","protected":false},"author":1,"featured_media":8574,"comment_status":"closed","ping_status":"open","sticky":false,"template":"","format":"standard","meta":{"footnotes":""},"categories":[170,110],"tags":[],"class_list":["post-8572","post","type-post","status-publish","format-standard","has-post-thumbnail","hentry","category-acidentes","category-noticiasdestaque"],"_links":{"self":[{"href":"https:\/\/jorgezanoni.com.br\/2019\/wp-json\/wp\/v2\/posts\/8572","targetHints":{"allow":["GET"]}}],"collection":[{"href":"https:\/\/jorgezanoni.com.br\/2019\/wp-json\/wp\/v2\/posts"}],"about":[{"href":"https:\/\/jorgezanoni.com.br\/2019\/wp-json\/wp\/v2\/types\/post"}],"author":[{"embeddable":true,"href":"https:\/\/jorgezanoni.com.br\/2019\/wp-json\/wp\/v2\/users\/1"}],"replies":[{"embeddable":true,"href":"https:\/\/jorgezanoni.com.br\/2019\/wp-json\/wp\/v2\/comments?post=8572"}],"version-history":[{"count":0,"href":"https:\/\/jorgezanoni.com.br\/2019\/wp-json\/wp\/v2\/posts\/8572\/revisions"}],"wp:featuredmedia":[{"embeddable":true,"href":"https:\/\/jorgezanoni.com.br\/2019\/wp-json\/wp\/v2\/media\/8574"}],"wp:attachment":[{"href":"https:\/\/jorgezanoni.com.br\/2019\/wp-json\/wp\/v2\/media?parent=8572"}],"wp:term":[{"taxonomy":"category","embeddable":true,"href":"https:\/\/jorgezanoni.com.br\/2019\/wp-json\/wp\/v2\/categories?post=8572"},{"taxonomy":"post_tag","embeddable":true,"href":"https:\/\/jorgezanoni.com.br\/2019\/wp-json\/wp\/v2\/tags?post=8572"}],"curies":[{"name":"wp","href":"https:\/\/api.w.org\/{rel}","templated":true}]}}