{"id":85700,"date":"2024-04-23T22:24:22","date_gmt":"2024-04-23T22:24:22","guid":{"rendered":"https:\/\/jorgezanoni.com.br\/2019\/?p=85700"},"modified":"2024-04-23T22:24:22","modified_gmt":"2024-04-23T22:24:22","slug":"perdas-e-danos-de-um-mesmo-tempo-deste-tempo-do-tempo-por-sergio-barbosa","status":"publish","type":"post","link":"https:\/\/jorgezanoni.com.br\/2019\/perdas-e-danos-de-um-mesmo-tempo-deste-tempo-do-tempo-por-sergio-barbosa\/","title":{"rendered":"Perdas e danos de um mesmo tempo deste tempo do tempo&#8230; (por S\u00e9rgio Barbosa)"},"content":{"rendered":"<p><strong>PERDAS E DANOS DE UM MESMO TEMPO DESTE TEMPO DO TEMPO&#8230;<\/strong><em>\u00a0<\/em><\/p>\n<p><strong><em>\u201cH\u00e1 coisas que melhor se dizem calando.\u201d (Machado de Assis)<\/em><\/strong><\/p>\n<p><strong><em>By seb@r.<\/em><\/strong><\/p>\n<p style=\"text-align: justify;\">Muitas pessoas ficam-se perguntando como pode isto ou aquilo para uma resposta sem muitas perguntas, como sempre, cada um corre para o seu lado e tudo fica na mesmice de sempre&#8230;<\/p>\n<p style=\"text-align: justify;\">O cotidiano permanece como fim de um corredor sem sa\u00edda para as d\u00favidas de uma mesma interroga\u00e7\u00e3o, neste caso em especial, a exclama\u00e7\u00e3o pode resolver sem o ponto e v\u00edrgula a coloca\u00e7\u00e3o do par\u00e1grafo sem os devidos cuidados&#8230;<\/p>\n<p style=\"text-align: justify;\">Portanto, em caso de pane na m\u00e1quina gramatical do presente sem futuro, ainda, do imperfeito sem sentido adverbial para tentar esclarecer isto que pode n\u00e3o ser aquilo e assim por diante&#8230;<\/p>\n<p style=\"text-align: justify;\">Nem tudo est\u00e1 perdido disse o pensador do passado perfeito, at\u00e9 mesmo com aquele discurso sem ponto final para anteceder o in\u00edcio de uma frase em meio para calar o plen\u00e1rio de uma institui\u00e7\u00e3o ultrapassada pelas mensagens an\u00f4nimas do poder institucionalizado pelos homens sem batinas com botas perfiladas&#8230;<\/p>\n<p style=\"text-align: justify;\">Entretanto, a mensagem continua censurada nos corredores do pal\u00e1cio central, numa escadaria sem degraus para descer na escurid\u00e3o da mem\u00f3ria daquele que partiu sem deixar vest\u00edgios para seus disc\u00edpulos sem farda&#8230;<\/p>\n<p style=\"text-align: justify;\">O momento pede sil\u00eancio em homenagem sublime para as bandeiras brancas em mastros pretos, uma homenagem perfilada para os homens das trevas neste novo tempo novo&#8230;<\/p>\n<p style=\"text-align: justify;\">Querem calar o passado para um olhar vazio na imensid\u00e3o discursiva do poder sacramental de um mundo secular, cada qual, querendo ser a resposta de uma interroga\u00e7\u00e3o perdida pelas perguntas sem sentido neste lama\u00e7al podre e silencioso&#8230;<\/p>\n<p style=\"text-align: justify;\">A m\u00fasica \u00e9 a mesma de sempre, sendo que a mesma nota toca sem cessar o som de um sofredor das profundezas do abismo que ficou entre a exclama\u00e7\u00e3o de uma frase perdida pelas retic\u00eancias do pret\u00e9rito, ou seja, mais do que perfeito em uma linguagem ultrapassada pelos erros do presente sem levar em conta o passado para uma perspectiva de futuro&#8230;<\/p>\n<p style=\"text-align: justify;\">O meio n\u00e3o \u00e9 a mensagem deste discurso evasivo que o homem coloca na boca de um trombone universal, solicita-se \u201cum momento maestro\u201d e tudo perde para o censor dos anos de chumbo&#8230;<\/p>\n<p style=\"text-align: justify;\">Ainda, quando o \u201cpensamento\u201d era sin\u00f4nimo de pris\u00e3o em nome da ordem social para um encontro com o cotidiano em nome das eternas falsas verdades em nome do Poder institucionalizado&#8230;<\/p>\n<p style=\"text-align: justify;\">A mulher grita pelo seu homem numa frase sem nexo, por\u00e9m, com sexo trivial para um momento perdido na paix\u00e3o do encontro em meio aos sussurros do outro lado, afinal, todos querem, todavia, n\u00e3o se pode levar a faixa de campe\u00e3o como trof\u00e9u da derrota em cima de uma vit\u00f3ria comprada pelos mesmos de sempre&#8230;<\/p>\n<p style=\"text-align: justify;\">Cada um sabe de si neste meandro nada \u00e9tico de um artigo sem texto, deixando de lado a leitura do dicion\u00e1rio para uma reflex\u00e3o cr\u00edtica em tempo deste tempo com o tempo daquele outro tempo&#8230;<\/p>\n<p style=\"text-align: justify;\"><strong><em>_______________________________<\/em><\/strong><\/p>\n<p style=\"text-align: justify;\"><strong><em>E-Mail: barbosa.<a href=\"mailto:sebar@gmail.com\">sebar@gmail.com<\/a><\/em><\/strong><\/p>\n<p style=\"text-align: justify;\">\n","protected":false},"excerpt":{"rendered":"<p>PERDAS E DANOS DE UM MESMO TEMPO DESTE TEMPO DO TEMPO&#8230;\u00a0 \u201cH\u00e1 coisas que melhor se dizem calando.\u201d (Machado de Assis) By seb@r. Muitas pessoas ficam-se perguntando como pode isto ou aquilo para uma resposta sem muitas perguntas, como sempre, cada um corre para o seu lado e tudo fica na mesmice de sempre&#8230; O [&hellip;]<\/p>\n","protected":false},"author":1,"featured_media":85701,"comment_status":"closed","ping_status":"open","sticky":false,"template":"","format":"standard","meta":{"footnotes":""},"categories":[175],"tags":[],"class_list":["post-85700","post","type-post","status-publish","format-standard","has-post-thumbnail","hentry","category-artigos"],"_links":{"self":[{"href":"https:\/\/jorgezanoni.com.br\/2019\/wp-json\/wp\/v2\/posts\/85700","targetHints":{"allow":["GET"]}}],"collection":[{"href":"https:\/\/jorgezanoni.com.br\/2019\/wp-json\/wp\/v2\/posts"}],"about":[{"href":"https:\/\/jorgezanoni.com.br\/2019\/wp-json\/wp\/v2\/types\/post"}],"author":[{"embeddable":true,"href":"https:\/\/jorgezanoni.com.br\/2019\/wp-json\/wp\/v2\/users\/1"}],"replies":[{"embeddable":true,"href":"https:\/\/jorgezanoni.com.br\/2019\/wp-json\/wp\/v2\/comments?post=85700"}],"version-history":[{"count":1,"href":"https:\/\/jorgezanoni.com.br\/2019\/wp-json\/wp\/v2\/posts\/85700\/revisions"}],"predecessor-version":[{"id":85702,"href":"https:\/\/jorgezanoni.com.br\/2019\/wp-json\/wp\/v2\/posts\/85700\/revisions\/85702"}],"wp:featuredmedia":[{"embeddable":true,"href":"https:\/\/jorgezanoni.com.br\/2019\/wp-json\/wp\/v2\/media\/85701"}],"wp:attachment":[{"href":"https:\/\/jorgezanoni.com.br\/2019\/wp-json\/wp\/v2\/media?parent=85700"}],"wp:term":[{"taxonomy":"category","embeddable":true,"href":"https:\/\/jorgezanoni.com.br\/2019\/wp-json\/wp\/v2\/categories?post=85700"},{"taxonomy":"post_tag","embeddable":true,"href":"https:\/\/jorgezanoni.com.br\/2019\/wp-json\/wp\/v2\/tags?post=85700"}],"curies":[{"name":"wp","href":"https:\/\/api.w.org\/{rel}","templated":true}]}}