{"id":85680,"date":"2024-04-22T16:14:56","date_gmt":"2024-04-22T16:14:56","guid":{"rendered":"https:\/\/jorgezanoni.com.br\/2019\/?p=85680"},"modified":"2024-04-22T19:08:12","modified_gmt":"2024-04-22T19:08:12","slug":"novos-radarares-iniciaram-operacao-nesta-segunda-feira-seis-na-sp-294","status":"publish","type":"post","link":"https:\/\/jorgezanoni.com.br\/2019\/novos-radarares-iniciaram-operacao-nesta-segunda-feira-seis-na-sp-294\/","title":{"rendered":"Novos radarares iniciaram opera\u00e7\u00e3o nesta segunda-feira, seis na SP-294"},"content":{"rendered":"<p class=\"v1MsoNormal\" style=\"text-align: justify;\" align=\"center\"><strong><i><span lang=\"PT\">Equipamentos instalados na SP 294 e na SP 304 come\u00e7am a funcionar hoje, ap\u00f3s homologa\u00e7\u00e3o do DER.<\/span><\/i><\/strong><\/p>\n<p class=\"v1MsoNormal\" style=\"text-align: justify;\"><span lang=\"PT\">A partir da pr\u00f3xima segunda-feira (22), oito novos radares entrar\u00e3o em opera\u00e7\u00e3o em duas rodovias administradas pela Eixo SP. Ser\u00e3o seis equipamentos na SP 294 &#8211; Comandante Jo\u00e3o Ribeiro de Barros, entre G\u00e1lia e Dracena, e dois na SP 304 &#8211; Rodovia Deputado Amauri Barroso de Souza, ambos em Mineiros do Tiet\u00ea.<\/span><\/p>\n<p class=\"v1MsoNormal\" style=\"text-align: justify;\"><span lang=\"PT\">Os equipamentos iniciam fiscaliza\u00e7\u00e3o ap\u00f3s homologa\u00e7\u00e3o do Departamento de Estradas de Rodagem (DER), \u00f3rg\u00e3o respons\u00e1vel pela aplica\u00e7\u00e3o das multas. A instala\u00e7\u00e3o e a opera\u00e7\u00e3o dos radares atendem a uma determina\u00e7\u00e3o do contrato de concess\u00e3o. De acordo com a coordenadora de Seguran\u00e7a Vi\u00e1ria da Eixo SP, Viviane Riveli de Carvalho, os equipamentos auxiliam na preserva\u00e7\u00e3o da seguran\u00e7a do usu\u00e1rio por meio da fiscaliza\u00e7\u00e3o da velocidade m\u00e1xima permitida na rodovia. Segundo ela, a velocidade excessiva \u00e9 um dos principais fatores que contribuem para o registro de acidentes.<\/span><\/p>\n<p class=\"v1MsoNormal\" style=\"text-align: justify;\"><b><span lang=\"PT\">Veja abaixo os locais onde come\u00e7am a operar os novos equipamentos.<\/span><\/b><\/p>\n<p class=\"v1MsoNormal\" style=\"text-align: justify;\"><span lang=\"PT\">SP 294 &#8211; km 393+900 (pista sentido leste) &#8211; Velocidade 100\/80 &#8211; G\u00e1lia<\/span><\/p>\n<p class=\"v1MsoNormal\" style=\"text-align: justify;\"><span lang=\"PT\">SP 294 &#8211; km 573+450 (pista sentido leste\/oeste) \u2013 Velocidade 60\/60 &#8211; Osvaldo Cruz<\/span><\/p>\n<p class=\"v1MsoNormal\" style=\"text-align: justify;\"><span lang=\"PT\">SP 294 &#8211; km 578+000 (pista sentido leste\/oeste) &#8211; Velocidade 100\/80 &#8211; In\u00fabia Paulista<\/span><\/p>\n<p class=\"v1MsoNormal\" style=\"text-align: justify;\"><span lang=\"PT\">SP 294 &#8211; km 611+500 (pista sentido oeste) &#8211; Velocidade 80\/80 &#8211; Fl\u00f3rida Paulista<\/span><\/p>\n<p class=\"v1MsoNormal\" style=\"text-align: justify;\"><span lang=\"PT\">SP 294 &#8211; km 638+100 (pista sentido oeste) Velocidade 60\/60 &#8211; Junqueir\u00f3polis<\/span><\/p>\n<p class=\"v1MsoNormal\" style=\"text-align: justify;\"><span lang=\"PT\">SP 294 &#8211; km 652+400 (pista sentido oeste) \u2013 Velocidade 80\/80 &#8211; Dracena<\/span><\/p>\n<p class=\"v1MsoNormal\" style=\"text-align: justify;\"><span lang=\"PT\">SP 304 &#8211; km 275+000 (pista sentido leste\/oeste) &#8211; Velocidade 100\/80 &#8211; Mineiros do Tiet\u00ea<\/span><\/p>\n<p class=\"v1MsoNormal\" style=\"text-align: justify;\"><span lang=\"PT\">SP 304 &#8211; km 277+740 (pista sentido oeste) &#8211; Velocidade 60\/60 &#8211; Mineiros do Tiet\u00ea<\/span><span lang=\"PT\">\u00a0<\/span><\/p>\n<p class=\"v1MsoNormal\" style=\"text-align: justify;\"><b><span lang=\"PT\">Sobre a Eixo SP<\/span><\/b><\/p>\n<p class=\"v1MsoNormal\" style=\"text-align: justify;\"><span lang=\"PT\">A Eixo SP Concession\u00e1ria de Rodovias administra mais de 1.221 km de estradas que passam por 62 munic\u00edpios da regi\u00e3o de Rio Claro, no centro do Estado, at\u00e9 Panorama, no extremo oeste, na divisa com o Mato Grosso do Sul. O maior contrato sob supervis\u00e3o da Artesp (Ag\u00eancia Reguladora de Transportes do Estado de S\u00e3o Paulo) ter\u00e1 investimentos na ordem de R$ 14 bilh\u00f5es em obras de amplia\u00e7\u00e3o, conserva\u00e7\u00e3o, al\u00e9m da moderniza\u00e7\u00e3o de servi\u00e7os ao usu\u00e1rio. Para mais informa\u00e7\u00f5es acesse:\u00a0<a href=\"http:\/\/www.eixosp.com.br\/\" target=\"_blank\" rel=\"noopener noreferrer\">www.eixosp.com.br<\/a>.<\/span><\/p>\n","protected":false},"excerpt":{"rendered":"<p>Equipamentos instalados na SP 294 e na SP 304 come\u00e7am a funcionar hoje, ap\u00f3s homologa\u00e7\u00e3o do DER. A partir da pr\u00f3xima segunda-feira (22), oito novos radares entrar\u00e3o em opera\u00e7\u00e3o em duas rodovias administradas pela Eixo SP. Ser\u00e3o seis equipamentos na SP 294 &#8211; Comandante Jo\u00e3o Ribeiro de Barros, entre G\u00e1lia e Dracena, e dois na [&hellip;]<\/p>\n","protected":false},"author":1,"featured_media":85681,"comment_status":"closed","ping_status":"open","sticky":false,"template":"","format":"standard","meta":{"footnotes":""},"categories":[180,110],"tags":[],"class_list":["post-85680","post","type-post","status-publish","format-standard","has-post-thumbnail","hentry","category-estradastransitoveiculos","category-noticiasdestaque"],"_links":{"self":[{"href":"https:\/\/jorgezanoni.com.br\/2019\/wp-json\/wp\/v2\/posts\/85680","targetHints":{"allow":["GET"]}}],"collection":[{"href":"https:\/\/jorgezanoni.com.br\/2019\/wp-json\/wp\/v2\/posts"}],"about":[{"href":"https:\/\/jorgezanoni.com.br\/2019\/wp-json\/wp\/v2\/types\/post"}],"author":[{"embeddable":true,"href":"https:\/\/jorgezanoni.com.br\/2019\/wp-json\/wp\/v2\/users\/1"}],"replies":[{"embeddable":true,"href":"https:\/\/jorgezanoni.com.br\/2019\/wp-json\/wp\/v2\/comments?post=85680"}],"version-history":[{"count":2,"href":"https:\/\/jorgezanoni.com.br\/2019\/wp-json\/wp\/v2\/posts\/85680\/revisions"}],"predecessor-version":[{"id":85683,"href":"https:\/\/jorgezanoni.com.br\/2019\/wp-json\/wp\/v2\/posts\/85680\/revisions\/85683"}],"wp:featuredmedia":[{"embeddable":true,"href":"https:\/\/jorgezanoni.com.br\/2019\/wp-json\/wp\/v2\/media\/85681"}],"wp:attachment":[{"href":"https:\/\/jorgezanoni.com.br\/2019\/wp-json\/wp\/v2\/media?parent=85680"}],"wp:term":[{"taxonomy":"category","embeddable":true,"href":"https:\/\/jorgezanoni.com.br\/2019\/wp-json\/wp\/v2\/categories?post=85680"},{"taxonomy":"post_tag","embeddable":true,"href":"https:\/\/jorgezanoni.com.br\/2019\/wp-json\/wp\/v2\/tags?post=85680"}],"curies":[{"name":"wp","href":"https:\/\/api.w.org\/{rel}","templated":true}]}}