{"id":8568,"date":"2019-10-12T19:37:34","date_gmt":"2019-10-12T19:37:34","guid":{"rendered":"https:\/\/jorgezanoni.com.br\/2019\/?p=8568"},"modified":"2019-10-12T19:37:34","modified_gmt":"2019-10-12T19:37:34","slug":"morador-de-coronel-vivida-de-117-anos-pode-ser-um-dos-homens-mais-velhos-do-mundo","status":"publish","type":"post","link":"https:\/\/jorgezanoni.com.br\/2019\/morador-de-coronel-vivida-de-117-anos-pode-ser-um-dos-homens-mais-velhos-do-mundo\/","title":{"rendered":"Morador de Coronel Vivida de 117 anos pode ser um dos homens mais velhos do mundo"},"content":{"rendered":"<h2 class=\"content-head__subtitle\" style=\"text-align: justify;\"><strong>Sebasti\u00e3o Batista dos Santos nasceu no dia 15 de mar\u00e7o de 1902. Ele recebeu uma nova identidade e registro de nascimento de t\u00e9cnicos do Instituto de Identifica\u00e7\u00e3o do Paran\u00e1.<\/strong><\/h2>\n<div class=\"mc-column content-text active-extra-styles \" data-block-type=\"unstyled\" data-block-weight=\"55\" data-block-id=\"2\">\n<p class=\"content-text__container \" style=\"text-align: justify;\" data-track-category=\"Link no Texto\" data-track-links=\"\">Sebasti\u00e3o Batista dos Santos pode ser um dos homens mais velhos do mundo. Com 117 anos, o centen\u00e1rio, que mora em Coronel Vivida, no sudoeste do Paran\u00e1, gosta de passar o tempo na varanda de casa tocando a gaita que ganhou dos amigos. O segredo da longevidade, \u00e9 a alegria, ele est\u00e1 sempre sorrindo.<\/p>\n<\/div>\n<div class=\"wall protected-content\">\n<div class=\"mc-column content-text active-extra-styles\" style=\"text-align: justify;\" data-block-type=\"raw\" data-block-weight=\"22\" data-block-id=\"3\">\n<blockquote class=\"content-blockquote theme-border-color-primary-before\"><p>\u201cEstou sempre alegre, gra\u00e7as a deus! A riqueza que Deus me deu foi essa, sou pobre mas alegre\u201d, se diverte o centen\u00e1rio.<\/p><\/blockquote>\n<\/div>\n<div class=\"mc-column content-text active-extra-styles \" style=\"text-align: justify;\" data-block-type=\"unstyled\" data-block-weight=\"43\" data-block-id=\"4\">\n<p class=\"content-text__container \" data-track-category=\"Link no Texto\" data-track-links=\"\">Outra paix\u00e3o \u00e9 a horta. H\u00e1 uma semana ele plantou p\u00e9s de mandioca no quintal de casa com a ajuda da filha e da neta. Seu Sebasti\u00e3o teve uma doen\u00e7a e ficou um pouco debilitado, mas ainda espera voltar a cuidar das plantas.<\/p>\n<\/div>\n<div class=\"mc-column content-text active-extra-styles \" style=\"text-align: justify;\" data-block-type=\"unstyled\" data-block-weight=\"33\" data-block-id=\"5\">\n<p class=\"content-text__container \" data-track-category=\"Link no Texto\" data-track-links=\"\">\u201cEstou com esperan\u00e7a que daqui mais uns dias j\u00e1 vou de novo limpar, plantar mais um pouco. Tenho esperan\u00e7a de trabalhar mais um pouco ainda\u201d, diz Sebasti\u00e3o Batista dos Santos, de 117 anos<\/p>\n<\/div>\n<div class=\"mc-column content-text active-extra-styles \" style=\"text-align: justify;\" data-block-type=\"unstyled\" data-block-weight=\"15\" data-block-id=\"6\">\n<p class=\"content-text__container \" data-track-category=\"Link no Texto\" data-track-links=\"\">A filha de Sebasti\u00e3o diz que muitas pessoas chegaram a duvidar da idade do pai.<\/p>\n<\/div>\n<div class=\"mc-column content-text active-extra-styles \" style=\"text-align: justify;\" data-block-type=\"unstyled\" data-block-weight=\"31\" data-block-id=\"7\">\n<p class=\"content-text__container \" data-track-category=\"Link no Texto\" data-track-links=\"\">&#8220;Algumas pessoas n\u00e3o acreditavam que ele tinha essa idade. A gente apresentava a identidade e o CPF, mas a\u00ed perguntavam se t\u00ednhamos o registro de nascimento. N\u00e3o t\u00ednhamos&#8221;, conta Joceli Santos.<\/p>\n<\/div>\n<div class=\"mc-column content-text active-extra-styles \" style=\"text-align: justify;\" data-block-type=\"unstyled\" data-block-weight=\"46\" data-block-id=\"8\">\n<p class=\"content-text__container \" data-track-category=\"Link no Texto\" data-track-links=\"\">Depois de saber da hist\u00f3ria do centen\u00e1rio, os t\u00e9cnicos do Instituto de Identifica\u00e7\u00e3o do Paran\u00e1 foram pesquisar os registros e conseguiram confirmar, Sebasti\u00e3o nasceu em 15 de mar\u00e7o de 1902. Com ajuda dos servidores, ele recebeu a certid\u00e3o de nascimento e uma nova carteira de identidade.<\/p>\n<\/div>\n<div class=\"mc-column content-text active-extra-styles \" style=\"text-align: justify;\" data-block-type=\"unstyled\" data-block-weight=\"27\" data-block-id=\"10\">\n<p class=\"content-text__container \" data-track-category=\"Link no Texto\" data-track-links=\"\">&#8220;A gente tinha uma certid\u00e3o dele l\u00e1 no setor de microfilmagem quando ele fez a primeira identidade nos anos 70\u201d, explicou o papiloscopista Roque da Silva.<\/p>\n<\/div>\n<div class=\"mc-column content-text active-extra-styles \" style=\"text-align: justify;\" data-block-type=\"unstyled\" data-block-weight=\"18\" data-block-id=\"11\">\n<p class=\"content-text__container \" data-track-category=\"Link no Texto\" data-track-links=\"\">Agora, com toda documenta\u00e7\u00e3o oficial, Sebasti\u00e3o pode at\u00e9 ser reconhecido como o homem mais velho do mundo.<\/p>\n<\/div>\n<div class=\"mc-column content-text active-extra-styles \" style=\"text-align: justify;\" data-block-type=\"unstyled\" data-block-weight=\"22\" data-block-id=\"12\">\n<p class=\"content-text__container \" data-track-category=\"Link no Texto\" data-track-links=\"\">A assessoria do Instituto de Identifica\u00e7\u00e3o do Paran\u00e1 entrou em contato com o livro mundial dos recordes que est\u00e1 analisando o caso.<\/p>\n<\/div>\n<div class=\"mc-column content-text active-extra-styles \" data-block-type=\"unstyled\" data-block-weight=\"13\" data-block-id=\"13\">\n<p class=\"content-text__container \" style=\"text-align: justify;\" data-track-category=\"Link no Texto\" data-track-links=\"\">A expectativa \u00e9 de que a resposta seja enviada em at\u00e9 seis meses.<\/p>\n<p data-track-category=\"Link no Texto\" data-track-links=\"\"><img loading=\"lazy\" decoding=\"async\" class=\"alignnone size-full wp-image-8569\" src=\"https:\/\/jorgezanoni.com.br\/2019\/wp-content\/uploads\/2019\/10\/idoso1-1.jpg\" alt=\"\" width=\"1600\" height=\"758\" srcset=\"https:\/\/jorgezanoni.com.br\/2019\/wp-content\/uploads\/2019\/10\/idoso1-1.jpg 1600w, https:\/\/jorgezanoni.com.br\/2019\/wp-content\/uploads\/2019\/10\/idoso1-1-300x142.jpg 300w, https:\/\/jorgezanoni.com.br\/2019\/wp-content\/uploads\/2019\/10\/idoso1-1-768x364.jpg 768w, https:\/\/jorgezanoni.com.br\/2019\/wp-content\/uploads\/2019\/10\/idoso1-1-1024x485.jpg 1024w, https:\/\/jorgezanoni.com.br\/2019\/wp-content\/uploads\/2019\/10\/idoso1-1-696x330.jpg 696w, https:\/\/jorgezanoni.com.br\/2019\/wp-content\/uploads\/2019\/10\/idoso1-1-1068x506.jpg 1068w, https:\/\/jorgezanoni.com.br\/2019\/wp-content\/uploads\/2019\/10\/idoso1-1-887x420.jpg 887w\" sizes=\"auto, (max-width: 1600px) 100vw, 1600px\" \/>Registro de nascimento comprova que homem nasceu em 1902 \u2014 Foto: Reprodu\u00e7\u00e3o\/RPC<\/p>\n<p data-track-category=\"Link no Texto\" data-track-links=\"\">Fonte: G1<\/p>\n<\/div>\n<\/div>\n","protected":false},"excerpt":{"rendered":"<p>Sebasti\u00e3o Batista dos Santos nasceu no dia 15 de mar\u00e7o de 1902. Ele recebeu uma nova identidade e registro de nascimento de t\u00e9cnicos do Instituto de Identifica\u00e7\u00e3o do Paran\u00e1. Sebasti\u00e3o Batista dos Santos pode ser um dos homens mais velhos do mundo. Com 117 anos, o centen\u00e1rio, que mora em Coronel Vivida, no sudoeste do [&hellip;]<\/p>\n","protected":false},"author":1,"featured_media":8570,"comment_status":"closed","ping_status":"open","sticky":false,"template":"","format":"standard","meta":{"footnotes":""},"categories":[114],"tags":[],"class_list":["post-8568","post","type-post","status-publish","format-standard","has-post-thumbnail","hentry","category-geralecomercio"],"_links":{"self":[{"href":"https:\/\/jorgezanoni.com.br\/2019\/wp-json\/wp\/v2\/posts\/8568","targetHints":{"allow":["GET"]}}],"collection":[{"href":"https:\/\/jorgezanoni.com.br\/2019\/wp-json\/wp\/v2\/posts"}],"about":[{"href":"https:\/\/jorgezanoni.com.br\/2019\/wp-json\/wp\/v2\/types\/post"}],"author":[{"embeddable":true,"href":"https:\/\/jorgezanoni.com.br\/2019\/wp-json\/wp\/v2\/users\/1"}],"replies":[{"embeddable":true,"href":"https:\/\/jorgezanoni.com.br\/2019\/wp-json\/wp\/v2\/comments?post=8568"}],"version-history":[{"count":0,"href":"https:\/\/jorgezanoni.com.br\/2019\/wp-json\/wp\/v2\/posts\/8568\/revisions"}],"wp:featuredmedia":[{"embeddable":true,"href":"https:\/\/jorgezanoni.com.br\/2019\/wp-json\/wp\/v2\/media\/8570"}],"wp:attachment":[{"href":"https:\/\/jorgezanoni.com.br\/2019\/wp-json\/wp\/v2\/media?parent=8568"}],"wp:term":[{"taxonomy":"category","embeddable":true,"href":"https:\/\/jorgezanoni.com.br\/2019\/wp-json\/wp\/v2\/categories?post=8568"},{"taxonomy":"post_tag","embeddable":true,"href":"https:\/\/jorgezanoni.com.br\/2019\/wp-json\/wp\/v2\/tags?post=8568"}],"curies":[{"name":"wp","href":"https:\/\/api.w.org\/{rel}","templated":true}]}}