{"id":85624,"date":"2024-04-13T19:16:05","date_gmt":"2024-04-13T19:16:05","guid":{"rendered":"https:\/\/jorgezanoni.com.br\/2019\/?p=85624"},"modified":"2024-04-13T19:16:05","modified_gmt":"2024-04-13T19:16:05","slug":"saude-mental-da-mulher-e-desigualdade-de-genero-por-cidinha-pascoaloto","status":"publish","type":"post","link":"https:\/\/jorgezanoni.com.br\/2019\/saude-mental-da-mulher-e-desigualdade-de-genero-por-cidinha-pascoaloto\/","title":{"rendered":"Sa\u00fade mental da mulher e desigualdade de g\u00eanero  (por Cidinha Pascoaloto)"},"content":{"rendered":"<p style=\"text-align: justify;\">A sa\u00fade mental da mulher \u00e9 um tema de extrema import\u00e2ncia que deve ser discutido e compreendido em profundidade, especialmente quando consideramos a influ\u00eancia da diferen\u00e7a de g\u00eanero.<\/p>\n<p style=\"text-align: justify;\">A diferen\u00e7a de g\u00eanero pode se manifestar de diversas formas no contexto da sa\u00fade mental. As mulheres frequentemente enfrentam discrimina\u00e7\u00e3o, viol\u00eancia psicol\u00f3gica e f\u00edsica, desigualdade salarial, trabalho n\u00e3o remunerado como o servi\u00e7o dom\u00e9stico e dupla jornada de trabalho.<\/p>\n<p style=\"text-align: justify;\">O que pode resultar em altos n\u00edveis de estresse, ansiedade e depress\u00e3o. A depress\u00e3o \u00e9 uma das principais causas de incapacidade em mulheres em todo o mundo.<\/p>\n<p style=\"text-align: justify;\">\u00a0As mulheres muitas vezes, s\u00e3o desencorajadas a expressar suas emo\u00e7\u00f5es e buscar ajuda profissional, agravando assim os problemas emocionais e mentais que afetam diretamente a sua qualidade de vida.<\/p>\n<p style=\"text-align: justify;\">\u00c9 fundamental que haja uma conscientiza\u00e7\u00e3o crescente sobre a import\u00e2ncia de promover a sa\u00fade mental das mulheres e garantir que elas tenham acesso a recursos necess\u00e1rios para alcan\u00e7ar melhor qualidade de vida.<\/p>\n<p style=\"text-align: justify;\">\u00a0Isso inclui pol\u00edticas p\u00fablicas que abordem as causas das diferen\u00e7as de g\u00eanero como, campanhas de conscientiza\u00e7\u00e3o para combater o estigma e programas de apoio espec\u00edficos voltados para as necessidades das mulheres. O apoio familiar e de amigos aliado \u00e0 assist\u00eancia profissional, s\u00e3o estrat\u00e9gias essenciais na preven\u00e7\u00e3o e promo\u00e7\u00e3o do bem- estar e na qualidade de vida da mulher.<\/p>\n<p style=\"text-align: justify;\">A aten\u00e7\u00e3o \u00e0 sa\u00fade mental da mulher n\u00e3o deve ser negligenciada. \u00c9 essencial reconhecer e abordar as complexidades da experi\u00eancia feminina na diferen\u00e7a de g\u00eanero garantindo que todas as mulheres tenham a oportunidade de buscar ajuda e cuidado quando necess\u00e1rio.<\/p>\n<p style=\"text-align: justify;\">Todos n\u00f3s enfrentamos desafios ao longo da vida, por isso \u00e9 fundamental buscar ajuda de profissionais da sa\u00fade quando necess\u00e1rio.<\/p>\n<p style=\"text-align: justify;\"><img loading=\"lazy\" decoding=\"async\" class=\"alignnone size-full wp-image-85626\" src=\"https:\/\/jorgezanoni.com.br\/2019\/wp-content\/uploads\/2024\/04\/Cidinha-Pascoaloto-1.jpg\" alt=\"\" width=\"500\" height=\"755\" srcset=\"https:\/\/jorgezanoni.com.br\/2019\/wp-content\/uploads\/2024\/04\/Cidinha-Pascoaloto-1.jpg 500w, https:\/\/jorgezanoni.com.br\/2019\/wp-content\/uploads\/2024\/04\/Cidinha-Pascoaloto-1-199x300.jpg 199w, https:\/\/jorgezanoni.com.br\/2019\/wp-content\/uploads\/2024\/04\/Cidinha-Pascoaloto-1-278x420.jpg 278w\" sizes=\"auto, (max-width: 500px) 100vw, 500px\" \/>\u00a0Cidinha Pascoaloto-Psic\u00f3loga, com foco no luto CRP 06\/158174. Presencial e online, contato: (18) 99725-6418<\/p>\n<p>&nbsp;<\/p>\n<p>&nbsp;<\/p>\n","protected":false},"excerpt":{"rendered":"<p>A sa\u00fade mental da mulher \u00e9 um tema de extrema import\u00e2ncia que deve ser discutido e compreendido em profundidade, especialmente quando consideramos a influ\u00eancia da diferen\u00e7a de g\u00eanero. A diferen\u00e7a de g\u00eanero pode se manifestar de diversas formas no contexto da sa\u00fade mental. As mulheres frequentemente enfrentam discrimina\u00e7\u00e3o, viol\u00eancia psicol\u00f3gica e f\u00edsica, desigualdade salarial, trabalho [&hellip;]<\/p>\n","protected":false},"author":1,"featured_media":85625,"comment_status":"closed","ping_status":"open","sticky":false,"template":"","format":"standard","meta":{"footnotes":""},"categories":[175],"tags":[],"class_list":["post-85624","post","type-post","status-publish","format-standard","has-post-thumbnail","hentry","category-artigos"],"_links":{"self":[{"href":"https:\/\/jorgezanoni.com.br\/2019\/wp-json\/wp\/v2\/posts\/85624","targetHints":{"allow":["GET"]}}],"collection":[{"href":"https:\/\/jorgezanoni.com.br\/2019\/wp-json\/wp\/v2\/posts"}],"about":[{"href":"https:\/\/jorgezanoni.com.br\/2019\/wp-json\/wp\/v2\/types\/post"}],"author":[{"embeddable":true,"href":"https:\/\/jorgezanoni.com.br\/2019\/wp-json\/wp\/v2\/users\/1"}],"replies":[{"embeddable":true,"href":"https:\/\/jorgezanoni.com.br\/2019\/wp-json\/wp\/v2\/comments?post=85624"}],"version-history":[{"count":1,"href":"https:\/\/jorgezanoni.com.br\/2019\/wp-json\/wp\/v2\/posts\/85624\/revisions"}],"predecessor-version":[{"id":85627,"href":"https:\/\/jorgezanoni.com.br\/2019\/wp-json\/wp\/v2\/posts\/85624\/revisions\/85627"}],"wp:featuredmedia":[{"embeddable":true,"href":"https:\/\/jorgezanoni.com.br\/2019\/wp-json\/wp\/v2\/media\/85625"}],"wp:attachment":[{"href":"https:\/\/jorgezanoni.com.br\/2019\/wp-json\/wp\/v2\/media?parent=85624"}],"wp:term":[{"taxonomy":"category","embeddable":true,"href":"https:\/\/jorgezanoni.com.br\/2019\/wp-json\/wp\/v2\/categories?post=85624"},{"taxonomy":"post_tag","embeddable":true,"href":"https:\/\/jorgezanoni.com.br\/2019\/wp-json\/wp\/v2\/tags?post=85624"}],"curies":[{"name":"wp","href":"https:\/\/api.w.org\/{rel}","templated":true}]}}