{"id":8562,"date":"2019-10-12T19:12:50","date_gmt":"2019-10-12T19:12:50","guid":{"rendered":"https:\/\/jorgezanoni.com.br\/2019\/?p=8562"},"modified":"2019-10-12T19:12:50","modified_gmt":"2019-10-12T19:12:50","slug":"filho-e-encontrado-sem-vida-pela-propria-mae-em-pacaembu","status":"publish","type":"post","link":"https:\/\/jorgezanoni.com.br\/2019\/filho-e-encontrado-sem-vida-pela-propria-mae-em-pacaembu\/","title":{"rendered":"Filho \u00e9 encontrado sem vida pela pr\u00f3pria m\u00e3e em Pacaembu"},"content":{"rendered":"<p style=\"text-align: justify;\">Um pacaembuense de 43 anos de idade foi encontrado pela pr\u00f3pria m\u00e3e j\u00e1 sem vida ap\u00f3s cometer suic\u00eddio.<\/p>\n<p style=\"text-align: justify;\">Segundo informa\u00e7\u00f5es apuradas pela reportagem do portal Folha Regional Pacaembu junto \u00e0 Pol\u00edcia Militar, por volta das 11h15 deste s\u00e1bado (12), a m\u00e3e se deparou com o filho pendurado com um fio envolto ao pesco\u00e7o dentro do quarto na resid\u00eancia onde mora localizada na Avenida Copacabana no Jardim Maraj\u00e1.<\/p>\n<p style=\"text-align: justify;\">Em estado de choque, a mulher n\u00e3o conseguiu se aproximar do jovem.<\/p>\n<p style=\"text-align: justify;\">O Resgate do Corpo de Bombeiros de Adamantina foi acionado e socorreu o jovem levando-o at\u00e9 a Santa Casa de Miseric\u00f3rdia onde foi constatado o seu \u00f3bito.<\/p>\n<p style=\"text-align: justify;\">O corpo do pacaembuense foi encaminhado para o Instituto M\u00e9dico Legal onde vai passar por exames e posteriormente ser\u00e1 liberado para vel\u00f3rio.<\/p>\n<p style=\"text-align: justify;\">Fonte: Folha Regional<\/p>\n","protected":false},"excerpt":{"rendered":"<p>Um pacaembuense de 43 anos de idade foi encontrado pela pr\u00f3pria m\u00e3e j\u00e1 sem vida ap\u00f3s cometer suic\u00eddio. Segundo informa\u00e7\u00f5es apuradas pela reportagem do portal Folha Regional Pacaembu junto \u00e0 Pol\u00edcia Militar, por volta das 11h15 deste s\u00e1bado (12), a m\u00e3e se deparou com o filho pendurado com um fio envolto ao pesco\u00e7o dentro do [&hellip;]<\/p>\n","protected":false},"author":1,"featured_media":8563,"comment_status":"closed","ping_status":"open","sticky":false,"template":"","format":"standard","meta":{"footnotes":""},"categories":[110,2],"tags":[],"class_list":["post-8562","post","type-post","status-publish","format-standard","has-post-thumbnail","hentry","category-noticiasdestaque","category-policial"],"_links":{"self":[{"href":"https:\/\/jorgezanoni.com.br\/2019\/wp-json\/wp\/v2\/posts\/8562","targetHints":{"allow":["GET"]}}],"collection":[{"href":"https:\/\/jorgezanoni.com.br\/2019\/wp-json\/wp\/v2\/posts"}],"about":[{"href":"https:\/\/jorgezanoni.com.br\/2019\/wp-json\/wp\/v2\/types\/post"}],"author":[{"embeddable":true,"href":"https:\/\/jorgezanoni.com.br\/2019\/wp-json\/wp\/v2\/users\/1"}],"replies":[{"embeddable":true,"href":"https:\/\/jorgezanoni.com.br\/2019\/wp-json\/wp\/v2\/comments?post=8562"}],"version-history":[{"count":0,"href":"https:\/\/jorgezanoni.com.br\/2019\/wp-json\/wp\/v2\/posts\/8562\/revisions"}],"wp:featuredmedia":[{"embeddable":true,"href":"https:\/\/jorgezanoni.com.br\/2019\/wp-json\/wp\/v2\/media\/8563"}],"wp:attachment":[{"href":"https:\/\/jorgezanoni.com.br\/2019\/wp-json\/wp\/v2\/media?parent=8562"}],"wp:term":[{"taxonomy":"category","embeddable":true,"href":"https:\/\/jorgezanoni.com.br\/2019\/wp-json\/wp\/v2\/categories?post=8562"},{"taxonomy":"post_tag","embeddable":true,"href":"https:\/\/jorgezanoni.com.br\/2019\/wp-json\/wp\/v2\/tags?post=8562"}],"curies":[{"name":"wp","href":"https:\/\/api.w.org\/{rel}","templated":true}]}}