{"id":85585,"date":"2024-04-11T17:28:53","date_gmt":"2024-04-11T17:28:53","guid":{"rendered":"https:\/\/jorgezanoni.com.br\/2019\/?p=85585"},"modified":"2024-04-11T17:28:53","modified_gmt":"2024-04-11T17:28:53","slug":"policia-civil-participa-do-congresso-regional-do-projeto-oab-por-elas-em-dracena","status":"publish","type":"post","link":"https:\/\/jorgezanoni.com.br\/2019\/policia-civil-participa-do-congresso-regional-do-projeto-oab-por-elas-em-dracena\/","title":{"rendered":"Pol\u00edcia Civil participa do Congresso Regional do projeto &#8220;OAB POR ELAS&#8221; em Dracena"},"content":{"rendered":"<p style=\"text-align: justify;\">Ontem, quarta-feira (10\/04), a Pol\u00edcia Civil, representada pela Dra. Luciana Nunes Falc\u00e3o Mendes, titular da Delegacia de Pol\u00edcia de Defesa da Mulher de Dracena, participou do Congresso Regional do Projeto \u201cOAB Por Elas\u201d na sede da 49\u00aa Subse\u00e7\u00e3o de Dracena. No evento estiveram presentes cerca de 70 pessoas, incluindo policiais civis e militares, assistentes sociais, advogados representando as Subse\u00e7\u00f5es de Dracena, Junqueir\u00f3polis, Bauru, Presidente Venceslau e Pacaembu, servidores p\u00fablicos municipais, CRAS de Ouro Verde, SAI &#8211; Casa da Mulher, Diretoria de Ensino e representantes das Faculdades Reges, Unifadra\/Fundec e Unesp.<\/p>\n<p style=\"text-align: justify;\">O Congresso teve in\u00edcio com as palavras da Dra. Luciana, que destacou a import\u00e2ncia da parceria estabelecida com o Projeto \u201cOAB Por Elas\u201d, mencionando a disponibiliza\u00e7\u00e3o de uma sala nas depend\u00eancias da Delegacia de Pol\u00edcia de Defesa da Mulher de Dracena para combater a viol\u00eancia dom\u00e9stica e fortalecer as mulheres v\u00edtimas de viol\u00eancia. Em seguida, a Psic\u00f3loga Michele Rubira, parceira dos atendimentos prestados no local, tamb\u00e9m se pronunciou.<\/p>\n<p style=\"text-align: justify;\">Na sequ\u00eancia, a Dra. Artenira da Silva e Silva abordou o tema Viol\u00eancia Familiar, seguida pela Dra. Alice Bianchini com o tema Viol\u00eancia Virtual, e finalizando, a Dra. Myrian Ravanelli Scandar discorreu sobre viol\u00eancia Patrimonial.<\/p>\n<p style=\"text-align: justify;\">O evento contribuiu significativamente para a difus\u00e3o de conhecimento e capacita\u00e7\u00e3o dos policiais civis no atendimento \u00e0s mulheres v\u00edtimas de viol\u00eancia dom\u00e9stica na regi\u00e3o.<\/p>\n<p>Fonte: Com. Social Pol\u00edcia Civil<\/p>\n","protected":false},"excerpt":{"rendered":"<p>Ontem, quarta-feira (10\/04), a Pol\u00edcia Civil, representada pela Dra. Luciana Nunes Falc\u00e3o Mendes, titular da Delegacia de Pol\u00edcia de Defesa da Mulher de Dracena, participou do Congresso Regional do Projeto \u201cOAB Por Elas\u201d na sede da 49\u00aa Subse\u00e7\u00e3o de Dracena. No evento estiveram presentes cerca de 70 pessoas, incluindo policiais civis e militares, assistentes sociais, [&hellip;]<\/p>\n","protected":false},"author":1,"featured_media":85587,"comment_status":"closed","ping_status":"open","sticky":false,"template":"","format":"standard","meta":{"footnotes":""},"categories":[110,2],"tags":[],"class_list":["post-85585","post","type-post","status-publish","format-standard","has-post-thumbnail","hentry","category-noticiasdestaque","category-policial"],"_links":{"self":[{"href":"https:\/\/jorgezanoni.com.br\/2019\/wp-json\/wp\/v2\/posts\/85585","targetHints":{"allow":["GET"]}}],"collection":[{"href":"https:\/\/jorgezanoni.com.br\/2019\/wp-json\/wp\/v2\/posts"}],"about":[{"href":"https:\/\/jorgezanoni.com.br\/2019\/wp-json\/wp\/v2\/types\/post"}],"author":[{"embeddable":true,"href":"https:\/\/jorgezanoni.com.br\/2019\/wp-json\/wp\/v2\/users\/1"}],"replies":[{"embeddable":true,"href":"https:\/\/jorgezanoni.com.br\/2019\/wp-json\/wp\/v2\/comments?post=85585"}],"version-history":[{"count":1,"href":"https:\/\/jorgezanoni.com.br\/2019\/wp-json\/wp\/v2\/posts\/85585\/revisions"}],"predecessor-version":[{"id":85588,"href":"https:\/\/jorgezanoni.com.br\/2019\/wp-json\/wp\/v2\/posts\/85585\/revisions\/85588"}],"wp:featuredmedia":[{"embeddable":true,"href":"https:\/\/jorgezanoni.com.br\/2019\/wp-json\/wp\/v2\/media\/85587"}],"wp:attachment":[{"href":"https:\/\/jorgezanoni.com.br\/2019\/wp-json\/wp\/v2\/media?parent=85585"}],"wp:term":[{"taxonomy":"category","embeddable":true,"href":"https:\/\/jorgezanoni.com.br\/2019\/wp-json\/wp\/v2\/categories?post=85585"},{"taxonomy":"post_tag","embeddable":true,"href":"https:\/\/jorgezanoni.com.br\/2019\/wp-json\/wp\/v2\/tags?post=85585"}],"curies":[{"name":"wp","href":"https:\/\/api.w.org\/{rel}","templated":true}]}}