{"id":85581,"date":"2024-04-11T17:18:50","date_gmt":"2024-04-11T17:18:50","guid":{"rendered":"https:\/\/jorgezanoni.com.br\/2019\/?p=85581"},"modified":"2024-04-11T17:18:50","modified_gmt":"2024-04-11T17:18:50","slug":"policia-militar-prende-dois-homens-um-por-flagrante-de-furto-e-outro-por-receptacao-em-panorama","status":"publish","type":"post","link":"https:\/\/jorgezanoni.com.br\/2019\/policia-militar-prende-dois-homens-um-por-flagrante-de-furto-e-outro-por-receptacao-em-panorama\/","title":{"rendered":"Pol\u00edcia Militar prende dois homens, um por flagrante de furto e outro por recepta\u00e7\u00e3o em Panorama"},"content":{"rendered":"<p style=\"text-align: justify;\">Na data de ontem (10), por volta das 20h18 min, policiais militares do 25\u00ba Batalh\u00e3o de Pol\u00edcia Militar do Interior, prendem dois homens no munic\u00edpio de Panorama, um por flagrante de furto e o outro por recepta\u00e7\u00e3o.<br \/>\nEquipe policial em patrulhamento avistou um indiv\u00edduo masculino, o qual j\u00e1 havia praticado outros furtos na cidade, com uma mochila nas costas e ao avistar a equipe, demonstrou enorme nervosismo, sendo assim, foi realizada a abordagem e em busca pessoal nada de il\u00edcito foi localizado, por\u00e9m no interior da mochila que o mesmo trazia consigo, foi localizada uma serra policorte da marca Makita, indagado acerca da proced\u00eancia do objeto, o mesmo confirmou que havia acabado de furt\u00e1-la de uma obra da cidade. Os policiais entraram em contato telef\u00f4nico com a propriet\u00e1ria do local, a qual n\u00e3o reside na cidade, mencionou que a ferramenta existente na obra pertencia ao pedreiro, que foi localizado posteriormente e compareceu no local e confirmou o furto da serra policorte e reconheceu o objeto apreendido como sendo seu, este mencionou que tal objeto estava guardado em um quarto localizado nos fundos da obra, ainda mencionou que havia no quintal do local 04 potes de rejunte, os quais anteriormente tamb\u00e9m estavam guardados no quarto onde era acondicionado as ferramentas da obra.<br \/>\nDiante dos fatos, foi dada voz de pris\u00e3o em flagrante delito ao autor. Como tinham conhecimento de que o indiv\u00edduo pela manh\u00e3 havia cometido um furto de 02 pacotes de chocolate em p\u00f3 de uma loja, tamb\u00e9m situada na cidade, fato este j\u00e1 registrado em boletim de ocorr\u00eancia, passaram a questionar o mesmo dos fatos e confessou que havia praticado o furto e que o produto havia sido trocado por droga com um indiv\u00edduo morador da cidade citado por ele. Diante da declara\u00e7\u00e3o a equipe policial fez contato com o outro indiv\u00edduo citado e ao ser indagado acabou confessando que recebeu os dois pacotes de chocolate e entregando droga em troca ao autor do furto. Este autorizou a entrada em sua resid\u00eancia e indicou onde estavam os pacotes de chocolate, ainda foi indagado se havia mais droga na resid\u00eancia sendo negado pelo mesmo, realizada buscas no interior da casa e nenhum outro objeto ou subst\u00e2ncia suspeita foi encontrado. Realizado contato com o propriet\u00e1rio do estabelecimento onde os pacotes de chocolate foram furtados, este confirmou que os produtos que estavam em posse do autor, era de sua loja.<br \/>\nDiante dos fatos, foi dada voz de pris\u00e3o em flagrante aos dois indiv\u00edduos, e partes conduzidas ao Plant\u00e3o Policial de Panorama, permanecendo presos e a disposi\u00e7\u00e3o da Justi\u00e7a.<\/p>\n<p><img loading=\"lazy\" decoding=\"async\" class=\"alignnone size-full wp-image-85583\" src=\"https:\/\/jorgezanoni.com.br\/2019\/wp-content\/uploads\/2024\/04\/panorama-Pequeno.jpg\" alt=\"\" width=\"640\" height=\"480\" srcset=\"https:\/\/jorgezanoni.com.br\/2019\/wp-content\/uploads\/2024\/04\/panorama-Pequeno.jpg 640w, https:\/\/jorgezanoni.com.br\/2019\/wp-content\/uploads\/2024\/04\/panorama-Pequeno-300x225.jpg 300w, https:\/\/jorgezanoni.com.br\/2019\/wp-content\/uploads\/2024\/04\/panorama-Pequeno-80x60.jpg 80w, https:\/\/jorgezanoni.com.br\/2019\/wp-content\/uploads\/2024\/04\/panorama-Pequeno-265x198.jpg 265w, https:\/\/jorgezanoni.com.br\/2019\/wp-content\/uploads\/2024\/04\/panorama-Pequeno-560x420.jpg 560w\" sizes=\"auto, (max-width: 640px) 100vw, 640px\" \/><\/p>\n<p>Fonte: Com. Social Pol\u00edcia Militar<\/p>\n","protected":false},"excerpt":{"rendered":"<p>Na data de ontem (10), por volta das 20h18 min, policiais militares do 25\u00ba Batalh\u00e3o de Pol\u00edcia Militar do Interior, prendem dois homens no munic\u00edpio de Panorama, um por flagrante de furto e o outro por recepta\u00e7\u00e3o. Equipe policial em patrulhamento avistou um indiv\u00edduo masculino, o qual j\u00e1 havia praticado outros furtos na cidade, com [&hellip;]<\/p>\n","protected":false},"author":1,"featured_media":85582,"comment_status":"closed","ping_status":"open","sticky":false,"template":"","format":"standard","meta":{"footnotes":""},"categories":[110,2],"tags":[],"class_list":["post-85581","post","type-post","status-publish","format-standard","has-post-thumbnail","hentry","category-noticiasdestaque","category-policial"],"_links":{"self":[{"href":"https:\/\/jorgezanoni.com.br\/2019\/wp-json\/wp\/v2\/posts\/85581","targetHints":{"allow":["GET"]}}],"collection":[{"href":"https:\/\/jorgezanoni.com.br\/2019\/wp-json\/wp\/v2\/posts"}],"about":[{"href":"https:\/\/jorgezanoni.com.br\/2019\/wp-json\/wp\/v2\/types\/post"}],"author":[{"embeddable":true,"href":"https:\/\/jorgezanoni.com.br\/2019\/wp-json\/wp\/v2\/users\/1"}],"replies":[{"embeddable":true,"href":"https:\/\/jorgezanoni.com.br\/2019\/wp-json\/wp\/v2\/comments?post=85581"}],"version-history":[{"count":1,"href":"https:\/\/jorgezanoni.com.br\/2019\/wp-json\/wp\/v2\/posts\/85581\/revisions"}],"predecessor-version":[{"id":85584,"href":"https:\/\/jorgezanoni.com.br\/2019\/wp-json\/wp\/v2\/posts\/85581\/revisions\/85584"}],"wp:featuredmedia":[{"embeddable":true,"href":"https:\/\/jorgezanoni.com.br\/2019\/wp-json\/wp\/v2\/media\/85582"}],"wp:attachment":[{"href":"https:\/\/jorgezanoni.com.br\/2019\/wp-json\/wp\/v2\/media?parent=85581"}],"wp:term":[{"taxonomy":"category","embeddable":true,"href":"https:\/\/jorgezanoni.com.br\/2019\/wp-json\/wp\/v2\/categories?post=85581"},{"taxonomy":"post_tag","embeddable":true,"href":"https:\/\/jorgezanoni.com.br\/2019\/wp-json\/wp\/v2\/tags?post=85581"}],"curies":[{"name":"wp","href":"https:\/\/api.w.org\/{rel}","templated":true}]}}