{"id":8558,"date":"2019-10-12T19:00:12","date_gmt":"2019-10-12T19:00:12","guid":{"rendered":"https:\/\/jorgezanoni.com.br\/2019\/?p=8558"},"modified":"2019-10-12T19:00:12","modified_gmt":"2019-10-12T19:00:12","slug":"adolescente-de-14-anos-morre-afogado-no-balneario-municipal-de-panorama","status":"publish","type":"post","link":"https:\/\/jorgezanoni.com.br\/2019\/adolescente-de-14-anos-morre-afogado-no-balneario-municipal-de-panorama\/","title":{"rendered":"Adolescente de 14 anos morre afogado no Balne\u00e1rio Municipal de Panorama"},"content":{"rendered":"<p style=\"text-align: justify;\">Anderson Vinicius Ferreira da Silva, de 14 anos, morador do Conjunto Habitacional Prefeito Derocy Alves Valen\u00e7a de Panorama, foi a v\u00edtima fatal de afogamento agora h\u00e1 pouco no Rio Paran\u00e1 no Balne\u00e1rio de Panorama.<\/p>\n<p style=\"text-align: justify;\"><img loading=\"lazy\" decoding=\"async\" class=\"alignnone size-full wp-image-8559\" src=\"https:\/\/jorgezanoni.com.br\/2019\/wp-content\/uploads\/2019\/10\/panorama-2.jpg\" alt=\"\" width=\"839\" height=\"536\" srcset=\"https:\/\/jorgezanoni.com.br\/2019\/wp-content\/uploads\/2019\/10\/panorama-2.jpg 839w, https:\/\/jorgezanoni.com.br\/2019\/wp-content\/uploads\/2019\/10\/panorama-2-300x192.jpg 300w, https:\/\/jorgezanoni.com.br\/2019\/wp-content\/uploads\/2019\/10\/panorama-2-768x491.jpg 768w, https:\/\/jorgezanoni.com.br\/2019\/wp-content\/uploads\/2019\/10\/panorama-2-696x445.jpg 696w, https:\/\/jorgezanoni.com.br\/2019\/wp-content\/uploads\/2019\/10\/panorama-2-657x420.jpg 657w\" sizes=\"auto, (max-width: 839px) 100vw, 839px\" \/><\/p>\n<p>Segundo informou o pai da v\u00edtima, ele brincava no in\u00edcio da tarde de hoje (12) com alguns amigos pr\u00f3ximo ao p\u00eder quando se afogou.<\/p>\n<p>O corpo do menor foi retirado das \u00e1guas e a Pol\u00edcia Militar faz a preserva\u00e7\u00e3o do local no aguardo da Pol\u00edcia Cient\u00edfica.<\/p>\n<p>Desolada e recebendo o apoio de amigos, a fam\u00edlia do adolescente esteve no local. Eles residem no Conjunto Habitacional Prefeito Derocy Alves Valen\u00e7a em Panorama.<\/p>\n<p>O pai n\u00e3o soube informar se o filho sabia nadar e nem se o mesmo conhecia o local em que se divertia.<\/p>\n<p>Ap\u00f3s os trabalhos da Pol\u00edcia Cient\u00edfica o corpo de Anderson seria encaminhado para o Instituto M\u00e9dico Legal e posteriormente liberado para vel\u00f3rio.<\/p>\n<p>Fonte: Panorama Not\u00edcias<\/p>\n<p>&nbsp;<\/p>\n","protected":false},"excerpt":{"rendered":"<p>Anderson Vinicius Ferreira da Silva, de 14 anos, morador do Conjunto Habitacional Prefeito Derocy Alves Valen\u00e7a de Panorama, foi a v\u00edtima fatal de afogamento agora h\u00e1 pouco no Rio Paran\u00e1 no Balne\u00e1rio de Panorama. Segundo informou o pai da v\u00edtima, ele brincava no in\u00edcio da tarde de hoje (12) com alguns amigos pr\u00f3ximo ao p\u00eder [&hellip;]<\/p>\n","protected":false},"author":1,"featured_media":8560,"comment_status":"closed","ping_status":"open","sticky":false,"template":"","format":"standard","meta":{"footnotes":""},"categories":[110,2],"tags":[],"class_list":["post-8558","post","type-post","status-publish","format-standard","has-post-thumbnail","hentry","category-noticiasdestaque","category-policial"],"_links":{"self":[{"href":"https:\/\/jorgezanoni.com.br\/2019\/wp-json\/wp\/v2\/posts\/8558","targetHints":{"allow":["GET"]}}],"collection":[{"href":"https:\/\/jorgezanoni.com.br\/2019\/wp-json\/wp\/v2\/posts"}],"about":[{"href":"https:\/\/jorgezanoni.com.br\/2019\/wp-json\/wp\/v2\/types\/post"}],"author":[{"embeddable":true,"href":"https:\/\/jorgezanoni.com.br\/2019\/wp-json\/wp\/v2\/users\/1"}],"replies":[{"embeddable":true,"href":"https:\/\/jorgezanoni.com.br\/2019\/wp-json\/wp\/v2\/comments?post=8558"}],"version-history":[{"count":0,"href":"https:\/\/jorgezanoni.com.br\/2019\/wp-json\/wp\/v2\/posts\/8558\/revisions"}],"wp:featuredmedia":[{"embeddable":true,"href":"https:\/\/jorgezanoni.com.br\/2019\/wp-json\/wp\/v2\/media\/8560"}],"wp:attachment":[{"href":"https:\/\/jorgezanoni.com.br\/2019\/wp-json\/wp\/v2\/media?parent=8558"}],"wp:term":[{"taxonomy":"category","embeddable":true,"href":"https:\/\/jorgezanoni.com.br\/2019\/wp-json\/wp\/v2\/categories?post=8558"},{"taxonomy":"post_tag","embeddable":true,"href":"https:\/\/jorgezanoni.com.br\/2019\/wp-json\/wp\/v2\/tags?post=8558"}],"curies":[{"name":"wp","href":"https:\/\/api.w.org\/{rel}","templated":true}]}}