{"id":8555,"date":"2019-10-12T17:48:36","date_gmt":"2019-10-12T17:48:36","guid":{"rendered":"https:\/\/jorgezanoni.com.br\/2019\/?p=8555"},"modified":"2019-10-12T17:48:36","modified_gmt":"2019-10-12T17:48:36","slug":"hoje-12-de-outubro-comemora-se-o-dia-das-criancas","status":"publish","type":"post","link":"https:\/\/jorgezanoni.com.br\/2019\/hoje-12-de-outubro-comemora-se-o-dia-das-criancas\/","title":{"rendered":"Hoje 12 de Outubro, comemora-se o Dia das Crian\u00e7as"},"content":{"rendered":"<p style=\"text-align: justify;\">O\u00a0<strong>Dia das Crian\u00e7as<\/strong>\u00a0\u00e9 comemorado anualmente em\u00a0<strong>12 de outubro<\/strong>\u00a0no Brasil.<\/p>\n<p style=\"text-align: justify;\">Esta data celebra\u00a0<strong>os direitos das crian\u00e7as e adolescentes<\/strong>, ajudando a conscientizar as pessoas (os pais, em especial) sobre os cuidados necess\u00e1rios durante esta fase da vida.<\/p>\n<p style=\"text-align: justify;\">Tradicionalmente, no Brasil, no Dia das Crian\u00e7as os adultos costumam oferecer presentes ou proporcionar atividades especiais e de entretenimento para os mais jovens.<\/p>\n<p style=\"text-align: justify;\">Em alguns pa\u00edses, como Portugal, por exemplo, as crian\u00e7as s\u00e3o homenageadas em\u00a0<strong>1\u00ba de junho<\/strong>, data conhecida como\u00a0<strong>Dia Internacional da Crian\u00e7a<\/strong>.<\/p>\n<h2 style=\"text-align: justify;\">Origem do Dia das Crian\u00e7as<\/h2>\n<p style=\"text-align: justify;\">A proposta para a cria\u00e7\u00e3o desta data \u00e9 de autoria do deputado federal fluminense Galdino do Valle Filho. Ap\u00f3s a sua aprova\u00e7\u00e3o, surgiu o\u00a0<strong>Decreto de Lei n\u00ba 4867<\/strong>, de 5 de novembro de 1924, que oficializou o dia 12 de outubro como o Dia das Crian\u00e7as.<\/p>\n<p style=\"text-align: justify;\">No entanto, o dia ganhou maior popularidade a partir de 1960, quando a F\u00e1brica de Brinquedos Estrela fez uma promo\u00e7\u00e3o com a\u00a0<em>Johnson &amp; Johnson<\/em>\u00a0e criou a &#8220;Semana do Beb\u00ea Robusto&#8221; a fim de aumentarem suas vendas.<\/p>\n<p style=\"text-align: justify;\">A partir deste momento,\u00a0<strong>a data passou a ser marcada pela oferta de presentes as crian\u00e7as<\/strong>, principalmente brinquedos.<\/p>\n<p style=\"text-align: justify;\">O Dia das Crian\u00e7as coincide com o dia de\u00a0<a href=\"https:\/\/www.calendarr.com\/brasil\/nossa-senhora-aparecida\/\">Nossa Senhora de Aparecida<\/a>, que \u00e9 feriado.<\/p>\n<p style=\"text-align: justify;\">De acordo com a Organiza\u00e7\u00e3o das Na\u00e7\u00f5es Unidas (ONU), o\u00a0<strong>Dia Universal da Crian\u00e7a<\/strong>\u00a0\u00e9 celebrado em\u00a0<strong>20 de novembro<\/strong>, em homenagem \u00e0 data da aprova\u00e7\u00e3o da\u00a0<strong>Declara\u00e7\u00e3o dos Direitos da Crian\u00e7a<\/strong>, nesta mesma data em 1959.<\/p>\n<p style=\"text-align: justify;\"><strong>Voc\u00ea tamb\u00e9m pode se interessar<\/strong>:\u00a0<a href=\"https:\/\/www.calendarr.com\/brasil\/dia-internacional-das-criancas-desaparecidas\/\">Dia Internacional das Crian\u00e7as Desaparecidas<\/a>.<\/p>\n<h2 style=\"text-align: justify;\">Mensagens para o Dia das Crian\u00e7as<\/h2>\n<p style=\"text-align: justify;\"><em>FONTE DE ALEGRIA<\/em><\/p>\n<p style=\"text-align: justify;\"><em>Como voc\u00ea est\u00e1 crescendo! Ainda ontem um beb\u00ea, hoje uma crian\u00e7a linda e cheia de amor! Voc\u00ea roubou nossos cora\u00e7\u00f5es no dia em que chegou e ver voc\u00ea crescendo \u00e9 um privil\u00e9gio enorme. Seja feliz, meu amor! Brinque muito, estude bastante, continue sendo essa fonte de alegria que voc\u00ea \u00e9 para todos que te rodeiam. Receba um beijo do tamanho do universo, nesse dia que \u00e9 seu, todo seu!<\/em><\/p>\n<p style=\"text-align: justify;\"><em>ETERNOS AMORES<\/em><\/p>\n<p style=\"text-align: justify;\"><em>Meus pequeninos que iluminam os meus dias, amo-vos mais do que um pote de sorvete de chocolate, mais do que um balde de pipoca ou ainda mais do que todo o amor que pode caber nesse mund\u00e3o! Feliz Dia das Crian\u00e7as, meus eternos amores!<\/em><\/p>\n<p style=\"text-align: justify;\"><em>SER CRIAN\u00c7A<\/em><\/p>\n<p style=\"text-align: justify;\"><em>Ser crian\u00e7a \u00e9 gostar de correr pela casa<br \/>\nSer crian\u00e7a \u00e9 gostar de comer com as m\u00e3os<br \/>\nSer crian\u00e7a \u00e9 descobrir o mundo todos os dias<br \/>\nSer curioso, atrevido, honesto e carinhoso<br \/>\nSer crian\u00e7a \u00e9 gostar da vida e saber viv\u00ea-la!<\/em><\/p>\n<p style=\"text-align: justify;\">Fonte: https:\/\/www.calendarr.com\/brasil\/dia-das-criancas\/<\/p>\n","protected":false},"excerpt":{"rendered":"<p>O\u00a0Dia das Crian\u00e7as\u00a0\u00e9 comemorado anualmente em\u00a012 de outubro\u00a0no Brasil. Esta data celebra\u00a0os direitos das crian\u00e7as e adolescentes, ajudando a conscientizar as pessoas (os pais, em especial) sobre os cuidados necess\u00e1rios durante esta fase da vida. Tradicionalmente, no Brasil, no Dia das Crian\u00e7as os adultos costumam oferecer presentes ou proporcionar atividades especiais e de entretenimento para [&hellip;]<\/p>\n","protected":false},"author":1,"featured_media":8556,"comment_status":"closed","ping_status":"open","sticky":false,"template":"","format":"standard","meta":{"footnotes":""},"categories":[114,110],"tags":[],"class_list":["post-8555","post","type-post","status-publish","format-standard","has-post-thumbnail","hentry","category-geralecomercio","category-noticiasdestaque"],"_links":{"self":[{"href":"https:\/\/jorgezanoni.com.br\/2019\/wp-json\/wp\/v2\/posts\/8555","targetHints":{"allow":["GET"]}}],"collection":[{"href":"https:\/\/jorgezanoni.com.br\/2019\/wp-json\/wp\/v2\/posts"}],"about":[{"href":"https:\/\/jorgezanoni.com.br\/2019\/wp-json\/wp\/v2\/types\/post"}],"author":[{"embeddable":true,"href":"https:\/\/jorgezanoni.com.br\/2019\/wp-json\/wp\/v2\/users\/1"}],"replies":[{"embeddable":true,"href":"https:\/\/jorgezanoni.com.br\/2019\/wp-json\/wp\/v2\/comments?post=8555"}],"version-history":[{"count":0,"href":"https:\/\/jorgezanoni.com.br\/2019\/wp-json\/wp\/v2\/posts\/8555\/revisions"}],"wp:featuredmedia":[{"embeddable":true,"href":"https:\/\/jorgezanoni.com.br\/2019\/wp-json\/wp\/v2\/media\/8556"}],"wp:attachment":[{"href":"https:\/\/jorgezanoni.com.br\/2019\/wp-json\/wp\/v2\/media?parent=8555"}],"wp:term":[{"taxonomy":"category","embeddable":true,"href":"https:\/\/jorgezanoni.com.br\/2019\/wp-json\/wp\/v2\/categories?post=8555"},{"taxonomy":"post_tag","embeddable":true,"href":"https:\/\/jorgezanoni.com.br\/2019\/wp-json\/wp\/v2\/tags?post=8555"}],"curies":[{"name":"wp","href":"https:\/\/api.w.org\/{rel}","templated":true}]}}