{"id":8551,"date":"2019-10-12T15:40:16","date_gmt":"2019-10-12T15:40:16","guid":{"rendered":"https:\/\/jorgezanoni.com.br\/2019\/?p=8551"},"modified":"2019-10-12T15:40:16","modified_gmt":"2019-10-12T15:40:16","slug":"catolicos-comemoram-hoje-o-dia-de-nossa-senhora-aparecida","status":"publish","type":"post","link":"https:\/\/jorgezanoni.com.br\/2019\/catolicos-comemoram-hoje-o-dia-de-nossa-senhora-aparecida\/","title":{"rendered":"Cat\u00f3licos comemoram hoje o Dia de Nossa Senhora Aparecida"},"content":{"rendered":"<p>O\u00a0<strong>Dia de Nossa Senhora Aparecida<\/strong>\u00a0\u00e9 comemorado em\u00a0<strong>12 de outubro<\/strong>\u00a0e \u00e9 considerado\u00a0<strong>feriado nacional no Brasil<\/strong>. Esta \u00e9 a data que homenageia a\u00a0<strong>padroeira do pa\u00eds<\/strong>.<\/p>\n<h2>Origem da Data<\/h2>\n<p>O\u00a0<strong>Dia de Nossa Senhora Aparecida<\/strong>\u00a0foi oficialmente institu\u00eddo a partir do decreto de\u00a0<strong>Lei n\u00ba 6.802<\/strong>, de 30 de junho de 1980.<\/p>\n<p><img loading=\"lazy\" decoding=\"async\" class=\"alignnone size-full wp-image-8552\" src=\"https:\/\/jorgezanoni.com.br\/2019\/wp-content\/uploads\/2019\/10\/aparecida.jpg\" alt=\"\" width=\"655\" height=\"335\" srcset=\"https:\/\/jorgezanoni.com.br\/2019\/wp-content\/uploads\/2019\/10\/aparecida.jpg 655w, https:\/\/jorgezanoni.com.br\/2019\/wp-content\/uploads\/2019\/10\/aparecida-300x153.jpg 300w\" sizes=\"auto, (max-width: 655px) 100vw, 655px\" \/><\/p>\n<p>Devido a import\u00e2ncia que esta santa possui no pa\u00eds, em 1946 foi iniciada a constru\u00e7\u00e3o de um santu\u00e1rio dedicado a Ela no estado de S\u00e3o Paulo.<\/p>\n<p>O Papa Jo\u00e3o Paulo II, em visita ao Brasil, em 1980, consagrou a igreja como bas\u00edlica e Santu\u00e1rio Nacional. Assim, o templo \u00e9 considerado\u00a0<strong>o maior santu\u00e1rio dedicado \u00e0 Virgem Maria<\/strong>\u00a0em todo o mundo.<\/p>\n<p>Por sua vez, o Papa Francisco, ao visitar o Brasil em 2016, elevou a bas\u00edlica \u00e0 catedral da Arquidiocese de Guaratinguet\u00e1.<\/p>\n<h2 style=\"text-align: justify;\">Hist\u00f3ria de Nossa Senhora Aparecida<\/h2>\n<p style=\"text-align: justify;\">De acordo com a lenda, no ano de 1717, pescadores lan\u00e7aram suas redes no Rio Para\u00edba do Sul, com o objetivo de pescar peixes grandes para um jantar especial para o Conde de Assumar.<\/p>\n<p style=\"text-align: justify;\">Eles tentaram muito, mas n\u00e3o estavam conseguindo pescar nada. Quando j\u00e1 estavam quase desistindo, um pescador chamado Jo\u00e3o Alves,\u00a0<strong>apanhou uma imagem de Nossa Senhora da Concei\u00e7\u00e3o<\/strong>, primeiro o corpo e depois a cabe\u00e7a, e enrolou-a em um manto. Em seguida, as suas redes que at\u00e9 ent\u00e3o vinhas vazias, abundavam em peixes.<\/p>\n<p style=\"text-align: justify;\">Dezessete anos depois do achado, foi constru\u00edda\u00a0<strong>a primeira capela<\/strong>\u00a0que rapidamente se tornou um ponto de peregrina\u00e7\u00e3o para os viajantes.<\/p>\n<p style=\"text-align: justify;\">Em 1868, a Princesa Isabel ofertou um manto azul e uma coroa cravejada de diamantes \u00e0 imagem.<\/p>\n<p style=\"text-align: justify;\">Nossa Senhora da Concei\u00e7\u00e3o Aparecida,\u00a0<strong>foi proclamada Rainha do Brasil e sua Padroeira Oficial em 16 de julho de 1930<\/strong>, por decreto do Papa Pio e, 50 anos depois, foi decretado oficialmente que o dia 12 de outubro seria feriado oficial no pa\u00eds.<\/p>\n<p style=\"text-align: justify;\">No Dia de Nossa Senhora Aparecida tamb\u00e9m \u00e9 celebrado o\u00a0<a href=\"https:\/\/www.calendarr.com\/brasil\/dia-das-criancas\/\">Dia das Crian\u00e7as<\/a>.<\/p>\n<h2 style=\"text-align: justify;\">Ora\u00e7\u00e3o a Nossa Senhora Aparecida<\/h2>\n<p style=\"text-align: justify;\"><em>\u201c\u00d3 incompar\u00e1vel Senhora da Concei\u00e7\u00e3o Aparecida, M\u00e3e de Deus, Rainha dos Anjos, Advogada dos pecadores, Ref\u00fagio e consola\u00e7\u00e3o dos aflitos e atribulados, Virgem Sant\u00edssima, cheia de poder e de bondade, lan\u00e7ai sobre n\u00f3s um olhar favor\u00e1vel para que sejamos socorridos por v\u00f3s em todas as necessidades em que nos acharmos.<\/em><\/p>\n<p style=\"text-align: justify;\"><em>Lembrai-vos, \u00f3 clement\u00edssima M\u00e3e Aparecida, que nunca se ouviu dizer, que algum daqueles que t\u00eam a v\u00f3s recorrido, invocado vosso sant\u00edssimo nome e implorado a vossa singular prote\u00e7\u00e3o, fosse por v\u00f3s abandonado. Animados com esta confian\u00e7a, a v\u00f3s recorremos, tomamos-vos para sempre por nossa M\u00e3e, nossa protetora, consola\u00e7\u00e3o e guia, esperan\u00e7a e luz na hora da morte.<\/em><\/p>\n<p style=\"text-align: justify;\"><em>Livrai-nos de tudo o que possa ofender-vos e ao vosso Sant\u00edssimo Filho, Jesus. Preservai-nos de todos os perigos, da alma e do corpo , dirigi-nos em todos os assuntos espirituais e temporais, livrai-nos da tenta\u00e7\u00e3o do dem\u00f4nio, para que, trilhando o caminho da virtude, possamos um dia ver-vos e amar-vos, na eterna gl\u00f3ria, por todos os s\u00e9culos dos s\u00e9culos. Am\u00e9m!&#8221;<\/em><\/p>\n<p style=\"text-align: justify;\">Fonte: https:\/\/www.calendarr.com\/brasil\/nossa-senhora-aparecida\/<\/p>\n","protected":false},"excerpt":{"rendered":"<p>O\u00a0Dia de Nossa Senhora Aparecida\u00a0\u00e9 comemorado em\u00a012 de outubro\u00a0e \u00e9 considerado\u00a0feriado nacional no Brasil. Esta \u00e9 a data que homenageia a\u00a0padroeira do pa\u00eds. Origem da Data O\u00a0Dia de Nossa Senhora Aparecida\u00a0foi oficialmente institu\u00eddo a partir do decreto de\u00a0Lei n\u00ba 6.802, de 30 de junho de 1980. Devido a import\u00e2ncia que esta santa possui no pa\u00eds, [&hellip;]<\/p>\n","protected":false},"author":1,"featured_media":8553,"comment_status":"closed","ping_status":"open","sticky":false,"template":"","format":"standard","meta":{"footnotes":""},"categories":[110,118],"tags":[],"class_list":["post-8551","post","type-post","status-publish","format-standard","has-post-thumbnail","hentry","category-noticiasdestaque","category-religiaoesolidariedade"],"_links":{"self":[{"href":"https:\/\/jorgezanoni.com.br\/2019\/wp-json\/wp\/v2\/posts\/8551","targetHints":{"allow":["GET"]}}],"collection":[{"href":"https:\/\/jorgezanoni.com.br\/2019\/wp-json\/wp\/v2\/posts"}],"about":[{"href":"https:\/\/jorgezanoni.com.br\/2019\/wp-json\/wp\/v2\/types\/post"}],"author":[{"embeddable":true,"href":"https:\/\/jorgezanoni.com.br\/2019\/wp-json\/wp\/v2\/users\/1"}],"replies":[{"embeddable":true,"href":"https:\/\/jorgezanoni.com.br\/2019\/wp-json\/wp\/v2\/comments?post=8551"}],"version-history":[{"count":0,"href":"https:\/\/jorgezanoni.com.br\/2019\/wp-json\/wp\/v2\/posts\/8551\/revisions"}],"wp:featuredmedia":[{"embeddable":true,"href":"https:\/\/jorgezanoni.com.br\/2019\/wp-json\/wp\/v2\/media\/8553"}],"wp:attachment":[{"href":"https:\/\/jorgezanoni.com.br\/2019\/wp-json\/wp\/v2\/media?parent=8551"}],"wp:term":[{"taxonomy":"category","embeddable":true,"href":"https:\/\/jorgezanoni.com.br\/2019\/wp-json\/wp\/v2\/categories?post=8551"},{"taxonomy":"post_tag","embeddable":true,"href":"https:\/\/jorgezanoni.com.br\/2019\/wp-json\/wp\/v2\/tags?post=8551"}],"curies":[{"name":"wp","href":"https:\/\/api.w.org\/{rel}","templated":true}]}}