{"id":85454,"date":"2024-04-04T15:28:52","date_gmt":"2024-04-04T15:28:52","guid":{"rendered":"https:\/\/jorgezanoni.com.br\/2019\/?p=85454"},"modified":"2024-04-04T15:29:24","modified_gmt":"2024-04-04T15:29:24","slug":"sete-novos-radares-iniciam-operacao-dia-10","status":"publish","type":"post","link":"https:\/\/jorgezanoni.com.br\/2019\/sete-novos-radares-iniciam-operacao-dia-10\/","title":{"rendered":"Sete novos radares iniciam opera\u00e7\u00e3o dia 10"},"content":{"rendered":"<div>\n<p class=\"v1MsoNormal\" style=\"text-align: justify;\" align=\"center\"><strong><i><span lang=\"PT\">Equipamentos instalados em quatro rodovias come\u00e7am a funcionar na pr\u00f3xima quarta-feira, ap\u00f3s homologa\u00e7\u00e3o do DER.<\/span><\/i><\/strong><\/p>\n<p class=\"v1MsoNormal\" style=\"text-align: justify;\"><span lang=\"PT\">Sete novos radares entrar\u00e3o em opera\u00e7\u00e3o em quatro rodovias administradas pela Eixo SP, a partir da\u00a0 pr\u00f3xima quarta-feira (10). Ser\u00e3o quatro equipamentos na SP 294 &#8211; Comandante Jo\u00e3o Ribeiro de Barros e os demais na SP 284 &#8211; Rodovia Prefeito Jos\u00e9 Gagliardi, na SP 425 &#8211; Rodovia Assis Chateaubriand e na SP 225 &#8211; Rodovia Comandante Jo\u00e3o Ribeiro de Barros.<\/span><\/p>\n<p class=\"v1MsoNormal\" style=\"text-align: justify;\"><span lang=\"PT\">Os equipamentos iniciam fiscaliza\u00e7\u00e3o ap\u00f3s homologa\u00e7\u00e3o do Departamento de Estradas de Rodagem (DER), \u00f3rg\u00e3o respons\u00e1vel pela aplica\u00e7\u00e3o das multas. A instala\u00e7\u00e3o e a opera\u00e7\u00e3o dos radares atendem a uma determina\u00e7\u00e3o do contrato de concess\u00e3o. De acordo com a coordenadora de Seguran\u00e7a Vi\u00e1ria da Eixo SP, Viviane Riveli de Carvalho, os equipamentos auxiliam na preserva\u00e7\u00e3o da seguran\u00e7a do usu\u00e1rio por meio da fiscaliza\u00e7\u00e3o da velocidade m\u00e1xima permitida na rodovia. Segundo ela, a velocidade excessiva \u00e9 um dos principais fatores que contribuem para o registro de acidentes.<\/span><\/p>\n<p class=\"v1MsoNormal\" style=\"text-align: justify;\"><span lang=\"PT\">Veja abaixo os locais onde come\u00e7am a operar os novos equipamentos.<\/span><\/p>\n<p class=\"v1MsoNormal\" style=\"text-align: justify;\"><span lang=\"PT\">SP 294 &#8211; km 440+200 (pista sentido oeste) &#8211; Velocidade 100\/80 &#8211; Marilia<\/span><\/p>\n<p class=\"v1MsoNormal\" style=\"text-align: justify;\"><span lang=\"PT\">SP 294 &#8211; km 630+750 (pista sentido oeste) \u2013 Velocidade 60\/60 &#8211; Irapuru<\/span><\/p>\n<p class=\"v1MsoNormal\" style=\"text-align: justify;\"><span lang=\"PT\">SP 294 &#8211; km 638+600 (pista sentido leste) &#8211; Velocidade 60\/60 &#8211; Junqueir\u00f3polis<\/span><\/p>\n<p class=\"v1MsoNormal\" style=\"text-align: justify;\"><span lang=\"PT\">SP 294 &#8211; km 667+000 (pista sentido leste) &#8211; Velocidade 60\/60 &#8211; Tupi Paulista<\/span><\/p>\n<p class=\"v1MsoNormal\" style=\"text-align: justify;\"><span lang=\"PT\">SP 284 &#8211; km 497+920 (pista sentido leste\/oeste) Velocidade 60\/60 &#8211; Quat\u00e1<\/span><\/p>\n<p class=\"v1MsoNormal\" style=\"text-align: justify;\"><span lang=\"PT\">SP 425 &#8211; km 429+550 (pista sentido norte) \u2013 Velocidade 100\/80 &#8211; Martin\u00f3polis<\/span><\/p>\n<p class=\"v1MsoNormal\" style=\"text-align: justify;\"><span lang=\"PT\">SP 225 &#8211; km 182+280 (pista sentido leste) &#8211; Velocidade 90\/90 &#8211; Ja\u00fa<\/span><\/p>\n<p class=\"v1MsoNormal\" style=\"text-align: justify;\"><b><span lang=\"PT\">Sobre a Eixo SP<\/span><\/b><\/p>\n<p class=\"v1MsoNormal\" style=\"text-align: justify;\"><span lang=\"PT\">A Eixo SP Concession\u00e1ria de Rodovias administra mais de 1.221 km de estradas que passam por 62 munic\u00edpios da regi\u00e3o de Rio Claro, no centro do Estado, at\u00e9 Panorama, no extremo oeste, na divisa com o Mato Grosso do Sul. O maior contrato sob supervis\u00e3o da Artesp (Ag\u00eancia Reguladora de Transportes do Estado de S\u00e3o Paulo) ter\u00e1 investimentos na ordem de R$ 14 bilh\u00f5es em obras de amplia\u00e7\u00e3o, conserva\u00e7\u00e3o, al\u00e9m da moderniza\u00e7\u00e3o de servi\u00e7os ao usu\u00e1rio. <\/span><\/p>\n<p class=\"v1MsoNormal\" style=\"text-align: justify;\"><span lang=\"PT\">Para mais informa\u00e7\u00f5es acesse:\u00a0<a href=\"http:\/\/www.eixosp.com.br\/\" target=\"_blank\" rel=\"noopener noreferrer\">www.eixosp.com.br<\/a>.<\/span><\/p>\n<\/div>\n<div style=\"text-align: justify;\"><\/div>\n","protected":false},"excerpt":{"rendered":"<p>Equipamentos instalados em quatro rodovias come\u00e7am a funcionar na pr\u00f3xima quarta-feira, ap\u00f3s homologa\u00e7\u00e3o do DER. Sete novos radares entrar\u00e3o em opera\u00e7\u00e3o em quatro rodovias administradas pela Eixo SP, a partir da\u00a0 pr\u00f3xima quarta-feira (10). Ser\u00e3o quatro equipamentos na SP 294 &#8211; Comandante Jo\u00e3o Ribeiro de Barros e os demais na SP 284 &#8211; Rodovia Prefeito [&hellip;]<\/p>\n","protected":false},"author":1,"featured_media":85455,"comment_status":"closed","ping_status":"open","sticky":false,"template":"","format":"standard","meta":{"footnotes":""},"categories":[180,110],"tags":[],"class_list":["post-85454","post","type-post","status-publish","format-standard","has-post-thumbnail","hentry","category-estradastransitoveiculos","category-noticiasdestaque"],"_links":{"self":[{"href":"https:\/\/jorgezanoni.com.br\/2019\/wp-json\/wp\/v2\/posts\/85454","targetHints":{"allow":["GET"]}}],"collection":[{"href":"https:\/\/jorgezanoni.com.br\/2019\/wp-json\/wp\/v2\/posts"}],"about":[{"href":"https:\/\/jorgezanoni.com.br\/2019\/wp-json\/wp\/v2\/types\/post"}],"author":[{"embeddable":true,"href":"https:\/\/jorgezanoni.com.br\/2019\/wp-json\/wp\/v2\/users\/1"}],"replies":[{"embeddable":true,"href":"https:\/\/jorgezanoni.com.br\/2019\/wp-json\/wp\/v2\/comments?post=85454"}],"version-history":[{"count":1,"href":"https:\/\/jorgezanoni.com.br\/2019\/wp-json\/wp\/v2\/posts\/85454\/revisions"}],"predecessor-version":[{"id":85456,"href":"https:\/\/jorgezanoni.com.br\/2019\/wp-json\/wp\/v2\/posts\/85454\/revisions\/85456"}],"wp:featuredmedia":[{"embeddable":true,"href":"https:\/\/jorgezanoni.com.br\/2019\/wp-json\/wp\/v2\/media\/85455"}],"wp:attachment":[{"href":"https:\/\/jorgezanoni.com.br\/2019\/wp-json\/wp\/v2\/media?parent=85454"}],"wp:term":[{"taxonomy":"category","embeddable":true,"href":"https:\/\/jorgezanoni.com.br\/2019\/wp-json\/wp\/v2\/categories?post=85454"},{"taxonomy":"post_tag","embeddable":true,"href":"https:\/\/jorgezanoni.com.br\/2019\/wp-json\/wp\/v2\/tags?post=85454"}],"curies":[{"name":"wp","href":"https:\/\/api.w.org\/{rel}","templated":true}]}}