{"id":85443,"date":"2024-04-04T10:46:20","date_gmt":"2024-04-04T10:46:20","guid":{"rendered":"https:\/\/jorgezanoni.com.br\/2019\/?p=85443"},"modified":"2024-04-04T10:46:20","modified_gmt":"2024-04-04T10:46:20","slug":"policia-militar-prende-homem-em-flagrante-por-violencia-domestica-lesao-corporal-receptacao-e-resistencia-em-dracena","status":"publish","type":"post","link":"https:\/\/jorgezanoni.com.br\/2019\/policia-militar-prende-homem-em-flagrante-por-violencia-domestica-lesao-corporal-receptacao-e-resistencia-em-dracena\/","title":{"rendered":"Pol\u00edcia Militar prende homem em flagrante por viol\u00eancia dom\u00e9stica, les\u00e3o corporal, recepta\u00e7\u00e3o e resist\u00eancia em Dracena"},"content":{"rendered":"<p style=\"text-align: justify;\">Na data de ontem (03) por volta das 09h22 min, policiais militares do 25\u00ba Batalh\u00e3o de Pol\u00edcia Militar do Interior do munic\u00edpio de Dracena, foram solicitados via COPOM para atendimento de ocorr\u00eancia de viol\u00eancia dom\u00e9stica.<br \/>\nPelo local dos fatos, a v\u00edtima 28 anos, relatou que havia sido agredida pelo seu convivente e foi amea\u00e7ada com uma faca. O autor ainda pelo local, evadiu-se adentrando em um pasto, acompanhado pela equipe que conseguiram cont\u00ea-lo, mesmo resistindo a pris\u00e3o.<br \/>\nAo retornar \u00e0 resid\u00eancia da v\u00edtima, equipe policial em dilig\u00eancias, encontrou na varanda dos fundos da resid\u00eancia uma motocicleta produto de furto na data de ontem em Dracena (03), bem como encontraram tamb\u00e9m um simulacro de arma de fogo.<br \/>\nPartes foram conduzidas ao Plant\u00e3o Policial de Dracena, ficando preso por viol\u00eancia dom\u00e9stica, les\u00e3o corporal, recepta\u00e7\u00e3o e resist\u00eancia, permanecendo \u00e0 disposi\u00e7\u00e3o da Justi\u00e7a.<\/p>\n<p><img loading=\"lazy\" decoding=\"async\" class=\"alignnone size-full wp-image-85444\" src=\"https:\/\/jorgezanoni.com.br\/2019\/wp-content\/uploads\/2024\/04\/zz-pm-Pequeno.jpg\" alt=\"\" width=\"270\" height=\"480\" srcset=\"https:\/\/jorgezanoni.com.br\/2019\/wp-content\/uploads\/2024\/04\/zz-pm-Pequeno.jpg 270w, https:\/\/jorgezanoni.com.br\/2019\/wp-content\/uploads\/2024\/04\/zz-pm-Pequeno-169x300.jpg 169w, https:\/\/jorgezanoni.com.br\/2019\/wp-content\/uploads\/2024\/04\/zz-pm-Pequeno-236x420.jpg 236w\" sizes=\"auto, (max-width: 270px) 100vw, 270px\" \/><\/p>\n<p>&nbsp;<\/p>\n<p>Fonte: Com. Social Pol\u00edcia Militar<\/p>\n","protected":false},"excerpt":{"rendered":"<p>Na data de ontem (03) por volta das 09h22 min, policiais militares do 25\u00ba Batalh\u00e3o de Pol\u00edcia Militar do Interior do munic\u00edpio de Dracena, foram solicitados via COPOM para atendimento de ocorr\u00eancia de viol\u00eancia dom\u00e9stica. Pelo local dos fatos, a v\u00edtima 28 anos, relatou que havia sido agredida pelo seu convivente e foi amea\u00e7ada com [&hellip;]<\/p>\n","protected":false},"author":1,"featured_media":85445,"comment_status":"closed","ping_status":"open","sticky":false,"template":"","format":"standard","meta":{"footnotes":""},"categories":[110,2],"tags":[],"class_list":["post-85443","post","type-post","status-publish","format-standard","has-post-thumbnail","hentry","category-noticiasdestaque","category-policial"],"_links":{"self":[{"href":"https:\/\/jorgezanoni.com.br\/2019\/wp-json\/wp\/v2\/posts\/85443","targetHints":{"allow":["GET"]}}],"collection":[{"href":"https:\/\/jorgezanoni.com.br\/2019\/wp-json\/wp\/v2\/posts"}],"about":[{"href":"https:\/\/jorgezanoni.com.br\/2019\/wp-json\/wp\/v2\/types\/post"}],"author":[{"embeddable":true,"href":"https:\/\/jorgezanoni.com.br\/2019\/wp-json\/wp\/v2\/users\/1"}],"replies":[{"embeddable":true,"href":"https:\/\/jorgezanoni.com.br\/2019\/wp-json\/wp\/v2\/comments?post=85443"}],"version-history":[{"count":1,"href":"https:\/\/jorgezanoni.com.br\/2019\/wp-json\/wp\/v2\/posts\/85443\/revisions"}],"predecessor-version":[{"id":85448,"href":"https:\/\/jorgezanoni.com.br\/2019\/wp-json\/wp\/v2\/posts\/85443\/revisions\/85448"}],"wp:featuredmedia":[{"embeddable":true,"href":"https:\/\/jorgezanoni.com.br\/2019\/wp-json\/wp\/v2\/media\/85445"}],"wp:attachment":[{"href":"https:\/\/jorgezanoni.com.br\/2019\/wp-json\/wp\/v2\/media?parent=85443"}],"wp:term":[{"taxonomy":"category","embeddable":true,"href":"https:\/\/jorgezanoni.com.br\/2019\/wp-json\/wp\/v2\/categories?post=85443"},{"taxonomy":"post_tag","embeddable":true,"href":"https:\/\/jorgezanoni.com.br\/2019\/wp-json\/wp\/v2\/tags?post=85443"}],"curies":[{"name":"wp","href":"https:\/\/api.w.org\/{rel}","templated":true}]}}