{"id":85417,"date":"2024-04-03T16:59:46","date_gmt":"2024-04-03T16:59:46","guid":{"rendered":"https:\/\/jorgezanoni.com.br\/2019\/?p=85417"},"modified":"2024-04-03T17:00:32","modified_gmt":"2024-04-03T17:00:32","slug":"policia-civil-realiza-palestra-sovre-prevencao-ao-uso-de-drogas-na-unidade-militar-do-exercito-brasileiro-em-dracena","status":"publish","type":"post","link":"https:\/\/jorgezanoni.com.br\/2019\/policia-civil-realiza-palestra-sovre-prevencao-ao-uso-de-drogas-na-unidade-militar-do-exercito-brasileiro-em-dracena\/","title":{"rendered":"Pol\u00edcia Civil realiza palestra sobre preven\u00e7\u00e3o ao uso de Drogas na unidade militar do Ex\u00e9rcito Brasileiro em Dracena"},"content":{"rendered":"<p style=\"text-align: justify;\">Nesta ter\u00e7a-feira (2), o Tiro de Guerra de Dracena, unidade de presta\u00e7\u00e3o do Servi\u00e7o Militar Inicial do Ex\u00e9rcito Brasileiro, recebeu uma palestra com o tema \u201cDrogadi\u00e7\u00e3o\u201d, conduzida pela Pol\u00edcia Civil por interm\u00e9dio da Delegacia Seccional de Pol\u00edcia de Dracena. A palestra faz parte do cronograma anual de conte\u00fado extracurricular do curso de instru\u00e7\u00e3o, fundamental para a forma\u00e7\u00e3o dos novos Atiradores.<\/p>\n<p style=\"text-align: justify;\">O convite foi formalizado pelo Chefe de Instru\u00e7\u00e3o do TG, Subtenente Maur\u00edlio C\u00e9sar de Melo J\u00fanior, a palestra foi ministrada pelo Agente de Pol\u00edcia Reginaldo Rosa, direcionada a 50 Atiradores do efetivo do Tiro de Guerra de Dracena. O principal objetivo dessa atividade foi conscientizar os jovens sobre os perigos da drogadi\u00e7\u00e3o precoce e as consequ\u00eancias negativas do envolvimento com drogas, sejam elas l\u00edcitas ou il\u00edcitas.<\/p>\n<p style=\"text-align: justify;\">Ao final da apresenta\u00e7\u00e3o, houve um espa\u00e7o para perguntas e esclarecimento de d\u00favidas. O Subtenente Maur\u00edlio C\u00e9sar de Melo J\u00fanior, Chefe de Instru\u00e7\u00e3o do TG, expressou seu agradecimento pelo apoio da Pol\u00edcia Civil do Estado de S\u00e3o Paulo, ressaltando a import\u00e2ncia dessa a\u00e7\u00e3o preventiva para introduzir conhecimento aos Atiradores diante da realidade da sociedade.<\/p>\n<p><img loading=\"lazy\" decoding=\"async\" class=\"alignnone size-full wp-image-85418\" src=\"https:\/\/jorgezanoni.com.br\/2019\/wp-content\/uploads\/2024\/04\/tg-Pequeno.jpg\" alt=\"\" width=\"638\" height=\"480\" srcset=\"https:\/\/jorgezanoni.com.br\/2019\/wp-content\/uploads\/2024\/04\/tg-Pequeno.jpg 638w, https:\/\/jorgezanoni.com.br\/2019\/wp-content\/uploads\/2024\/04\/tg-Pequeno-300x226.jpg 300w, https:\/\/jorgezanoni.com.br\/2019\/wp-content\/uploads\/2024\/04\/tg-Pequeno-80x60.jpg 80w, https:\/\/jorgezanoni.com.br\/2019\/wp-content\/uploads\/2024\/04\/tg-Pequeno-265x198.jpg 265w, https:\/\/jorgezanoni.com.br\/2019\/wp-content\/uploads\/2024\/04\/tg-Pequeno-558x420.jpg 558w\" sizes=\"auto, (max-width: 638px) 100vw, 638px\" \/> <img loading=\"lazy\" decoding=\"async\" class=\"alignnone size-full wp-image-85419\" src=\"https:\/\/jorgezanoni.com.br\/2019\/wp-content\/uploads\/2024\/04\/tg1-Pequeno.jpg\" alt=\"\" width=\"638\" height=\"480\" srcset=\"https:\/\/jorgezanoni.com.br\/2019\/wp-content\/uploads\/2024\/04\/tg1-Pequeno.jpg 638w, https:\/\/jorgezanoni.com.br\/2019\/wp-content\/uploads\/2024\/04\/tg1-Pequeno-300x226.jpg 300w, https:\/\/jorgezanoni.com.br\/2019\/wp-content\/uploads\/2024\/04\/tg1-Pequeno-80x60.jpg 80w, https:\/\/jorgezanoni.com.br\/2019\/wp-content\/uploads\/2024\/04\/tg1-Pequeno-265x198.jpg 265w, https:\/\/jorgezanoni.com.br\/2019\/wp-content\/uploads\/2024\/04\/tg1-Pequeno-558x420.jpg 558w\" sizes=\"auto, (max-width: 638px) 100vw, 638px\" \/> <img loading=\"lazy\" decoding=\"async\" class=\"alignnone size-full wp-image-85421\" src=\"https:\/\/jorgezanoni.com.br\/2019\/wp-content\/uploads\/2024\/04\/tg3-Pequeno.jpg\" alt=\"\" width=\"652\" height=\"480\" srcset=\"https:\/\/jorgezanoni.com.br\/2019\/wp-content\/uploads\/2024\/04\/tg3-Pequeno.jpg 652w, https:\/\/jorgezanoni.com.br\/2019\/wp-content\/uploads\/2024\/04\/tg3-Pequeno-300x221.jpg 300w, https:\/\/jorgezanoni.com.br\/2019\/wp-content\/uploads\/2024\/04\/tg3-Pequeno-80x60.jpg 80w, https:\/\/jorgezanoni.com.br\/2019\/wp-content\/uploads\/2024\/04\/tg3-Pequeno-571x420.jpg 571w\" sizes=\"auto, (max-width: 652px) 100vw, 652px\" \/> <img loading=\"lazy\" decoding=\"async\" class=\"alignnone size-full wp-image-85422\" src=\"https:\/\/jorgezanoni.com.br\/2019\/wp-content\/uploads\/2024\/04\/tg4-Pequeno.jpg\" alt=\"\" width=\"600\" height=\"480\" srcset=\"https:\/\/jorgezanoni.com.br\/2019\/wp-content\/uploads\/2024\/04\/tg4-Pequeno.jpg 600w, https:\/\/jorgezanoni.com.br\/2019\/wp-content\/uploads\/2024\/04\/tg4-Pequeno-300x240.jpg 300w, https:\/\/jorgezanoni.com.br\/2019\/wp-content\/uploads\/2024\/04\/tg4-Pequeno-525x420.jpg 525w\" sizes=\"auto, (max-width: 600px) 100vw, 600px\" \/><\/p>\n<p>Fonte: Com. Social Pol\u00edcia Civil<\/p>\n","protected":false},"excerpt":{"rendered":"<p>Nesta ter\u00e7a-feira (2), o Tiro de Guerra de Dracena, unidade de presta\u00e7\u00e3o do Servi\u00e7o Militar Inicial do Ex\u00e9rcito Brasileiro, recebeu uma palestra com o tema \u201cDrogadi\u00e7\u00e3o\u201d, conduzida pela Pol\u00edcia Civil por interm\u00e9dio da Delegacia Seccional de Pol\u00edcia de Dracena. A palestra faz parte do cronograma anual de conte\u00fado extracurricular do curso de instru\u00e7\u00e3o, fundamental para [&hellip;]<\/p>\n","protected":false},"author":1,"featured_media":85420,"comment_status":"closed","ping_status":"open","sticky":false,"template":"","format":"standard","meta":{"footnotes":""},"categories":[110,2],"tags":[],"class_list":["post-85417","post","type-post","status-publish","format-standard","has-post-thumbnail","hentry","category-noticiasdestaque","category-policial"],"_links":{"self":[{"href":"https:\/\/jorgezanoni.com.br\/2019\/wp-json\/wp\/v2\/posts\/85417","targetHints":{"allow":["GET"]}}],"collection":[{"href":"https:\/\/jorgezanoni.com.br\/2019\/wp-json\/wp\/v2\/posts"}],"about":[{"href":"https:\/\/jorgezanoni.com.br\/2019\/wp-json\/wp\/v2\/types\/post"}],"author":[{"embeddable":true,"href":"https:\/\/jorgezanoni.com.br\/2019\/wp-json\/wp\/v2\/users\/1"}],"replies":[{"embeddable":true,"href":"https:\/\/jorgezanoni.com.br\/2019\/wp-json\/wp\/v2\/comments?post=85417"}],"version-history":[{"count":2,"href":"https:\/\/jorgezanoni.com.br\/2019\/wp-json\/wp\/v2\/posts\/85417\/revisions"}],"predecessor-version":[{"id":85424,"href":"https:\/\/jorgezanoni.com.br\/2019\/wp-json\/wp\/v2\/posts\/85417\/revisions\/85424"}],"wp:featuredmedia":[{"embeddable":true,"href":"https:\/\/jorgezanoni.com.br\/2019\/wp-json\/wp\/v2\/media\/85420"}],"wp:attachment":[{"href":"https:\/\/jorgezanoni.com.br\/2019\/wp-json\/wp\/v2\/media?parent=85417"}],"wp:term":[{"taxonomy":"category","embeddable":true,"href":"https:\/\/jorgezanoni.com.br\/2019\/wp-json\/wp\/v2\/categories?post=85417"},{"taxonomy":"post_tag","embeddable":true,"href":"https:\/\/jorgezanoni.com.br\/2019\/wp-json\/wp\/v2\/tags?post=85417"}],"curies":[{"name":"wp","href":"https:\/\/api.w.org\/{rel}","templated":true}]}}