{"id":85411,"date":"2024-04-03T15:58:45","date_gmt":"2024-04-03T15:58:45","guid":{"rendered":"https:\/\/jorgezanoni.com.br\/2019\/?p=85411"},"modified":"2024-04-03T15:58:45","modified_gmt":"2024-04-03T15:58:45","slug":"policia-militar-prende-homem-em-flagrante-por-trafico-de-drogas-em-dracena-6","status":"publish","type":"post","link":"https:\/\/jorgezanoni.com.br\/2019\/policia-militar-prende-homem-em-flagrante-por-trafico-de-drogas-em-dracena-6\/","title":{"rendered":"Pol\u00edcia Militar prende homem em flagrante por Tr\u00e1fico de Drogas em Dracena"},"content":{"rendered":"<p style=\"text-align: justify;\">Na data de segunda-feira (01) por volta das 18h24min policiais militares do 25\u00ba Batalh\u00e3o de Pol\u00edcia Militar do Interior na cidade de Dracena, durante patrulhamento de For\u00e7a T\u00e1tica, pelo bairro Jardim Brasil\u00e2ndia, pela rua Padre Jose de Anchieta avistaram dois indiv\u00edduos no port\u00e3o de uma resid\u00eancia, que ao verem a viatura um dos indiv\u00edduos, menor de idade, saiu assustado pela cal\u00e7ada, e ao ser abordado tentou dispensar duas por\u00e7\u00f5es sendo aparentemente maconha, o outro indiv\u00edduo, (homem 21 anos) correu para dentro de sua resid\u00eancia, sendo acompanhado e surpreendido tentando dispensar certa quantidade de droga no vaso sanit\u00e1rio, informando que havia acabado de vender duas por\u00e7\u00f5es da droga maconha ao menor, pela quantia de R$10,00, sendo confirmado pelo menor.<br \/>\nAp\u00f3s realizar vistoria no local foi localizado a quantia de R$733,00 e mais tr\u00eas por\u00e7\u00f5es j\u00e1 embalada para a venda juntamente com o dinheiro, e localizado tamb\u00e9m uma balan\u00e7a de precis\u00e3o. Diante dos fatos, dado voz de pris\u00e3o pelo crime de tr\u00e1fico de drogas, e conduzido ao Plant\u00e3o de Pol\u00edcia Judici\u00e1ria de Dracena permanecendo o indiciado a disposi\u00e7\u00e3o da Justi\u00e7a.<\/p>\n<p>Fonte: Com. Social Pol\u00edcia Militar<\/p>\n","protected":false},"excerpt":{"rendered":"<p>Na data de segunda-feira (01) por volta das 18h24min policiais militares do 25\u00ba Batalh\u00e3o de Pol\u00edcia Militar do Interior na cidade de Dracena, durante patrulhamento de For\u00e7a T\u00e1tica, pelo bairro Jardim Brasil\u00e2ndia, pela rua Padre Jose de Anchieta avistaram dois indiv\u00edduos no port\u00e3o de uma resid\u00eancia, que ao verem a viatura um dos indiv\u00edduos, menor [&hellip;]<\/p>\n","protected":false},"author":1,"featured_media":85412,"comment_status":"closed","ping_status":"open","sticky":false,"template":"","format":"standard","meta":{"footnotes":""},"categories":[110,2],"tags":[],"class_list":["post-85411","post","type-post","status-publish","format-standard","has-post-thumbnail","hentry","category-noticiasdestaque","category-policial"],"_links":{"self":[{"href":"https:\/\/jorgezanoni.com.br\/2019\/wp-json\/wp\/v2\/posts\/85411","targetHints":{"allow":["GET"]}}],"collection":[{"href":"https:\/\/jorgezanoni.com.br\/2019\/wp-json\/wp\/v2\/posts"}],"about":[{"href":"https:\/\/jorgezanoni.com.br\/2019\/wp-json\/wp\/v2\/types\/post"}],"author":[{"embeddable":true,"href":"https:\/\/jorgezanoni.com.br\/2019\/wp-json\/wp\/v2\/users\/1"}],"replies":[{"embeddable":true,"href":"https:\/\/jorgezanoni.com.br\/2019\/wp-json\/wp\/v2\/comments?post=85411"}],"version-history":[{"count":1,"href":"https:\/\/jorgezanoni.com.br\/2019\/wp-json\/wp\/v2\/posts\/85411\/revisions"}],"predecessor-version":[{"id":85413,"href":"https:\/\/jorgezanoni.com.br\/2019\/wp-json\/wp\/v2\/posts\/85411\/revisions\/85413"}],"wp:featuredmedia":[{"embeddable":true,"href":"https:\/\/jorgezanoni.com.br\/2019\/wp-json\/wp\/v2\/media\/85412"}],"wp:attachment":[{"href":"https:\/\/jorgezanoni.com.br\/2019\/wp-json\/wp\/v2\/media?parent=85411"}],"wp:term":[{"taxonomy":"category","embeddable":true,"href":"https:\/\/jorgezanoni.com.br\/2019\/wp-json\/wp\/v2\/categories?post=85411"},{"taxonomy":"post_tag","embeddable":true,"href":"https:\/\/jorgezanoni.com.br\/2019\/wp-json\/wp\/v2\/tags?post=85411"}],"curies":[{"name":"wp","href":"https:\/\/api.w.org\/{rel}","templated":true}]}}