{"id":85359,"date":"2024-03-31T14:57:22","date_gmt":"2024-03-31T14:57:22","guid":{"rendered":"https:\/\/jorgezanoni.com.br\/2019\/?p=85359"},"modified":"2024-03-31T14:57:22","modified_gmt":"2024-03-31T14:57:22","slug":"comunidade-catolica-comemora-hoje-o-dia-de-pascoa-ou-domingo-da-ressureicao","status":"publish","type":"post","link":"https:\/\/jorgezanoni.com.br\/2019\/comunidade-catolica-comemora-hoje-o-dia-de-pascoa-ou-domingo-da-ressureicao\/","title":{"rendered":"Comunidade Cat\u00f3lica comemora hoje o &#8220;Dia de P\u00e1scoa&#8221; ou &#8220;Domingo da Ressurei\u00e7\u00e3o&#8221;."},"content":{"rendered":"<p style=\"text-align: justify;\">No\u00a0<a title=\"Cristianismo\" href=\"https:\/\/pt.wikipedia.org\/wiki\/Cristianismo\">cristianismo<\/a>, a\u00a0<b>P\u00e1scoa<\/b>\u00a0ou\u00a0<b>Domingo da Ressurrei\u00e7\u00e3o<\/b><sup id=\"cite_ref-GammanBindon2014_1-0\" class=\"reference\"><a href=\"https:\/\/pt.wikipedia.org\/wiki\/P%C3%A1scoa#cite_note-GammanBindon2014-1\">[1]<\/a><\/sup><sup id=\"cite_ref-BodaSmith2006_2-0\" class=\"reference\"><a href=\"https:\/\/pt.wikipedia.org\/wiki\/P%C3%A1scoa#cite_note-BodaSmith2006-2\">[2]<\/a><\/sup>\u00a0\u00e9 uma\u00a0<a class=\"mw-redirect\" title=\"Festividades religiosas\" href=\"https:\/\/pt.wikipedia.org\/wiki\/Festividades_religiosas\">festividade religiosa<\/a>\u00a0e um feriado que celebra a\u00a0<a title=\"Ressurrei\u00e7\u00e3o de Jesus\" href=\"https:\/\/pt.wikipedia.org\/wiki\/Ressurrei%C3%A7%C3%A3o_de_Jesus\">ressurrei\u00e7\u00e3o de Jesus<\/a>\u00a0ocorrida no terceiro dia ap\u00f3s\u00a0<a title=\"Paix\u00e3o (cristianismo)\" href=\"https:\/\/pt.wikipedia.org\/wiki\/Paix%C3%A3o_(cristianismo)\">sua crucifica\u00e7\u00e3o<\/a>\u00a0no\u00a0<a title=\"Calv\u00e1rio\" href=\"https:\/\/pt.wikipedia.org\/wiki\/Calv%C3%A1rio\">Calv\u00e1rio<\/a>, conforme o relato do\u00a0<a title=\"Novo Testamento\" href=\"https:\/\/pt.wikipedia.org\/wiki\/Novo_Testamento\">Novo Testamento<\/a>.<sup id=\"cite_ref-Trawicky2000_3-0\" class=\"reference\"><a href=\"https:\/\/pt.wikipedia.org\/wiki\/P%C3%A1scoa#cite_note-Trawicky2000-3\">[3]<\/a><\/sup><sup id=\"cite_ref-4\" class=\"reference\"><a href=\"https:\/\/pt.wikipedia.org\/wiki\/P%C3%A1scoa#cite_note-4\">[4]<\/a><\/sup>\u00a0\u00c9 a principal celebra\u00e7\u00e3o do\u00a0<a title=\"Ano lit\u00fargico\" href=\"https:\/\/pt.wikipedia.org\/wiki\/Ano_lit%C3%BArgico\">ano lit\u00fargico<\/a>\u00a0crist\u00e3o e tamb\u00e9m a mais antiga e importante festa crist\u00e3.<sup id=\"cite_ref-filo_5-0\" class=\"reference\"><a href=\"https:\/\/pt.wikipedia.org\/wiki\/P%C3%A1scoa#cite_note-filo-5\">[5]<\/a><\/sup><sup id=\"cite_ref-6\" class=\"reference\"><a href=\"https:\/\/pt.wikipedia.org\/wiki\/P%C3%A1scoa#cite_note-6\">[6]<\/a><\/sup><\/p>\n<p style=\"text-align: justify;\">A\u00a0<a class=\"mw-redirect\" title=\"Data da P\u00e1scoa\" href=\"https:\/\/pt.wikipedia.org\/wiki\/Data_da_P%C3%A1scoa\">data da P\u00e1scoa<\/a>\u00a0determina todas as demais datas das festas m\u00f3veis crist\u00e3s, exceto as relacionadas ao\u00a0<a title=\"Advento\" href=\"https:\/\/pt.wikipedia.org\/wiki\/Advento\">Advento<\/a>.<sup id=\"cite_ref-Trawicky2000_3-1\" class=\"reference\"><a href=\"https:\/\/pt.wikipedia.org\/wiki\/P%C3%A1scoa#cite_note-Trawicky2000-3\">[3]<\/a><\/sup>\u00a0O domingo de P\u00e1scoa marca o \u00e1pice da\u00a0<a class=\"mw-redirect\" title=\"Paix\u00e3o de Cristo\" href=\"https:\/\/pt.wikipedia.org\/wiki\/Paix%C3%A3o_de_Cristo\">Paix\u00e3o de Cristo<\/a>\u00a0e \u00e9 precedido pela\u00a0<a title=\"Quaresma\" href=\"https:\/\/pt.wikipedia.org\/wiki\/Quaresma\">Quaresma<\/a>, um per\u00edodo de quarenta dias de\u00a0<a title=\"Jejum\" href=\"https:\/\/pt.wikipedia.org\/wiki\/Jejum\">jejum<\/a>, ora\u00e7\u00f5es e\u00a0<a title=\"Penit\u00eancia\" href=\"https:\/\/pt.wikipedia.org\/wiki\/Penit%C3%AAncia\">penit\u00eancias<\/a>.<\/p>\n<p style=\"text-align: justify;\">O termo &#8220;P\u00e1scoa&#8221; deriva, atrav\u00e9s do\u00a0<a title=\"Latim\" href=\"https:\/\/pt.wikipedia.org\/wiki\/Latim\">latim<\/a>\u00a0<i>Pascha<\/i>\u00a0e do\u00a0<a class=\"mw-redirect\" title=\"Grego b\u00edblico\" href=\"https:\/\/pt.wikipedia.org\/wiki\/Grego_b%C3%ADblico\">grego b\u00edblico<\/a>\u00a0<span class=\"politonico\" lang=\"grc\">\u03a0\u03ac\u03c3\u03c7\u03b1<\/span>\u00a0<i>Paskha<\/i>, do\u00a0<a title=\"L\u00edngua hebraica\" href=\"https:\/\/pt.wikipedia.org\/wiki\/L%C3%ADngua_hebraica\">hebraico<\/a>\u00a0\u05e4\u05b6\u05bc\u05e1\u05b7\u05d7 (<i>Pesa\u1e25<\/i>\u00a0ou\u00a0<i>Pesach<\/i>), a\u00a0<a class=\"mw-redirect\" title=\"P\u00e1scoa judaica\" href=\"https:\/\/pt.wikipedia.org\/wiki\/P%C3%A1scoa_judaica\">P\u00e1scoa judaica<\/a>.<sup id=\"cite_ref-Etymology_7-0\" class=\"reference\"><a href=\"https:\/\/pt.wikipedia.org\/wiki\/P%C3%A1scoa#cite_note-Etymology-7\">[7]<\/a><\/sup><sup id=\"cite_ref-Nelson2008_8-0\" class=\"reference\"><a href=\"https:\/\/pt.wikipedia.org\/wiki\/P%C3%A1scoa#cite_note-Nelson2008-8\">[8]<\/a><\/sup><\/p>\n<p style=\"text-align: justify;\">A \u00faltima semana da\u00a0<a title=\"Quaresma\" href=\"https:\/\/pt.wikipedia.org\/wiki\/Quaresma\">Quaresma<\/a>\u00a0\u00e9 chamada de\u00a0<a title=\"Semana Santa\" href=\"https:\/\/pt.wikipedia.org\/wiki\/Semana_Santa\">Semana Santa<\/a>, que cont\u00e9m o chamado\u00a0<a title=\"Tr\u00edduo Pascal\" href=\"https:\/\/pt.wikipedia.org\/wiki\/Tr%C3%ADduo_Pascal\">Tr\u00edduo Pascal<\/a>, incluindo a\u00a0<a class=\"mw-redirect\" title=\"Quinta-Feira Santa\" href=\"https:\/\/pt.wikipedia.org\/wiki\/Quinta-Feira_Santa\">Quinta-Feira Santa<\/a>, que comemora a\u00a0<a title=\"\u00daltima Ceia\" href=\"https:\/\/pt.wikipedia.org\/wiki\/%C3%9Altima_Ceia\">\u00daltima Ceia<\/a>\u00a0e a cerim\u00f4nia do\u00a0<a class=\"mw-redirect\" title=\"Lava p\u00e9s\" href=\"https:\/\/pt.wikipedia.org\/wiki\/Lava_p%C3%A9s\">Lava p\u00e9s<\/a>\u00a0que a precedeu<sup id=\"cite_ref-9\" class=\"reference\"><a href=\"https:\/\/pt.wikipedia.org\/wiki\/P%C3%A1scoa#cite_note-9\">[9]<\/a><\/sup><sup id=\"cite_ref-10\" class=\"reference\"><a href=\"https:\/\/pt.wikipedia.org\/wiki\/P%C3%A1scoa#cite_note-10\">[10]<\/a><\/sup>\u00a0e tamb\u00e9m a\u00a0<a class=\"mw-redirect\" title=\"Sexta-Feira Santa\" href=\"https:\/\/pt.wikipedia.org\/wiki\/Sexta-Feira_Santa\">Sexta-Feira Santa<\/a>, que relembra a\u00a0<a title=\"Crucifica\u00e7\u00e3o de Jesus\" href=\"https:\/\/pt.wikipedia.org\/wiki\/Crucifica%C3%A7%C3%A3o_de_Jesus\">crucifica\u00e7\u00e3o e morte de Jesus<\/a>.<sup id=\"cite_ref-11\" class=\"reference\"><a href=\"https:\/\/pt.wikipedia.org\/wiki\/P%C3%A1scoa#cite_note-11\">[11]<\/a><\/sup>\u00a0A P\u00e1scoa \u00e9 seguida por um per\u00edodo de cinquenta dias chamado\u00a0<a title=\"Tempo Pascal\" href=\"https:\/\/pt.wikipedia.org\/wiki\/Tempo_Pascal\">Tempo Pascal<\/a>\u00a0que se estende at\u00e9 ao\u00a0<a class=\"mw-redirect\" title=\"Domingo de Pentecostes\" href=\"https:\/\/pt.wikipedia.org\/wiki\/Domingo_de_Pentecostes\">Domingo de Pentecostes<\/a>.<\/p>\n<p style=\"text-align: justify;\">A P\u00e1scoa \u00e9 uma\u00a0<a class=\"mw-redirect\" title=\"Festa m\u00f3vel\" href=\"https:\/\/pt.wikipedia.org\/wiki\/Festa_m%C3%B3vel\">festa m\u00f3vel<\/a>, o que significa que sua data n\u00e3o \u00e9 fixa em rela\u00e7\u00e3o ao\u00a0<a class=\"new\" title=\"Calend\u00e1rio civil (p\u00e1gina n\u00e3o existe)\" href=\"https:\/\/pt.wikipedia.org\/w\/index.php?title=Calend%C3%A1rio_civil&amp;action=edit&amp;redlink=1\">calend\u00e1rio civil<\/a>. O\u00a0<a title=\"Primeiro Conc\u00edlio de Niceia\" href=\"https:\/\/pt.wikipedia.org\/wiki\/Primeiro_Conc%C3%ADlio_de_Niceia\">Primeiro Conc\u00edlio de Niceia<\/a>\u00a0(325) estabeleceu a data da P\u00e1scoa como sendo o primeiro domingo depois da\u00a0<a title=\"Lua cheia\" href=\"https:\/\/pt.wikipedia.org\/wiki\/Lua_cheia\">lua cheia<\/a>\u00a0ap\u00f3s o in\u00edcio do\u00a0<a class=\"mw-redirect\" title=\"Equin\u00f3cio vernal\" href=\"https:\/\/pt.wikipedia.org\/wiki\/Equin%C3%B3cio_vernal\">equin\u00f3cio vernal<\/a>\u00a0(a chamada\u00a0<a class=\"new\" title=\"Lua cheia pascal (p\u00e1gina n\u00e3o existe)\" href=\"https:\/\/pt.wikipedia.org\/w\/index.php?title=Lua_cheia_pascal&amp;action=edit&amp;redlink=1\">lua cheia pascal<\/a>).<sup id=\"cite_ref-oikoumene.org_12-0\" class=\"reference\"><a href=\"https:\/\/pt.wikipedia.org\/wiki\/P%C3%A1scoa#cite_note-oikoumene.org-12\">[12]<\/a><\/sup>\u00a0Do ponto de vista eclesi\u00e1stico, o equin\u00f3cio vernal acontece em\u00a0<a title=\"21 de mar\u00e7o\" href=\"https:\/\/pt.wikipedia.org\/wiki\/21_de_mar%C3%A7o\">21 de mar\u00e7o<\/a>\u00a0(embora ocorra no dia 20 de mar\u00e7o na maioria dos anos do ponto de vista astron\u00f4mico) e a &#8220;lua cheia&#8221; n\u00e3o ocorre necessariamente na data correta astron\u00f4mica. Por isso, a data da P\u00e1scoa varia desde 22 de mar\u00e7o at\u00e9 25 de abril. Os\u00a0<a title=\"Cristianismo oriental\" href=\"https:\/\/pt.wikipedia.org\/wiki\/Cristianismo_oriental\">crist\u00e3os orientais<\/a>\u00a0baseiam seus c\u00e1lculos no\u00a0<a title=\"Calend\u00e1rio juliano\" href=\"https:\/\/pt.wikipedia.org\/wiki\/Calend%C3%A1rio_juliano\">calend\u00e1rio juliano<\/a>, cuja data de 21 de mar\u00e7o corresponde, no s\u00e9culo XXI, ao dia 3 de abril no\u00a0<a title=\"Calend\u00e1rio gregoriano\" href=\"https:\/\/pt.wikipedia.org\/wiki\/Calend%C3%A1rio_gregoriano\">calend\u00e1rio gregoriano<\/a>\u00a0utilizado no ocidente. Por conseguinte, a P\u00e1scoa no oriente varia entre 4 de abril e 8 de maio, inclusive.<\/p>\n<p style=\"text-align: justify;\">Ao contr\u00e1rio do\u00a0<a title=\"L\u00edngua inglesa\" href=\"https:\/\/pt.wikipedia.org\/wiki\/L%C3%ADngua_inglesa\">ingl\u00eas<\/a>, que tem duas palavras distintas para as duas festas (<i>Easter<\/i>\u00a0e\u00a0<i>Passover<\/i>\u00a0respectivamente), em\u00a0<a title=\"L\u00edngua portuguesa\" href=\"https:\/\/pt.wikipedia.org\/wiki\/L%C3%ADngua_portuguesa\">portugu\u00eas<\/a>\u00a0e em muitas outras l\u00ednguas as duas s\u00e3o chamadas pelo mesmo nome ou nomes muito similares.<sup id=\"cite_ref-13\" class=\"reference\"><a href=\"https:\/\/pt.wikipedia.org\/wiki\/P%C3%A1scoa#cite_note-13\">[13]<\/a><\/sup>\u00a0Os\u00a0<a class=\"new\" title=\"Costumes pascais (p\u00e1gina n\u00e3o existe)\" href=\"https:\/\/pt.wikipedia.org\/w\/index.php?title=Costumes_pascais&amp;action=edit&amp;redlink=1\">costumes pascais<\/a>\u00a0variam bastante entre os crist\u00e3os do mundo inteiro e incluem\u00a0<a class=\"new\" title=\"Missa matinal (p\u00e1gina n\u00e3o existe)\" href=\"https:\/\/pt.wikipedia.org\/w\/index.php?title=Missa_matinal&amp;action=edit&amp;redlink=1\">missas matinais<\/a>, a troca do\u00a0<a class=\"mw-redirect\" title=\"Cumprimento pascal\" href=\"https:\/\/pt.wikipedia.org\/wiki\/Cumprimento_pascal\">cumprimento pascal<\/a>\u00a0e de\u00a0<a title=\"Ovo de P\u00e1scoa\" href=\"https:\/\/pt.wikipedia.org\/wiki\/Ovo_de_P%C3%A1scoa\">ovos de P\u00e1scoa<\/a>, que eram, originalmente, um s\u00edmbolo do\u00a0<a title=\"T\u00famulo vazio\" href=\"https:\/\/pt.wikipedia.org\/wiki\/T%C3%BAmulo_vazio\">t\u00famulo vazio<\/a>.<sup id=\"cite_ref-14\" class=\"reference\"><a href=\"https:\/\/pt.wikipedia.org\/wiki\/P%C3%A1scoa#cite_note-14\">[14]<\/a><\/sup><sup id=\"cite_ref-15\" class=\"reference\"><a href=\"https:\/\/pt.wikipedia.org\/wiki\/P%C3%A1scoa#cite_note-15\">[15]<\/a><\/sup><sup id=\"cite_ref-16\" class=\"reference\"><a href=\"https:\/\/pt.wikipedia.org\/wiki\/P%C3%A1scoa#cite_note-16\">[16]<\/a><\/sup>\u00a0Muitos outros costumes passaram a ser associados \u00e0 P\u00e1scoa e s\u00e3o observados por crist\u00e3os e n\u00e3o crist\u00e3os, como os\u00a0<a title=\"Ovo de P\u00e1scoa\" href=\"https:\/\/pt.wikipedia.org\/wiki\/Ovo_de_P%C3%A1scoa\">ovos de P\u00e1scoa<\/a>\u00a0e o\u00a0<a title=\"Coelhinho da P\u00e1scoa\" href=\"https:\/\/pt.wikipedia.org\/wiki\/Coelhinho_da_P%C3%A1scoa\">coelho da P\u00e1scoa<\/a>.<sup id=\"cite_ref-17\" class=\"reference\"><a href=\"https:\/\/pt.wikipedia.org\/wiki\/P%C3%A1scoa#cite_note-17\">[17]<\/a><\/sup><sup id=\"cite_ref-18\" class=\"reference\"><a href=\"https:\/\/pt.wikipedia.org\/wiki\/P%C3%A1scoa#cite_note-18\">[18]<\/a><\/sup><sup id=\"cite_ref-19\" class=\"reference\"><a href=\"https:\/\/pt.wikipedia.org\/wiki\/P%C3%A1scoa#cite_note-19\">[19]<\/a><\/sup>\u00a0H\u00e1 tamb\u00e9m uma grande quantidade de pratos t\u00edpicos ligados \u00e0 Pascoa e que variam de regi\u00e3o para regi\u00e3o.<\/p>\n<p style=\"text-align: justify;\">A P\u00e1scoa crist\u00e3 est\u00e1 ligada \u00e0\u00a0<a class=\"mw-redirect\" title=\"P\u00e1scoa judaica\" href=\"https:\/\/pt.wikipedia.org\/wiki\/P%C3%A1scoa_judaica\">P\u00e1scoa judaica<\/a>\u00a0pela data (segundo a B\u00edblia, a\u00a0<a title=\"\u00daltima Ceia\" href=\"https:\/\/pt.wikipedia.org\/wiki\/%C3%9Altima_Ceia\">\u00daltima Ceia<\/a>\u00a0era originalmente um jantar de P\u00e1scoa judaica)<sup id=\"cite_ref-20\" class=\"reference\"><a href=\"https:\/\/pt.wikipedia.org\/wiki\/P%C3%A1scoa#cite_note-20\">[20]<\/a><\/sup><sup id=\"cite_ref-21\" class=\"reference\"><a href=\"https:\/\/pt.wikipedia.org\/wiki\/P%C3%A1scoa#cite_note-21\">[21]<\/a><\/sup>\u00a0e tamb\u00e9m por muitos dos seus simbolismos centrais.<\/p>\n<h2 style=\"text-align: justify;\"><span id=\"Etimologia\" class=\"mw-headline\">Etimologia<\/span><\/h2>\n<figure class=\"mw-halign-right\" style=\"text-align: justify;\"><a class=\"mw-file-description\" href=\"https:\/\/pt.wikipedia.org\/wiki\/Ficheiro:Cloister_-_Chapel_of_Corpus_Christi_-_Last_Supper_-_Cathedral_of_Burgos.JPG\"><img loading=\"lazy\" decoding=\"async\" class=\"mw-file-element\" src=\"https:\/\/upload.wikimedia.org\/wikipedia\/commons\/thumb\/9\/9e\/Cloister_-_Chapel_of_Corpus_Christi_-_Last_Supper_-_Cathedral_of_Burgos.JPG\/300px-Cloister_-_Chapel_of_Corpus_Christi_-_Last_Supper_-_Cathedral_of_Burgos.JPG\" srcset=\"\/\/upload.wikimedia.org\/wikipedia\/commons\/thumb\/9\/9e\/Cloister_-_Chapel_of_Corpus_Christi_-_Last_Supper_-_Cathedral_of_Burgos.JPG\/450px-Cloister_-_Chapel_of_Corpus_Christi_-_Last_Supper_-_Cathedral_of_Burgos.JPG 1.5x, \/\/upload.wikimedia.org\/wikipedia\/commons\/thumb\/9\/9e\/Cloister_-_Chapel_of_Corpus_Christi_-_Last_Supper_-_Cathedral_of_Burgos.JPG\/600px-Cloister_-_Chapel_of_Corpus_Christi_-_Last_Supper_-_Cathedral_of_Burgos.JPG 2x\" width=\"300\" height=\"195\" data-file-width=\"1860\" data-file-height=\"1208\" \/><\/a><figcaption><a class=\"mw-redirect\" title=\"A \u00daltima Ceia\" href=\"https:\/\/pt.wikipedia.org\/wiki\/A_%C3%9Altima_Ceia\">A \u00daltima Ceia<\/a>, por Teresa Pe\u00f1a.<\/figcaption><\/figure>\n<p style=\"text-align: justify;\">A palavra &#8220;p\u00e1scoa&#8221; prov\u00e9m do\u00a0<i>latim pascha,ae<\/i>, um\u00a0<a class=\"mw-redirect\" title=\"Decalque (lingu\u00edstica)\" href=\"https:\/\/pt.wikipedia.org\/wiki\/Decalque_(lingu%C3%ADstica)\">decalque<\/a>\u00a0do\u00a0<a class=\"mw-redirect\" title=\"Grego antigo\" href=\"https:\/\/pt.wikipedia.org\/wiki\/Grego_antigo\">grego<\/a>\u00a0<span class=\"politonico\" lang=\"grc\">\u03a0\u03ac\u03c3\u03c7\u03b1<\/span>\u00a0(<a class=\"mw-redirect\" title=\"Transl.\" href=\"https:\/\/pt.wikipedia.org\/wiki\/Transl.\">transl.<\/a>\u00a0<a class=\"extiw\" title=\"wikt:Wikcion\u00e1rio:Translitera\u00e7\u00e3o\/Grego\" href=\"https:\/\/pt.wiktionary.org\/wiki\/Wikcion%C3%A1rio:Translitera%C3%A7%C3%A3o\/Grego\"><i>paskha<\/i><\/a>), e este (atrav\u00e9s do\u00a0<a class=\"mw-redirect\" title=\"L\u00edngua aramaica\" href=\"https:\/\/pt.wikipedia.org\/wiki\/L%C3%ADngua_aramaica\">aramaico<\/a>\u00a0<i>pascha<\/i>) tamb\u00e9m decalque do\u00a0<a class=\"mw-redirect\" title=\"Hebraico\" href=\"https:\/\/pt.wikipedia.org\/wiki\/Hebraico\">hebraico<\/a>\u00a0\u05e4\u05b6\u05bc\u05e1\u05b7\u05d7 (<i>Pesach<\/i>\u00a0ou\u00a0<i>Pesa\u1e25<\/i>), termo que designa a\u00a0<a class=\"mw-redirect\" title=\"P\u00e1scoa judaica\" href=\"https:\/\/pt.wikipedia.org\/wiki\/P%C3%A1scoa_judaica\">P\u00e1scoa judaica<\/a>.<sup id=\"cite_ref-HC_22-0\" class=\"reference\"><a href=\"https:\/\/pt.wikipedia.org\/wiki\/P%C3%A1scoa#cite_note-HC-22\">[22]<\/a><\/sup><sup id=\"cite_ref-23\" class=\"reference\"><a href=\"https:\/\/pt.wikipedia.org\/wiki\/P%C3%A1scoa#cite_note-23\">[23]<\/a><\/sup><\/p>\n<p style=\"text-align: justify;\">O termo em ingl\u00eas \u00e9\u00a0<i>Easter<\/i>,\u00a0<a title=\"Cognato\" href=\"https:\/\/pt.wikipedia.org\/wiki\/Cognato\">cognato<\/a>\u00a0com o\u00a0<a title=\"L\u00edngua alem\u00e3\" href=\"https:\/\/pt.wikipedia.org\/wiki\/L%C3%ADngua_alem%C3%A3\">alem\u00e3o<\/a>\u00a0moderno\u00a0<i>Ostern<\/i>, derivado do\u00a0<a title=\"Ingl\u00eas antigo\" href=\"https:\/\/pt.wikipedia.org\/wiki\/Ingl%C3%AAs_antigo\">ingl\u00eas antigo<\/a>\u00a0<i>\u0112astre<\/i>\u00a0ou\u00a0<i>\u0112ostre<\/i>. A teoria geralmente aceita defende que era originalmente o nome de uma\u00a0<a class=\"new\" title=\"Lista de deuses germ\u00e2nicos (p\u00e1gina n\u00e3o existe)\" href=\"https:\/\/pt.wikipedia.org\/w\/index.php?title=Lista_de_deuses_germ%C3%A2nicos&amp;action=edit&amp;redlink=1\">deusa anglo-sax\u00f4nica<\/a>,\u00a0<a class=\"mw-redirect\" title=\"\u0112ostre\" href=\"https:\/\/pt.wikipedia.org\/wiki\/%C4%92ostre\">\u0112ostre<\/a>, uma forma do termo\u00a0<a class=\"mw-redirect\" title=\"L\u00edngua indo-europeia\" href=\"https:\/\/pt.wikipedia.org\/wiki\/L%C3%ADngua_indo-europeia\">indo-europeu<\/a>\u00a0encontrado em muitos lugares para a\u00a0<a class=\"new\" title=\"Hausos (p\u00e1gina n\u00e3o existe)\" href=\"https:\/\/pt.wikipedia.org\/w\/index.php?title=Hausos&amp;action=edit&amp;redlink=1\">deusa do amanhecer<\/a>.<sup id=\"ref_a\" class=\"reference\"><a href=\"https:\/\/pt.wikipedia.org\/wiki\/P%C3%A1scoa#endnote_a\">[a]<\/a><\/sup><\/p>\n<h3 style=\"text-align: justify;\"><span id=\"As_ra.C3.ADzes_hebraicas\"><\/span><span id=\"As_ra\u00edzes_hebraicas\" class=\"mw-headline\">As ra\u00edzes hebraicas<\/span><\/h3>\n<figure style=\"text-align: justify;\"><a class=\"mw-file-description\" href=\"https:\/\/pt.wikipedia.org\/wiki\/Ficheiro:Foster_Bible_Pictures_0064-1_The_Water_Came_on_Pharaoh_and_His_Soldiers.jpg\"><img loading=\"lazy\" decoding=\"async\" class=\"mw-file-element\" src=\"https:\/\/upload.wikimedia.org\/wikipedia\/commons\/thumb\/7\/78\/Foster_Bible_Pictures_0064-1_The_Water_Came_on_Pharaoh_and_His_Soldiers.jpg\/300px-Foster_Bible_Pictures_0064-1_The_Water_Came_on_Pharaoh_and_His_Soldiers.jpg\" srcset=\"\/\/upload.wikimedia.org\/wikipedia\/commons\/thumb\/7\/78\/Foster_Bible_Pictures_0064-1_The_Water_Came_on_Pharaoh_and_His_Soldiers.jpg\/450px-Foster_Bible_Pictures_0064-1_The_Water_Came_on_Pharaoh_and_His_Soldiers.jpg 1.5x, \/\/upload.wikimedia.org\/wikipedia\/commons\/thumb\/7\/78\/Foster_Bible_Pictures_0064-1_The_Water_Came_on_Pharaoh_and_His_Soldiers.jpg\/600px-Foster_Bible_Pictures_0064-1_The_Water_Came_on_Pharaoh_and_His_Soldiers.jpg 2x\" width=\"300\" height=\"248\" data-file-width=\"1052\" data-file-height=\"870\" \/><\/a><figcaption>A travessia do\u00a0<a title=\"Mar Vermelho\" href=\"https:\/\/pt.wikipedia.org\/wiki\/Mar_Vermelho\">Mar Vermelho<\/a>, em ilustra\u00e7\u00e3o do s\u00e9culo XIX.<\/figcaption><\/figure>\n<p style=\"text-align: justify;\">A\u00a0<i>Pesach<\/i>\u00a0\u2014 a P\u00e1scoa judaica \u2014 a celebra\u00e7\u00e3o da sa\u00edda dos hebreus do Egito, gra\u00e7as a\u00a0<a title=\"Mois\u00e9s\" href=\"https:\/\/pt.wikipedia.org\/wiki\/Mois%C3%A9s\">Mois\u00e9s<\/a>, constitui-se de dois ritos: a imola\u00e7\u00e3o do cordeiro e o\u00a0<a title=\"P\u00e3o \u00e1zimo\" href=\"https:\/\/pt.wikipedia.org\/wiki\/P%C3%A3o_%C3%A1zimo\">p\u00e3o \u00e1zimo<\/a>.<sup id=\"cite_ref-filo_5-1\" class=\"reference\"><a href=\"https:\/\/pt.wikipedia.org\/wiki\/P%C3%A1scoa#cite_note-filo-5\">[5]<\/a><\/sup><\/p>\n<p style=\"text-align: justify;\">A palavra\u00a0<a class=\"mw-redirect\" title=\"Hebraica\" href=\"https:\/\/pt.wikipedia.org\/wiki\/Hebraica\">hebraica<\/a>\u00a0<i>pesach<\/i>\u00a0significa &#8216;passar adiante&#8217;, &#8216;deixar de fora&#8217;, e deriva da narrativa da\u00a0<a title=\"Dez pragas do Egito\" href=\"https:\/\/pt.wikipedia.org\/wiki\/Dez_pragas_do_Egito\">d\u00e9cima praga<\/a>, segundo a qual Deus ordenou aos hebreus que assinalassem, com o sangue do cordeiro, as portas das casas de Israel, permitindo, ao\u00a0<a class=\"mw-redirect\" title=\"Anjo exterminador\" href=\"https:\/\/pt.wikipedia.org\/wiki\/Anjo_exterminador\">anjo exterminador<\/a>, que passasse adiante, atingindo somente as casas dos eg\u00edpcios e, de modo particular, os primog\u00eanitos dos eg\u00edpcios, inclusive o filho do\u00a0<a title=\"Fara\u00f3\" href=\"https:\/\/pt.wikipedia.org\/wiki\/Fara%C3%B3\">fara\u00f3<\/a>\u00a0(<a class=\"mw-redirect\" title=\"\u00caxodo\" href=\"https:\/\/pt.wikipedia.org\/wiki\/%C3%8Axodo\">\u00caxodo<\/a>, 12,21\u201334).<sup id=\"cite_ref-24\" class=\"reference\"><a href=\"https:\/\/pt.wikipedia.org\/wiki\/P%C3%A1scoa#cite_note-24\">[24]<\/a><\/sup>\u00a0A\u00a0<i>Pesach<\/i>\u00a0indica portanto a liberta\u00e7\u00e3o do povo de Israel do dom\u00ednio eg\u00edpcio e o in\u00edcio do seu percurso em dire\u00e7\u00e3o \u00e0\u00a0<a title=\"Terra prometida\" href=\"https:\/\/pt.wikipedia.org\/wiki\/Terra_prometida\">terra prometida<\/a>.<\/p>\n<p style=\"text-align: justify;\">Com o advento do cristianismo, a P\u00e1scoa adquiriu um novo significado, indicando a passagem da morte \u00e0 vida por Jesus e a passagem a uma vida nova para os crist\u00e3os, libertados do pecado, gra\u00e7as ao sacrif\u00edcio de Jesus.<sup id=\"cite_ref-filo_5-2\" class=\"reference\"><a href=\"https:\/\/pt.wikipedia.org\/wiki\/P%C3%A1scoa#cite_note-filo-5\">[5]<\/a><\/sup>\u00a0Por isso, a P\u00e1scoa crist\u00e3 \u00e9 dita P\u00e1scoa da ressurrei\u00e7\u00e3o, enquanto a P\u00e1scoa judaica \u00e9 a P\u00e1scoa da liberta\u00e7\u00e3o.<\/p>\n<p style=\"text-align: justify;\">J\u00e1 nos primeiros anos da d\u00e9cada de 50 do s\u00e9culo I,\u00a0<a title=\"Paulo de Tarso\" href=\"https:\/\/pt.wikipedia.org\/wiki\/Paulo_de_Tarso\">Paulo<\/a>, escrevendo de\u00a0<a title=\"\u00c9feso\" href=\"https:\/\/pt.wikipedia.org\/wiki\/%C3%89feso\">\u00c9feso<\/a>\u00a0aos crist\u00e3os de\u00a0<a title=\"Corinto\" href=\"https:\/\/pt.wikipedia.org\/wiki\/Corinto\">Corinto<\/a>,<sup id=\"cite_ref-25\" class=\"reference\"><a href=\"https:\/\/pt.wikipedia.org\/wiki\/P%C3%A1scoa#cite_note-25\">[25]<\/a><\/sup>\u00a0utilizou o termo para fazer refer\u00eancia a Cristo e \u00e9 improv\u00e1vel que os\u00a0<a class=\"mw-redirect\" title=\"Ef\u00e9sios\" href=\"https:\/\/pt.wikipedia.org\/wiki\/Ef%C3%A9sios\">ef\u00e9sios<\/a>\u00a0e\u00a0<a class=\"mw-redirect\" title=\"Cor\u00edntios\" href=\"https:\/\/pt.wikipedia.org\/wiki\/Cor%C3%ADntios\">cor\u00edntios<\/a>\u00a0tenham sido os primeiros a ouvir o \u00caxodo 12 interpretado como uma refer\u00eancia \u00e0\u00a0<a class=\"mw-redirect\" title=\"Morte de Jesus\" href=\"https:\/\/pt.wikipedia.org\/wiki\/Morte_de_Jesus\">morte de Jesus<\/a>\u00a0e n\u00e3o a um ritual de passagem judaico.<sup id=\"cite_ref-26\" class=\"reference\"><a href=\"https:\/\/pt.wikipedia.org\/wiki\/P%C3%A1scoa#cite_note-26\">[26]<\/a><\/sup>\u00a0Quase todos os pa\u00edses falantes de l\u00ednguas n\u00e3o inglesas utilizam nomes derivados de\u00a0<i>Pascha<\/i>\u00a0para a festa.<sup id=\"cite_ref-Etymology_7-1\" class=\"reference\"><a href=\"https:\/\/pt.wikipedia.org\/wiki\/P%C3%A1scoa#cite_note-Etymology-7\">[7]<\/a><\/sup><sup id=\"cite_ref-Passover_27-0\" class=\"reference\"><a href=\"https:\/\/pt.wikipedia.org\/wiki\/P%C3%A1scoa#cite_note-Passover-27\">[27]<\/a><\/sup><\/p>\n<h2 style=\"text-align: justify;\"><span id=\"Import.C3.A2ncia_teol.C3.B3gica\"><\/span><span id=\"Import\u00e2ncia_teol\u00f3gica\" class=\"mw-headline\">Import\u00e2ncia teol\u00f3gica<\/span><\/h2>\n<p style=\"text-align: justify;\">O\u00a0<a title=\"Novo Testamento\" href=\"https:\/\/pt.wikipedia.org\/wiki\/Novo_Testamento\">Evangelho<\/a>\u00a0ensina que a ressurrei\u00e7\u00e3o de Jesus, celebrada pela P\u00e1scoa, \u00e9 o fundamento da f\u00e9 crist\u00e3.<sup id=\"cite_ref-28\" class=\"reference\"><a href=\"https:\/\/pt.wikipedia.org\/wiki\/P%C3%A1scoa#cite_note-28\">[28]<\/a><\/sup>\u00a0A ressurrei\u00e7\u00e3o estabeleceu Jesus como sendo\u00a0<a title=\"Filho de Deus\" href=\"https:\/\/pt.wikipedia.org\/wiki\/Filho_de_Deus\">Filho de Deus<\/a><sup id=\"cite_ref-29\" class=\"reference\"><a href=\"https:\/\/pt.wikipedia.org\/wiki\/P%C3%A1scoa#cite_note-29\">[29]<\/a><\/sup>\u00a0e \u00e9 citada como prova de que Deus ir\u00e1 julgar o mundo com justi\u00e7a.<sup id=\"cite_ref-30\" class=\"reference\"><a href=\"https:\/\/pt.wikipedia.org\/wiki\/P%C3%A1scoa#cite_note-30\">[30]<\/a><\/sup><sup id=\"cite_ref-Jesus_EB_31-0\" class=\"reference\"><a href=\"https:\/\/pt.wikipedia.org\/wiki\/P%C3%A1scoa#cite_note-Jesus_EB-31\">[31]<\/a><\/sup>\u00a0Deus\u00a0<i>\u00abregenerou os crist\u00e3os para uma viva esperan\u00e7a pela ressurrei\u00e7\u00e3o de Jesus Cristo dentre os mortos\u00bb<\/i>\u00a0(<a class=\"extiw\" title=\"s:Tradu\u00e7\u00e3o Brasileira da B\u00edblia\/I Pedro\/I\" href=\"https:\/\/pt.wikisource.org\/wiki\/Tradu%C3%A7%C3%A3o_Brasileira_da_B%C3%ADblia\/I_Pedro\/I#1:3\">I Pedro 1:3<\/a>). Estes, pela f\u00e9 na obra de Deus, s\u00e3o espiritualmente ressuscitados com Jesus para que possam seguir para uma nova vida eterna.<sup id=\"cite_ref-Jesus_EB_31-1\" class=\"reference\"><a href=\"https:\/\/pt.wikipedia.org\/wiki\/P%C3%A1scoa#cite_note-Jesus_EB-31\">[31]<\/a><\/sup><sup id=\"cite_ref-32\" class=\"reference\"><a href=\"https:\/\/pt.wikipedia.org\/wiki\/P%C3%A1scoa#cite_note-32\">[32]<\/a><\/sup><\/p>\n<p style=\"text-align: justify;\">A P\u00e1scoa crist\u00e3 est\u00e1 ligada \u00e0\u00a0<a title=\"Pessach\" href=\"https:\/\/pt.wikipedia.org\/wiki\/Pessach\">P\u00e1scoa judaica<\/a>\u00a0e ao\u00a0<a class=\"mw-redirect\" title=\"\u00caxodo\" href=\"https:\/\/pt.wikipedia.org\/wiki\/%C3%8Axodo\">\u00caxodo<\/a>, relatado no\u00a0<a title=\"Antigo Testamento\" href=\"https:\/\/pt.wikipedia.org\/wiki\/Antigo_Testamento\">Antigo Testamento<\/a>, atrav\u00e9s da\u00a0<a title=\"\u00daltima Ceia\" href=\"https:\/\/pt.wikipedia.org\/wiki\/%C3%9Altima_Ceia\">\u00daltima Ceia<\/a>\u00a0e a crucifica\u00e7\u00e3o que precederam a ressurrei\u00e7\u00e3o.<sup id=\"cite_ref-Passover_27-1\" class=\"reference\"><a href=\"https:\/\/pt.wikipedia.org\/wiki\/P%C3%A1scoa#cite_note-Passover-27\">[27]<\/a><\/sup>\u00a0De acordo com o Novo Testamento, Jesus deu \u00e0 \u00faltima ceia, originalmente um jantar da P\u00e1scoa judaica, um novo significado, pois ele preparava a si e aos seus disc\u00edpulos para a morte durante a ceia no\u00a0<a title=\"Cen\u00e1culo\" href=\"https:\/\/pt.wikipedia.org\/wiki\/Cen%C3%A1culo\">cen\u00e1culo<\/a>.<sup id=\"cite_ref-Passover_27-2\" class=\"reference\"><a href=\"https:\/\/pt.wikipedia.org\/wiki\/P%C3%A1scoa#cite_note-Passover-27\">[27]<\/a><\/sup>\u00a0Ele identificou o p\u00e3o (<i><a title=\"P\u00e3o \u00e1zimo\" href=\"https:\/\/pt.wikipedia.org\/wiki\/P%C3%A3o_%C3%A1zimo\">matzah<\/a><\/i>\u00a0judaico) e o vinho como sendo\u00a0<a class=\"mw-redirect\" title=\"Corpo de Cristo\" href=\"https:\/\/pt.wikipedia.org\/wiki\/Corpo_de_Cristo\">seu corpo<\/a>, que logo seria sacrificado, e\u00a0<a class=\"mw-redirect\" title=\"Sangue de Cristo\" href=\"https:\/\/pt.wikipedia.org\/wiki\/Sangue_de_Cristo\">seu sangue<\/a>, que seria derramado (veja\u00a0<a class=\"mw-redirect\" title=\"Institui\u00e7\u00e3o da Eucaristia\" href=\"https:\/\/pt.wikipedia.org\/wiki\/Institui%C3%A7%C3%A3o_da_Eucaristia\">institui\u00e7\u00e3o da Eucaristia<\/a>). Diz\u00a0<a title=\"Paulo de Tarso\" href=\"https:\/\/pt.wikipedia.org\/wiki\/Paulo_de_Tarso\">Paulo<\/a>,\u00a0<i>&#8220;Purificai o velho fermento, para que sejais uma nova massa, assim como sois sem fermento. Pois, na verdade, Cristo, que \u00e9 nossa\u00a0<a class=\"new\" title=\"Cordeiro Pascal (p\u00e1gina n\u00e3o existe)\" href=\"https:\/\/pt.wikipedia.org\/w\/index.php?title=Cordeiro_Pascal&amp;action=edit&amp;redlink=1\">P\u00e1scoa<\/a>, foi imolado.&#8221;<\/i>,<sup id=\"cite_ref-33\" class=\"reference\"><a href=\"https:\/\/pt.wikipedia.org\/wiki\/P%C3%A1scoa#cite_note-33\">[33]<\/a><\/sup>\u00a0fazendo refer\u00eancias aos requisitos judaicos de que n\u00e3o haja fermento na casa e do sacrif\u00edcio do\u00a0<a class=\"new\" title=\"Cordeiro pascal (p\u00e1gina n\u00e3o existe)\" href=\"https:\/\/pt.wikipedia.org\/w\/index.php?title=Cordeiro_pascal&amp;action=edit&amp;redlink=1\">cordeiro pascal<\/a>\u00a0(<i>korban<\/i>),\u00a0<a title=\"Interpreta\u00e7\u00e3o aleg\u00f3rica da B\u00edblia\" href=\"https:\/\/pt.wikipedia.org\/wiki\/Interpreta%C3%A7%C3%A3o_aleg%C3%B3rica_da_B%C3%ADblia\">alegoricamente<\/a>\u00a0identificado como Jesus.<sup id=\"cite_ref-34\" class=\"reference\"><a href=\"https:\/\/pt.wikipedia.org\/wiki\/P%C3%A1scoa#cite_note-34\">[34]<\/a><\/sup><\/p>\n<p style=\"text-align: justify;\">Uma interpreta\u00e7\u00e3o do\u00a0<a class=\"mw-redirect\" title=\"Evangelho de Jo\u00e3o\" href=\"https:\/\/pt.wikipedia.org\/wiki\/Evangelho_de_Jo%C3%A3o\">Evangelho de Jo\u00e3o<\/a>\u00a0\u00e9 que Jesus, como cordeiro pascal, foi crucificado,\u00a0<a title=\"Grosso modo\" href=\"https:\/\/pt.wikipedia.org\/wiki\/Grosso_modo\">grosso modo<\/a>, no mesmo hor\u00e1rio em que os cordeiros estavam sendo sacrificados no\u00a0<a class=\"mw-redirect\" title=\"Segundo Templo de Jerusal\u00e9m\" href=\"https:\/\/pt.wikipedia.org\/wiki\/Segundo_Templo_de_Jerusal%C3%A9m\">Templo<\/a>, a tarde de\u00a0<a title=\"Quartodecimanismo\" href=\"https:\/\/pt.wikipedia.org\/wiki\/Quartodecimanismo\">14 Nisan<\/a>. As instru\u00e7\u00f5es na\u00a0<a title=\"B\u00edblia\" href=\"https:\/\/pt.wikipedia.org\/wiki\/B%C3%ADblia\">B\u00edblia<\/a>\u00a0especificam que ele deve ser imolado\u00a0<i>\u00aba tardinha\u00bb<\/i>\u00a0(<a class=\"extiw\" title=\"s:Tradu\u00e7\u00e3o Brasileira da B\u00edblia\/\u00caxodo\/XII\" href=\"https:\/\/pt.wikisource.org\/wiki\/Tradu%C3%A7%C3%A3o_Brasileira_da_B%C3%ADblia\/%C3%8Axodo\/XII#12:6\">\u00caxodo 12:6<\/a>), ou seja, no\u00a0<a title=\"Crep\u00fasculo\" href=\"https:\/\/pt.wikipedia.org\/wiki\/Crep%C3%BAsculo\">crep\u00fasculo<\/a>. No per\u00edodo romano, por\u00e9m, os sacrif\u00edcios eram realizados no meio da tarde.<sup id=\"cite_ref-35\" class=\"reference\"><a href=\"https:\/\/pt.wikipedia.org\/wiki\/P%C3%A1scoa#cite_note-35\">[35]<\/a><\/sup><\/p>\n<p style=\"text-align: justify;\">Esta interpreta\u00e7\u00e3o, por\u00e9m, \u00e9 inconsistente com a\u00a0<a title=\"Cronologia de Jesus\" href=\"https:\/\/pt.wikipedia.org\/wiki\/Cronologia_de_Jesus\">cronologia<\/a>\u00a0nos\u00a0<a class=\"mw-redirect\" title=\"Evangelhos sin\u00f3ticos\" href=\"https:\/\/pt.wikipedia.org\/wiki\/Evangelhos_sin%C3%B3ticos\">evangelhos sin\u00f3ticos<\/a>. Ela assume que o texto de\u00a0<a class=\"extiw\" title=\"s:Tradu\u00e7\u00e3o Brasileira da B\u00edblia\/Jo\u00e3o\/XIX\" href=\"https:\/\/pt.wikisource.org\/wiki\/Tradu%C3%A7%C3%A3o_Brasileira_da_B%C3%ADblia\/Jo%C3%A3o\/XIX#19:14\">Jo\u00e3o 19:14<\/a>\u00a0(<i>&#8220;Era a\u00a0<a class=\"extiw\" title=\"wikt:parasceve\" href=\"https:\/\/pt.wiktionary.org\/wiki\/parasceve\">parasceve<\/a>\u00a0e cerca da hora sexta&#8221;<\/i>), literalmente traduzido, \u00e9 obrigatoriamente uma refer\u00eancia ao 14 de Nisan (o dia de prepara\u00e7\u00e3o para a P\u00e1scoa judaica) e n\u00e3o ao\u00a0<i><a class=\"mw-redirect\" title=\"Yom Shishi\" href=\"https:\/\/pt.wikipedia.org\/wiki\/Yom_Shishi\">Yom Shishi<\/a><\/i>\u00a0(a sexta-feira seguinte, dia de prepara\u00e7\u00e3o para o\u00a0<a class=\"new\" title=\"Sab\u00e1 b\u00edblico (p\u00e1gina n\u00e3o existe)\" href=\"https:\/\/pt.wikipedia.org\/w\/index.php?title=Sab%C3%A1_b%C3%ADblico&amp;action=edit&amp;redlink=1\">sab\u00e1<\/a>\u00a0da semana do festival da P\u00e1scoa judaica),<sup id=\"cite_ref-36\" class=\"reference\"><a href=\"https:\/\/pt.wikipedia.org\/wiki\/P%C3%A1scoa#cite_note-36\">[36]<\/a><\/sup>\u00a0e que o desejo dos sacerdotes de estarem puros para\u00a0<i>\u00ab&#8230;poderem comer a p\u00e1scoa\u00bb<\/i>\u00a0(<a class=\"extiw\" title=\"s:Tradu\u00e7\u00e3o Brasileira da B\u00edblia\/Jo\u00e3o\/XVIII\" href=\"https:\/\/pt.wikisource.org\/wiki\/Tradu%C3%A7%C3%A3o_Brasileira_da_B%C3%ADblia\/Jo%C3%A3o\/XVIII#18:28\">Jo\u00e3o 18:28<\/a>) era uma refer\u00eancia obrigat\u00f3ria \u00e0 refei\u00e7\u00e3o do cordeiro de P\u00e1scoa e n\u00e3o \u00e0s demais feitas durante as oferendas p\u00fablicas do festival da P\u00e1scoa (chamado tamb\u00e9m de &#8220;Festival do P\u00e3o sem Fermento&#8221;), como comanda\u00a0<a class=\"extiw\" title=\"s:Tradu\u00e7\u00e3o Brasileira da B\u00edblia\/Lev\u00edtico\/XXIII\" href=\"https:\/\/pt.wikisource.org\/wiki\/Tradu%C3%A7%C3%A3o_Brasileira_da_B%C3%ADblia\/Lev%C3%ADtico\/XXIII#23:8\">Lev\u00edtico 23:8<\/a>.<\/p>\n<h2 style=\"text-align: justify;\"><span id=\"Cristianismo_primitivo\" class=\"mw-headline\">Cristianismo primitivo<\/span><\/h2>\n<figure class=\"mw-halign-right\" style=\"text-align: justify;\"><a class=\"mw-file-description\" href=\"https:\/\/pt.wikipedia.org\/wiki\/Ficheiro:Last-supper-from-Kremikovtsi.jpg\"><img loading=\"lazy\" decoding=\"async\" class=\"mw-file-element\" src=\"https:\/\/upload.wikimedia.org\/wikipedia\/commons\/thumb\/1\/10\/Last-supper-from-Kremikovtsi.jpg\/300px-Last-supper-from-Kremikovtsi.jpg\" srcset=\"\/\/upload.wikimedia.org\/wikipedia\/commons\/thumb\/1\/10\/Last-supper-from-Kremikovtsi.jpg\/450px-Last-supper-from-Kremikovtsi.jpg 1.5x, \/\/upload.wikimedia.org\/wikipedia\/commons\/thumb\/1\/10\/Last-supper-from-Kremikovtsi.jpg\/600px-Last-supper-from-Kremikovtsi.jpg 2x\" width=\"300\" height=\"223\" data-file-width=\"1000\" data-file-height=\"744\" \/><\/a><figcaption>A\u00a0<a title=\"\u00daltima Ceia\" href=\"https:\/\/pt.wikipedia.org\/wiki\/%C3%9Altima_Ceia\">\u00daltima Ceia<\/a>, celebrada por\u00a0<a title=\"Jesus\" href=\"https:\/\/pt.wikipedia.org\/wiki\/Jesus\">Jesus<\/a>\u00a0e seus disc\u00edpulos, era uma &#8220;<a title=\"S\u00eader de Pessach\" href=\"https:\/\/pt.wikipedia.org\/wiki\/S%C3%AAder_de_Pessach\">s\u00eader de Pessach<\/a>&#8221; (&#8220;ceia de P\u00e1scoa&#8221;). Os primeiros crist\u00e3os tamb\u00e9m celebravam esta refei\u00e7\u00e3o para comemorar a morte e ressurrei\u00e7\u00e3o de Jesus.<\/figcaption><\/figure>\n<figure class=\"mw-halign-right\" style=\"text-align: justify;\"><a class=\"mw-file-description\" href=\"https:\/\/pt.wikipedia.org\/wiki\/Ficheiro:Josefa_cordeiro-pascal.jpg\"><img loading=\"lazy\" decoding=\"async\" class=\"mw-file-element\" src=\"https:\/\/upload.wikimedia.org\/wikipedia\/commons\/thumb\/f\/f3\/Josefa_cordeiro-pascal.jpg\/300px-Josefa_cordeiro-pascal.jpg\" srcset=\"\/\/upload.wikimedia.org\/wikipedia\/commons\/thumb\/f\/f3\/Josefa_cordeiro-pascal.jpg\/450px-Josefa_cordeiro-pascal.jpg 1.5x, \/\/upload.wikimedia.org\/wikipedia\/commons\/thumb\/f\/f3\/Josefa_cordeiro-pascal.jpg\/600px-Josefa_cordeiro-pascal.jpg 2x\" width=\"300\" height=\"223\" data-file-width=\"672\" data-file-height=\"500\" \/><\/a><figcaption><a title=\"Cordeiro Pascal (Josefa de \u00d3bidos)\" href=\"https:\/\/pt.wikipedia.org\/wiki\/Cordeiro_Pascal_(Josefa_de_%C3%93bidos)\">Cordeiro Pascal<\/a>, uma das refei\u00e7\u00f5es tradicionais judaicas durante a\u00a0<a class=\"mw-redirect\" title=\"P\u00e1scoa judaica\" href=\"https:\/\/pt.wikipedia.org\/wiki\/P%C3%A1scoa_judaica\">P\u00e1scoa<\/a>. Ao reinterpretar o significado desta celebra\u00e7\u00e3o, os crist\u00e3os identificaram Jesus como sendo o cordeiro imolado, criando o s\u00edmbolo do\u00a0<a title=\"Cordeiro de Deus\" href=\"https:\/\/pt.wikipedia.org\/wiki\/Cordeiro_de_Deus\">Cordeiro de Deus<\/a>.<br \/>\n<small>1660\u20131670. Pela artista portuguesa\u00a0<a title=\"Josefa de \u00d3bidos\" href=\"https:\/\/pt.wikipedia.org\/wiki\/Josefa_de_%C3%93bidos\">Josefa de \u00d3bidos<\/a>, atualmente no\u00a0<a class=\"mw-redirect\" title=\"Museu de \u00c9vora\" href=\"https:\/\/pt.wikipedia.org\/wiki\/Museu_de_%C3%89vora\">Museu de \u00c9vora<\/a>, em\u00a0<a title=\"Portugal\" href=\"https:\/\/pt.wikipedia.org\/wiki\/Portugal\">Portugal<\/a>.<\/small><\/figcaption><\/figure>\n<p style=\"text-align: justify;\">Os\u00a0<a title=\"Cristianismo primitivo\" href=\"https:\/\/pt.wikipedia.org\/wiki\/Cristianismo_primitivo\">primeiros crist\u00e3os<\/a>,\u00a0<a title=\"Cristianismo judaico\" href=\"https:\/\/pt.wikipedia.org\/wiki\/Cristianismo_judaico\">judeus crist\u00e3os<\/a>\u00a0e\u00a0<a class=\"mw-redirect\" title=\"Gentios\" href=\"https:\/\/pt.wikipedia.org\/wiki\/Gentios\">gentios<\/a>\u00a0certamente conheciam o\u00a0<a class=\"mw-redirect\" title=\"Calend\u00e1rio hebraico\" href=\"https:\/\/pt.wikipedia.org\/wiki\/Calend%C3%A1rio_hebraico\">calend\u00e1rio hebraico<\/a><sup id=\"cite_ref-37\" class=\"reference\"><a href=\"https:\/\/pt.wikipedia.org\/wiki\/P%C3%A1scoa#cite_note-37\">[37]<\/a><\/sup>\u00a0e n\u00e3o existem evid\u00eancias diretas de que eles celebrassem nenhum tipo espec\u00edfico de festival anual crist\u00e3o.<sup id=\"cite_ref-Melito_38-0\" class=\"reference\"><a href=\"https:\/\/pt.wikipedia.org\/wiki\/P%C3%A1scoa#cite_note-Melito-38\">[38]<\/a><\/sup>\u00a0A P\u00e1scoa era provavelmente um aspecto da P\u00e1scoa judaica na qual os judeo-crist\u00e3os, os primeiros a comemorarem-na, celebravam a ressurrei\u00e7\u00e3o de Jesus.<sup id=\"cite_ref-HC_22-1\" class=\"reference\"><a href=\"https:\/\/pt.wikipedia.org\/wiki\/P%C3%A1scoa#cite_note-HC-22\">[22]<\/a><\/sup><\/p>\n<p style=\"text-align: justify;\">Evid\u00eancias diretas come\u00e7aram a aparecer na metade do s\u00e9culo II. Talvez a mais antiga fonte prim\u00e1ria sobrevivente a fazer refer\u00eancia \u00e0 P\u00e1scoa seja uma\u00a0<a title=\"Homilia\" href=\"https:\/\/pt.wikipedia.org\/wiki\/Homilia\">homilia<\/a>\u00a0pascal do meio do s\u00e9culo II atribu\u00edda a\u00a0<a class=\"mw-redirect\" title=\"Melito de Sardis\" href=\"https:\/\/pt.wikipedia.org\/wiki\/Melito_de_Sardis\">Melito de Sardis<\/a>, que apresenta o evento como uma festa j\u00e1 consolidada (e n\u00e3o uma &#8220;novidade&#8221;).<sup id=\"cite_ref-Melito_38-1\" class=\"reference\"><a href=\"https:\/\/pt.wikipedia.org\/wiki\/P%C3%A1scoa#cite_note-Melito-38\">[38]<\/a><\/sup>\u00a0Evid\u00eancias de um outro tipo de festival anual crist\u00e3o, a comemora\u00e7\u00e3o dos\u00a0<a title=\"M\u00e1rtires\" href=\"https:\/\/pt.wikipedia.org\/wiki\/M%C3%A1rtires\">m\u00e1rtires<\/a>, come\u00e7am a aparecer mais ou menos na mesma \u00e9poca.<sup id=\"cite_ref-39\" class=\"reference\"><a href=\"https:\/\/pt.wikipedia.org\/wiki\/P%C3%A1scoa#cite_note-39\">[39]<\/a><\/sup><\/p>\n<p style=\"text-align: justify;\">Enquanto os dias reservados aos m\u00e1rtires (em geral as datas de seus respectivos mart\u00edrios) eram celebrados em datas fixas utilizando o\u00a0<a title=\"Calend\u00e1rio solar\" href=\"https:\/\/pt.wikipedia.org\/wiki\/Calend%C3%A1rio_solar\">calend\u00e1rio solar<\/a>\u00a0local, a data da P\u00e1scoa era determinada atrav\u00e9s do\u00a0<a title=\"Calend\u00e1rio lunissolar\" href=\"https:\/\/pt.wikipedia.org\/wiki\/Calend%C3%A1rio_lunissolar\">calend\u00e1rio lunissolar<\/a>\u00a0judaico, o que \u00e9 consistente com o fato de a festa da P\u00e1scoa ter sido incorporada ao cristianismo durante seus primeiros anos, o chamado\u00a0<a title=\"Cristianismo judaico\" href=\"https:\/\/pt.wikipedia.org\/wiki\/Cristianismo_judaico\">per\u00edodo judaico<\/a>, mas mesmo assim a quest\u00e3o n\u00e3o est\u00e1 livre de controv\u00e9rsias.<sup id=\"cite_ref-40\" class=\"reference\"><a href=\"https:\/\/pt.wikipedia.org\/wiki\/P%C3%A1scoa#cite_note-40\">[40]<\/a><\/sup><\/p>\n<p style=\"text-align: justify;\">O\u00a0<a class=\"mw-redirect\" title=\"Hist\u00f3ria Eclesi\u00e1stica\" href=\"https:\/\/pt.wikipedia.org\/wiki\/Hist%C3%B3ria_Eclesi%C3%A1stica\">historiador eclesi\u00e1stico<\/a>\u00a0<a class=\"mw-redirect\" title=\"S\u00f3crates Escol\u00e1stico\" href=\"https:\/\/pt.wikipedia.org\/wiki\/S%C3%B3crates_Escol%C3%A1stico\">S\u00f3crates Escol\u00e1stico<\/a>\u00a0atribui a observ\u00e2ncia da P\u00e1scoa pela igreja \u00e0 perpetua\u00e7\u00e3o de seu costume,\u00a0<i>&#8220;da mesma forma que outros costumes foram criados&#8221;<\/i>, afirmando que nem Jesus e nem seus\u00a0<a class=\"mw-redirect\" title=\"Ap\u00f3stolos\" href=\"https:\/\/pt.wikipedia.org\/wiki\/Ap%C3%B3stolos\">ap\u00f3stolos<\/a>\u00a0desejavam manter este ou qualquer outro festival. Embora ele descreva em detalhes a celebra\u00e7\u00e3o da P\u00e1scoa como sendo derivada de costumes locais, ele insiste, por outro lado, que a festa era de fato universalmente observada.<sup id=\"cite_ref-41\" class=\"reference\"><a href=\"https:\/\/pt.wikipedia.org\/wiki\/P%C3%A1scoa#cite_note-41\">[41]<\/a><\/sup><\/p>\n<h2 style=\"text-align: justify;\"><span id=\"Data\" class=\"mw-headline\">Data<\/span><\/h2>\n<div class=\"hatnote\" style=\"text-align: justify;\"><img loading=\"lazy\" decoding=\"async\" class=\"mw-file-element\" src=\"https:\/\/upload.wikimedia.org\/wikipedia\/commons\/thumb\/3\/3a\/Magnifying_glass_01.svg\/17px-Magnifying_glass_01.svg.png\" srcset=\"\/\/upload.wikimedia.org\/wikipedia\/commons\/thumb\/3\/3a\/Magnifying_glass_01.svg\/26px-Magnifying_glass_01.svg.png 1.5x, \/\/upload.wikimedia.org\/wikipedia\/commons\/thumb\/3\/3a\/Magnifying_glass_01.svg\/34px-Magnifying_glass_01.svg.png 2x\" alt=\"\" width=\"17\" height=\"17\" data-file-width=\"663\" data-file-height=\"659\" \/>Ver artigos principais:\u00a0<a class=\"mw-redirect\" title=\"Data da P\u00e1scoa\" href=\"https:\/\/pt.wikipedia.org\/wiki\/Data_da_P%C3%A1scoa\">Data da P\u00e1scoa<\/a>\u00a0e\u00a0<a title=\"Controv\u00e9rsia da P\u00e1scoa\" href=\"https:\/\/pt.wikipedia.org\/wiki\/Controv%C3%A9rsia_da_P%C3%A1scoa\">Controv\u00e9rsia da P\u00e1scoa<\/a><\/div>\n<table class=\"wikitable\">\n<tbody>\n<tr>\n<th>ANO<\/th>\n<th>DATA<sup id=\"cite_ref-42\" class=\"reference\"><a href=\"https:\/\/pt.wikipedia.org\/wiki\/P%C3%A1scoa#cite_note-42\">[42]<\/a><\/sup><\/th>\n<\/tr>\n<tr>\n<td>2024<\/td>\n<td>31 de mar\u00e7o<\/td>\n<\/tr>\n<tr>\n<td>2025<\/td>\n<td>20 de abril<\/td>\n<\/tr>\n<tr>\n<td>2026<\/td>\n<td>5 de abril<\/td>\n<\/tr>\n<tr>\n<td>2027<\/td>\n<td>28 de mar\u00e7o<\/td>\n<\/tr>\n<tr>\n<td>2028<\/td>\n<td>16 de abril<\/td>\n<\/tr>\n<tr>\n<td>2029<\/td>\n<td>1 de abril<\/td>\n<\/tr>\n<\/tbody>\n<\/table>\n<h2 style=\"text-align: justify;\"><span id=\"Posi.C3.A7.C3.A3o_no_ano_lit.C3.BArgico\"><\/span><span id=\"Posi\u00e7\u00e3o_no_ano_lit\u00fargico\" class=\"mw-headline\">Posi\u00e7\u00e3o no ano lit\u00fargico<\/span><\/h2>\n<div class=\"hatnote\" style=\"text-align: justify;\"><img loading=\"lazy\" decoding=\"async\" class=\"mw-file-element\" src=\"https:\/\/upload.wikimedia.org\/wikipedia\/commons\/thumb\/3\/3a\/Magnifying_glass_01.svg\/17px-Magnifying_glass_01.svg.png\" srcset=\"\/\/upload.wikimedia.org\/wikipedia\/commons\/thumb\/3\/3a\/Magnifying_glass_01.svg\/26px-Magnifying_glass_01.svg.png 1.5x, \/\/upload.wikimedia.org\/wikipedia\/commons\/thumb\/3\/3a\/Magnifying_glass_01.svg\/34px-Magnifying_glass_01.svg.png 2x\" alt=\"\" width=\"17\" height=\"17\" data-file-width=\"663\" data-file-height=\"659\" \/>Ver artigo principal:\u00a0<a title=\"Ano lit\u00fargico\" href=\"https:\/\/pt.wikipedia.org\/wiki\/Ano_lit%C3%BArgico\">Ano lit\u00fargico<\/a><\/div>\n<h3 style=\"text-align: justify;\"><span id=\"Cristianismo_ocidental\" class=\"mw-headline\">Cristianismo ocidental<\/span><\/h3>\n<p style=\"text-align: justify;\">No\u00a0<a title=\"Igreja Cat\u00f3lica de Rito Latino\" href=\"https:\/\/pt.wikipedia.org\/wiki\/Igreja_Cat%C3%B3lica_de_Rito_Latino\">rito latino<\/a>, a P\u00e1scoa \u00e9 precedida pela\u00a0<a title=\"Quaresma\" href=\"https:\/\/pt.wikipedia.org\/wiki\/Quaresma\">Quaresma<\/a>, um per\u00edodo preparat\u00f3rio de\u00a0<a title=\"Jejum\" href=\"https:\/\/pt.wikipedia.org\/wiki\/Jejum\">jejuns<\/a>\u00a0e penit\u00eancias que come\u00e7a na\u00a0<a class=\"mw-redirect\" title=\"Quarta-Feira de Cinzas\" href=\"https:\/\/pt.wikipedia.org\/wiki\/Quarta-Feira_de_Cinzas\">Quarta-Feira de Cinzas<\/a>\u00a0e dura quarenta dias (sem contar os domingos). A semana antes da P\u00e1scoa, conhecida como\u00a0<a title=\"Semana Santa\" href=\"https:\/\/pt.wikipedia.org\/wiki\/Semana_Santa\">Semana Santa<\/a>, \u00e9 muito especial na tradi\u00e7\u00e3o crist\u00e3. O domingo anterior \u00e9 o\u00a0<a title=\"Domingo de Ramos\" href=\"https:\/\/pt.wikipedia.org\/wiki\/Domingo_de_Ramos\">Domingo de Ramos<\/a>. Os tr\u00eas dias antes da P\u00e1scoa, conhecidos como\u00a0<a title=\"Tr\u00edduo Pascal\" href=\"https:\/\/pt.wikipedia.org\/wiki\/Tr%C3%ADduo_Pascal\">Tr\u00edduo Pascal<\/a>, s\u00e3o a\u00a0<a class=\"mw-redirect\" title=\"Quinta-Feira Santa\" href=\"https:\/\/pt.wikipedia.org\/wiki\/Quinta-Feira_Santa\">Quinta<\/a>\u00a0e a\u00a0<a class=\"mw-redirect\" title=\"Sexta-Feira Santa\" href=\"https:\/\/pt.wikipedia.org\/wiki\/Sexta-Feira_Santa\">Sexta-Feira Santa<\/a>\u00a0mais o\u00a0<a title=\"S\u00e1bado de Aleluia\" href=\"https:\/\/pt.wikipedia.org\/wiki\/S%C3%A1bado_de_Aleluia\">S\u00e1bado de Aleluia<\/a>.<\/p>\n<p style=\"text-align: justify;\">Muitas igrejas come\u00e7am a celebrar a P\u00e1scoa no fim da noite do S\u00e1bado de Aleluia na chamada\u00a0<a class=\"mw-redirect\" title=\"Vig\u00edlia Pascal\" href=\"https:\/\/pt.wikipedia.org\/wiki\/Vig%C3%ADlia_Pascal\">Vig\u00edlia Pascal<\/a>. Em alguns pa\u00edses, a P\u00e1scoa dura dois dias, com a adi\u00e7\u00e3o da chamada &#8220;<a class=\"mw-redirect\" title=\"Segunda-Feira de P\u00e1scoa\" href=\"https:\/\/pt.wikipedia.org\/wiki\/Segunda-Feira_de_P%C3%A1scoa\">Segunda-Feira de P\u00e1scoa<\/a>&#8220;.<\/p>\n<p style=\"text-align: justify;\">A semana come\u00e7ando com o Domingo de P\u00e1scoa \u00e9 chamada de\u00a0<a class=\"mw-redirect\" title=\"Semana de P\u00e1scoa\" href=\"https:\/\/pt.wikipedia.org\/wiki\/Semana_de_P%C3%A1scoa\">Semana de P\u00e1scoa<\/a>\u00a0(ou\u00a0<a class=\"mw-redirect\" title=\"Oitava da P\u00e1scoa\" href=\"https:\/\/pt.wikipedia.org\/wiki\/Oitava_da_P%C3%A1scoa\">Oitava da P\u00e1scoa<\/a>) e cada dia \u00e9 sucedido pelo sufixo &#8220;pascal&#8221; (ou &#8220;da P\u00e1scoa&#8221;). O\u00a0<a class=\"new\" title=\"S\u00e1bado de P\u00e1scoa (p\u00e1gina n\u00e3o existe)\" href=\"https:\/\/pt.wikipedia.org\/w\/index.php?title=S%C3%A1bado_de_P%C3%A1scoa&amp;action=edit&amp;redlink=1\">S\u00e1bado de P\u00e1scoa<\/a>\u00a0\u00e9, portanto, o s\u00e1bado\u00a0<i>depois<\/i>\u00a0do Domingo de P\u00e1scoa (e n\u00e3o o S\u00e1bado de Aleluia, antes dele). O Tempo Pascal come\u00e7a no domingo e vai at\u00e9 ao\u00a0<a class=\"mw-redirect\" title=\"Domingo de Pentecostes\" href=\"https:\/\/pt.wikipedia.org\/wiki\/Domingo_de_Pentecostes\">Domingo de Pentecostes<\/a>, sete semanas depois.<\/p>\n<h3 style=\"text-align: justify;\"><span id=\"Cristianismo_oriental\" class=\"mw-headline\">Cristianismo oriental<\/span><\/h3>\n<p style=\"text-align: justify;\">No\u00a0<a title=\"Rito bizantino\" href=\"https:\/\/pt.wikipedia.org\/wiki\/Rito_bizantino\">rito bizantino<\/a>, a prepara\u00e7\u00e3o espiritual para a P\u00e1scoa come\u00e7a com a\u00a0<a class=\"new\" title=\"Grande Quaresma (p\u00e1gina n\u00e3o existe)\" href=\"https:\/\/pt.wikipedia.org\/w\/index.php?title=Grande_Quaresma&amp;action=edit&amp;redlink=1\">Grande Quaresma<\/a>, que come\u00e7a na\u00a0<a class=\"new\" title=\"Segunda-Feira Limpa (p\u00e1gina n\u00e3o existe)\" href=\"https:\/\/pt.wikipedia.org\/w\/index.php?title=Segunda-Feira_Limpa&amp;action=edit&amp;redlink=1\">Segunda-Feira Limpa<\/a>\u00a0e dura quarenta dias seguidos (inclusive os domingos). A \u00faltima semana da Grande Quaresma (depois do quinto domingo da Grande Quaresma) \u00e9 chamada Semana de Ramos e termina com o\u00a0<a title=\"S\u00e1bado de L\u00e1zaro\" href=\"https:\/\/pt.wikipedia.org\/wiki\/S%C3%A1bado_de_L%C3%A1zaro\">S\u00e1bado de L\u00e1zaro<\/a>. As\u00a0<a title=\"V\u00e9speras\" href=\"https:\/\/pt.wikipedia.org\/wiki\/V%C3%A9speras\">v\u00e9speras<\/a>\u00a0deste dia encerram oficialmente a Grande Quaresma, embora o jejum continue ainda na semana seguinte. Depois v\u00eam o\u00a0<a title=\"Domingo de Ramos\" href=\"https:\/\/pt.wikipedia.org\/wiki\/Domingo_de_Ramos\">Domingo de Ramos<\/a>, a\u00a0<a title=\"Semana Santa\" href=\"https:\/\/pt.wikipedia.org\/wiki\/Semana_Santa\">Semana Santa<\/a>\u00a0e, finalmente, a P\u00e1scoa. O per\u00edodo de jejuns se encerra imediatamente depois da\u00a0<a title=\"Divina Liturgia\" href=\"https:\/\/pt.wikipedia.org\/wiki\/Divina_Liturgia\">Divina Liturgia<\/a>\u00a0da P\u00e1scoa.<\/p>\n<p style=\"text-align: justify;\">A\u00a0<a class=\"mw-redirect\" title=\"Vig\u00edlia Pascal\" href=\"https:\/\/pt.wikipedia.org\/wiki\/Vig%C3%ADlia_Pascal\">Vig\u00edlia Pascal<\/a>\u00a0come\u00e7a com o\u00a0<a class=\"new\" title=\"Servi\u00e7o da Meia-Noite (p\u00e1gina n\u00e3o existe)\" href=\"https:\/\/pt.wikipedia.org\/w\/index.php?title=Servi%C3%A7o_da_Meia-Noite&amp;action=edit&amp;redlink=1\">Servi\u00e7o da Meia-Noite<\/a>, que \u00e9 o \u00faltimo do\u00a0<a class=\"new\" title=\"Triodion da Quaresma (p\u00e1gina n\u00e3o existe)\" href=\"https:\/\/pt.wikipedia.org\/w\/index.php?title=Triodion_da_Quaresma&amp;action=edit&amp;redlink=1\">Tri\u00f3dion da Quaresma<\/a>\u00a0e \u00e9 sincronizado para acabar pouco antes da meia-noite do\u00a0<a title=\"S\u00e1bado de Aleluia\" href=\"https:\/\/pt.wikipedia.org\/wiki\/S%C3%A1bado_de_Aleluia\">S\u00e1bado de Aleluia<\/a>. Quando o rel\u00f3gio marca a meia-noite, a celebra\u00e7\u00e3o da P\u00e1scoa come\u00e7a, que abrange as\u00a0<a class=\"mw-redirect\" title=\"Matinas\" href=\"https:\/\/pt.wikipedia.org\/wiki\/Matinas\">matinas<\/a>\u00a0pascais, as\u00a0<a class=\"new\" title=\"Horas pascais (p\u00e1gina n\u00e3o existe)\" href=\"https:\/\/pt.wikipedia.org\/w\/index.php?title=Horas_pascais&amp;action=edit&amp;redlink=1\">horas pascais<\/a>\u00a0e a Divina Liturgia Pascal.<sup id=\"cite_ref-Eastern_Liturgy_43-0\" class=\"reference\"><a href=\"https:\/\/pt.wikipedia.org\/wiki\/P%C3%A1scoa#cite_note-Eastern_Liturgy-43\">[43]<\/a><\/sup>\u00a0Este sincronismo garante que a liturgia da P\u00e1scoa ocorrer\u00e1 mais cedo que qualquer outra liturgia matinal no ano lit\u00fargico, garantindo assim sua preemin\u00eancia entre as\u00a0<a class=\"new\" title=\"Festas das Festas (p\u00e1gina n\u00e3o existe)\" href=\"https:\/\/pt.wikipedia.org\/w\/index.php?title=Festas_das_Festas&amp;action=edit&amp;redlink=1\">Festas das Festas<\/a>.<\/p>\n<p style=\"text-align: justify;\">A \u00e9poca lit\u00fargica que vai da P\u00e1scoa at\u00e9 ao domingo de\u00a0<a title=\"Dia de Todos os Santos\" href=\"https:\/\/pt.wikipedia.org\/wiki\/Dia_de_Todos_os_Santos\">Todos os Santos<\/a>\u00a0(o domingo depois do\u00a0<a title=\"Pentecostes\" href=\"https:\/\/pt.wikipedia.org\/wiki\/Pentecostes\">Pentecostes<\/a>) \u00e9 conhecido como\u00a0<a class=\"new\" title=\"Pentecostarion (p\u00e1gina n\u00e3o existe)\" href=\"https:\/\/pt.wikipedia.org\/w\/index.php?title=Pentecostarion&amp;action=edit&amp;redlink=1\">Pentecostarion<\/a>\u00a0(os &#8220;cinquenta dias&#8221;). A semana que come\u00e7a no Domingo de P\u00e1scoa \u00e9 chamada\u00a0<a class=\"new\" title=\"Semana Brilhante (p\u00e1gina n\u00e3o existe)\" href=\"https:\/\/pt.wikipedia.org\/w\/index.php?title=Semana_Brilhante&amp;action=edit&amp;redlink=1\">Semana Brilhante<\/a>, durante a qual n\u00e3o se jejua (mesmo \u00e0s quartas e sextas-feiras).<\/p>\n<h2 style=\"text-align: justify;\"><span id=\"Observ.C3.A2ncia\"><\/span><span id=\"Observ\u00e2ncia\" class=\"mw-headline\">Observ\u00e2ncia<\/span><\/h2>\n<h3 style=\"text-align: justify;\"><span id=\"Cristianismo_ocidental_2\" class=\"mw-headline\">Cristianismo ocidental<\/span><\/h3>\n<figure style=\"text-align: justify;\"><a class=\"mw-file-description\" href=\"https:\/\/pt.wikipedia.org\/wiki\/Ficheiro:Easter_Bunny_Postcard_1915_Stecher.jpg\"><img loading=\"lazy\" decoding=\"async\" class=\"mw-file-element\" src=\"https:\/\/upload.wikimedia.org\/wikipedia\/commons\/thumb\/0\/09\/Easter_Bunny_Postcard_1915_Stecher.jpg\/300px-Easter_Bunny_Postcard_1915_Stecher.jpg\" srcset=\"\/\/upload.wikimedia.org\/wikipedia\/commons\/thumb\/0\/09\/Easter_Bunny_Postcard_1915_Stecher.jpg\/450px-Easter_Bunny_Postcard_1915_Stecher.jpg 1.5x, \/\/upload.wikimedia.org\/wikipedia\/commons\/0\/09\/Easter_Bunny_Postcard_1915_Stecher.jpg 2x\" width=\"300\" height=\"479\" data-file-width=\"512\" data-file-height=\"818\" \/><\/a><figcaption>Uma tradi\u00e7\u00e3o ocidental de origem n\u00e3o religiosa, o\u00a0<a class=\"mw-redirect\" title=\"Coelho da P\u00e1scoa\" href=\"https:\/\/pt.wikipedia.org\/wiki\/Coelho_da_P%C3%A1scoa\">Coelho da P\u00e1scoa<\/a>, assim como o\u00a0<a title=\"Papai Noel\" href=\"https:\/\/pt.wikipedia.org\/wiki\/Papai_Noel\">Papai Noel<\/a>, representa a tradi\u00e7\u00e3o de trocar presentes em datas festivas. Para algumas\u00a0<a class=\"mw-redirect\" title=\"Denomina\u00e7\u00f5es crist\u00e3s\" href=\"https:\/\/pt.wikipedia.org\/wiki\/Denomina%C3%A7%C3%B5es_crist%C3%A3s\">denomina\u00e7\u00f5es<\/a>, \u00e9 o retrato da seculariza\u00e7\u00e3o e comercializa\u00e7\u00e3o da festa da P\u00e1scoa.<sup id=\"cite_ref-Sec_44-0\" class=\"reference\"><a href=\"https:\/\/pt.wikipedia.org\/wiki\/P%C3%A1scoa#cite_note-Sec-44\">[44]<\/a><\/sup><br \/>\n<small>Cart\u00e3o postal de 1915.<\/small><\/figcaption><\/figure>\n<p style=\"text-align: justify;\">O festival da P\u00e1scoa \u00e9 observado de diferentes formas entre os crist\u00e3os ocidentais. A observ\u00e2ncia lit\u00fargica tradicional, praticada por\u00a0<a class=\"mw-redirect\" title=\"Cat\u00f3licos\" href=\"https:\/\/pt.wikipedia.org\/wiki\/Cat%C3%B3licos\">cat\u00f3licos<\/a>,\u00a0<a class=\"mw-redirect\" title=\"Luteranos\" href=\"https:\/\/pt.wikipedia.org\/wiki\/Luteranos\">luteranos<\/a>\u00a0e alguns\u00a0<a class=\"mw-redirect\" title=\"Anglicanos\" href=\"https:\/\/pt.wikipedia.org\/wiki\/Anglicanos\">anglicanos<\/a>, come\u00e7a na noite do\u00a0<a title=\"S\u00e1bado de Aleluia\" href=\"https:\/\/pt.wikipedia.org\/wiki\/S%C3%A1bado_de_Aleluia\">S\u00e1bado de Aleluia<\/a>\u00a0com a\u00a0<a class=\"mw-redirect\" title=\"Vig\u00edlia Pascal\" href=\"https:\/\/pt.wikipedia.org\/wiki\/Vig%C3%ADlia_Pascal\">Vig\u00edlia Pascal<\/a>. Esta, considerada a mais importante liturgia do ano, come\u00e7a numa escurid\u00e3o total com o fogo pascal e o acendimento do\u00a0<a title=\"C\u00edrio Pascal\" href=\"https:\/\/pt.wikipedia.org\/wiki\/C%C3%ADrio_Pascal\">C\u00edrio Pascal<\/a>\u00a0(s\u00edmbolo do Cristo ressuscitado) e o canto do\u00a0<i><a class=\"new\" title=\"Exultet (p\u00e1gina n\u00e3o existe)\" href=\"https:\/\/pt.wikipedia.org\/w\/index.php?title=Exultet&amp;action=edit&amp;redlink=1\">Exultet<\/a><\/i>, uma proclama\u00e7\u00e3o de P\u00e1scoa atribu\u00edda a\u00a0<a class=\"mw-redirect\" title=\"Santo Ambr\u00f3sio\" href=\"https:\/\/pt.wikipedia.org\/wiki\/Santo_Ambr%C3%B3sio\">Santo Ambr\u00f3sio<\/a>.<\/p>\n<p style=\"text-align: justify;\">Depois deste servi\u00e7o de luz, seguem-se diversas leituras do\u00a0<a title=\"Antigo Testamento\" href=\"https:\/\/pt.wikipedia.org\/wiki\/Antigo_Testamento\">Antigo Testamento<\/a>. Elas contam as hist\u00f3rias da\u00a0<a title=\"G\u00eanesis\" href=\"https:\/\/pt.wikipedia.org\/wiki\/G%C3%AAnesis\">cria\u00e7\u00e3o<\/a>, o\u00a0<a class=\"mw-redirect\" title=\"Sacrif\u00edcio de Isaac\" href=\"https:\/\/pt.wikipedia.org\/wiki\/Sacrif%C3%ADcio_de_Isaac\">sacrif\u00edcio de Isaque<\/a>, a\u00a0<a title=\"Travessia do Mar Vermelho\" href=\"https:\/\/pt.wikipedia.org\/wiki\/Travessia_do_Mar_Vermelho\">travessia do Mar Vermelho<\/a>\u00a0e a profecia da vinda do\u00a0<a title=\"Messias\" href=\"https:\/\/pt.wikipedia.org\/wiki\/Messias\">Messias<\/a>. Esta parte do servi\u00e7o lit\u00fargico, culmina com o canto do\u00a0<a class=\"mw-redirect\" title=\"Gloria in Excelsis Deo\" href=\"https:\/\/pt.wikipedia.org\/wiki\/Gloria_in_Excelsis_Deo\">Gloria<\/a>, do\u00a0<a class=\"new\" title=\"Alleluia (p\u00e1gina n\u00e3o existe)\" href=\"https:\/\/pt.wikipedia.org\/w\/index.php?title=Alleluia&amp;action=edit&amp;redlink=1\">Aleluia<\/a>\u00a0e finalmente com a proclama\u00e7\u00e3o da &#8220;boa nova&#8221; (<i>euangelion<\/i>) da ressurrei\u00e7\u00e3o. Neste ponto, as luzes s\u00e3o novamente acesas e os sinos bradam (de acordo com os costumes locais).<\/p>\n<p style=\"text-align: justify;\">O foco, ent\u00e3o, se volta do\u00a0<a title=\"P\u00falpito\" href=\"https:\/\/pt.wikipedia.org\/wiki\/P%C3%BAlpito\">p\u00falpito<\/a>\u00a0para a\u00a0<a title=\"Pia batismal\" href=\"https:\/\/pt.wikipedia.org\/wiki\/Pia_batismal\">pia batismal<\/a>. Nos tempos antigos, a P\u00e1scoa era considerada o per\u00edodo ideal para que os convertidos recebessem o\u00a0<a title=\"Batismo\" href=\"https:\/\/pt.wikipedia.org\/wiki\/Batismo\">batismo<\/a>\u00a0e esta pr\u00e1tica continua entre os\u00a0<a class=\"mw-redirect\" title=\"Cat\u00f3licos romanos\" href=\"https:\/\/pt.wikipedia.org\/wiki\/Cat%C3%B3licos_romanos\">cat\u00f3licos romanos<\/a>\u00a0e na\u00a0<a title=\"Comunh\u00e3o Anglicana\" href=\"https:\/\/pt.wikipedia.org\/wiki\/Comunh%C3%A3o_Anglicana\">Comunh\u00e3o Anglicana<\/a>. Havendo ou n\u00e3o batismos neste momento, \u00e9 tradicional que a congrega\u00e7\u00e3o renove seus votos batismais, um ato que \u00e9 geralmente selado com a aspers\u00e3o da\u00a0<a title=\"\u00c1gua benta\" href=\"https:\/\/pt.wikipedia.org\/wiki\/%C3%81gua_benta\">\u00e1gua benta<\/a>\u00a0da fonte. O\u00a0<a class=\"mw-redirect\" title=\"Sacramento (cristianismo)\" href=\"https:\/\/pt.wikipedia.org\/wiki\/Sacramento_(cristianismo)\">sacramento<\/a>\u00a0da\u00a0<a class=\"mw-redirect\" title=\"Confirma\u00e7\u00e3o (sacramento)\" href=\"https:\/\/pt.wikipedia.org\/wiki\/Confirma%C3%A7%C3%A3o_(sacramento)\">Confirma\u00e7\u00e3o<\/a>\u00a0\u00e9 tamb\u00e9m celebrado durante a Vig\u00edlia.<\/p>\n<p style=\"text-align: justify;\">A Vig\u00edlia de P\u00e1scoa termina com a\u00a0<a title=\"Eucaristia\" href=\"https:\/\/pt.wikipedia.org\/wiki\/Eucaristia\">Eucaristia<\/a>\u00a0(do grego\u00a0<i>&#8220;a\u00e7\u00f5es de gra\u00e7as&#8221;,<\/i>\u00a0conhecida tamb\u00e9m como &#8220;Comunh\u00e3o&#8221; em algumas tradi\u00e7\u00f5es).<\/p>\n<p style=\"text-align: justify;\">Algumas igrejas preferem realizar a vig\u00edlia bem cedo no domingo em vez de na noite de s\u00e1bado para refletir o relato evang\u00e9lico das\u00a0<a title=\"Tr\u00eas Marias\" href=\"https:\/\/pt.wikipedia.org\/wiki\/Tr%C3%AAs_Marias\">mulheres chegando ao t\u00famulo<\/a>\u00a0na manh\u00e3 do primeiro dia da semana (o domingo). Estes servi\u00e7os, conhecidos como &#8220;<a class=\"new\" title=\"Servi\u00e7os do Amanhecer (p\u00e1gina n\u00e3o existe)\" href=\"https:\/\/pt.wikipedia.org\/w\/index.php?title=Servi%C3%A7os_do_Amanhecer&amp;action=edit&amp;redlink=1\">Servi\u00e7os do Amanhecer<\/a>&#8220;, geralmente ocorrem ao ar livre (o cemit\u00e9rio, jardim ou estacionamento da igreja em geral). O primeiro deles ocorreu em 1732 entre os irm\u00e3os singulares da\u00a0<a class=\"mw-redirect\" title=\"Igreja Mor\u00e1via\" href=\"https:\/\/pt.wikipedia.org\/wiki\/Igreja_Mor%C3%A1via\">Igreja Mor\u00e1via<\/a>\u00a0em\u00a0<a title=\"Herrnhut\" href=\"https:\/\/pt.wikipedia.org\/wiki\/Herrnhut\">Herrnhut<\/a>,\u00a0<a title=\"Sax\u00f4nia\" href=\"https:\/\/pt.wikipedia.org\/wiki\/Sax%C3%B4nia\">Sax\u00f4nia<\/a>. O costume foi depois exportado por mission\u00e1rios para diversas cidades no mundo.<\/p>\n<figure class=\"mw-halign-right\" style=\"text-align: justify;\"><a class=\"mw-file-description\" href=\"https:\/\/pt.wikipedia.org\/wiki\/Ficheiro:Hollywood_Road_Amarillo_Worship_Center.jpg\"><img loading=\"lazy\" decoding=\"async\" class=\"mw-file-element\" src=\"https:\/\/upload.wikimedia.org\/wikipedia\/commons\/thumb\/5\/5b\/Hollywood_Road_Amarillo_Worship_Center.jpg\/300px-Hollywood_Road_Amarillo_Worship_Center.jpg\" srcset=\"\/\/upload.wikimedia.org\/wikipedia\/commons\/thumb\/5\/5b\/Hollywood_Road_Amarillo_Worship_Center.jpg\/450px-Hollywood_Road_Amarillo_Worship_Center.jpg 1.5x, \/\/upload.wikimedia.org\/wikipedia\/commons\/thumb\/5\/5b\/Hollywood_Road_Amarillo_Worship_Center.jpg\/600px-Hollywood_Road_Amarillo_Worship_Center.jpg 2x\" width=\"300\" height=\"204\" data-file-width=\"5223\" data-file-height=\"3548\" \/><\/a><figcaption>Culto de P\u00e1scoa na Trinity Fellowship Church em\u00a0<a title=\"Amarillo\" href=\"https:\/\/pt.wikipedia.org\/wiki\/Amarillo\">Amarillo<\/a>, Texas, EUA.<\/figcaption><\/figure>\n<p style=\"text-align: justify;\">A P\u00e1scoa \u00e9 celebrada com um\u00a0<a title=\"Servi\u00e7o (igreja)\" href=\"https:\/\/pt.wikipedia.org\/wiki\/Servi%C3%A7o_(igreja)\">servi\u00e7o<\/a>\u00a0especial por todas as denomina\u00e7\u00f5es\u00a0<a title=\"Evangelicalismo\" href=\"https:\/\/pt.wikipedia.org\/wiki\/Evangelicalismo\">evang\u00e9licas<\/a>.<sup id=\"cite_ref-45\" class=\"reference\"><a href=\"https:\/\/pt.wikipedia.org\/wiki\/P%C3%A1scoa#cite_note-45\">[45]<\/a><\/sup><sup id=\"cite_ref-46\" class=\"reference\"><a href=\"https:\/\/pt.wikipedia.org\/wiki\/P%C3%A1scoa#cite_note-46\">[46]<\/a><\/sup><sup id=\"cite_ref-47\" class=\"reference\"><a href=\"https:\/\/pt.wikipedia.org\/wiki\/P%C3%A1scoa#cite_note-47\">[47]<\/a><\/sup><\/p>\n<p style=\"text-align: justify;\">Outras celebra\u00e7\u00f5es ocorrem tamb\u00e9m no pr\u00f3prio Domingo de P\u00e1scoa. Tipicamente, estes servi\u00e7os seguem a ordem de um domingo normal de cada congrega\u00e7\u00e3o, incorporando elementos mais festivos. A m\u00fasica, em particular, geralmente \u00e9 mais alegre; a incorpora\u00e7\u00e3o\u00a0<a class=\"mw-redirect\" title=\"Naipe de metais\" href=\"https:\/\/pt.wikipedia.org\/wiki\/Naipe_de_metais\">dos metais<\/a>\u00a0na orquestra para incrementar os instrumentos habituais dos m\u00fasicos da congrega\u00e7\u00e3o \u00e9 bastante comum. Al\u00e9m disso, \u00e9 bastante corrente que toda a igreja seja decorada com faixas e flores.<\/p>\n<h3 style=\"text-align: justify;\"><span id=\"Cristianismo_oriental_2\" class=\"mw-headline\">Cristianismo oriental<\/span><\/h3>\n<figure class=\"mw-halign-right\" style=\"text-align: justify;\"><a class=\"mw-file-description\" href=\"https:\/\/pt.wikipedia.org\/wiki\/Ficheiro:Paschal_Candles_-_Annunciation,_Toronto.jpg\"><img loading=\"lazy\" decoding=\"async\" class=\"mw-file-element\" src=\"https:\/\/upload.wikimedia.org\/wikipedia\/commons\/thumb\/8\/85\/Paschal_Candles_-_Annunciation%2C_Toronto.jpg\/300px-Paschal_Candles_-_Annunciation%2C_Toronto.jpg\" srcset=\"\/\/upload.wikimedia.org\/wikipedia\/commons\/thumb\/8\/85\/Paschal_Candles_-_Annunciation%2C_Toronto.jpg\/450px-Paschal_Candles_-_Annunciation%2C_Toronto.jpg 1.5x, \/\/upload.wikimedia.org\/wikipedia\/commons\/thumb\/8\/85\/Paschal_Candles_-_Annunciation%2C_Toronto.jpg\/600px-Paschal_Candles_-_Annunciation%2C_Toronto.jpg 2x\" width=\"300\" height=\"225\" data-file-width=\"3264\" data-file-height=\"2448\" \/><\/a><figcaption>Velas pascais acesas durante a Liturgia da Ressurrei\u00e7\u00e3o, que comemora o milagre anual do\u00a0<a title=\"Fogo Sagrado\" href=\"https:\/\/pt.wikipedia.org\/wiki\/Fogo_Sagrado\">Fogo Sagrado<\/a>\u00a0que ocorre na\u00a0<a class=\"mw-redirect\" title=\"Igreja do Santo Sepulcro\" href=\"https:\/\/pt.wikipedia.org\/wiki\/Igreja_do_Santo_Sepulcro\">Igreja do Santo Sepulcro<\/a>\u00a0em\u00a0<a title=\"Jerusal\u00e9m\" href=\"https:\/\/pt.wikipedia.org\/wiki\/Jerusal%C3%A9m\">Jerusal\u00e9m<\/a>\u00a0no\u00a0<a title=\"S\u00e1bado de Aleluia\" href=\"https:\/\/pt.wikipedia.org\/wiki\/S%C3%A1bado_de_Aleluia\">Grande e Santo S\u00e1bado<\/a>.<br \/>\n<small>Catedral Ortodoxa Grega da Anuncia\u00e7\u00e3o da Virgem Maria,\u00a0<a title=\"Toronto\" href=\"https:\/\/pt.wikipedia.org\/wiki\/Toronto\">Toronto<\/a>,\u00a0<a title=\"Canad\u00e1\" href=\"https:\/\/pt.wikipedia.org\/wiki\/Canad%C3%A1\">Canad\u00e1<\/a>.<\/small><\/figcaption><\/figure>\n<p style=\"text-align: justify;\">Para os crist\u00e3os orientais, todas as demais festas do calend\u00e1rio s\u00e3o secund\u00e1rias em rela\u00e7\u00e3o \u00e0 P\u00e1scoa, inclusive o\u00a0<a title=\"Natal\" href=\"https:\/\/pt.wikipedia.org\/wiki\/Natal\">Natal<\/a>, o que se reflete na gama de costumes pascais na cultura de pa\u00edses tradicionalmente de maioria ortodoxa. Os\u00a0<a class=\"mw-redirect\" title=\"Cat\u00f3licos orientais\" href=\"https:\/\/pt.wikipedia.org\/wiki\/Cat%C3%B3licos_orientais\">cat\u00f3licos orientais<\/a>\u00a0tamb\u00e9m enfatizam a P\u00e1scoa em seu calend\u00e1rio e t\u00eam costumes muitos similares.<\/p>\n<p style=\"text-align: justify;\">Isto n\u00e3o quer dizer que os demais elementos do ano lit\u00fargico crist\u00e3o sejam ignorados, mas que, em vez disso, eles s\u00e3o vistos n\u00e3o apenas como sendo preliminares mas tamb\u00e9m como sendo iluminados pelo cl\u00edmax da ressurrei\u00e7\u00e3o, um evento que realiza e frutifica tudo o que veio antes. A P\u00e1scoa \u00e9 o ato prim\u00e1rio que completa o objetivo do\u00a0<a title=\"Minist\u00e9rio de Jesus\" href=\"https:\/\/pt.wikipedia.org\/wiki\/Minist%C3%A9rio_de_Jesus\">minist\u00e9rio de Jesus<\/a>\u00a0na Terra \u2014 derrotar a Morte com sua morte e exaltar e purificar a humanidade assumindo voluntariamente suas fragilidades e depois superando-as. Este credo \u00e9 resumido pelo\u00a0<a class=\"new\" title=\"Trop\u00e1rio Pascal (p\u00e1gina n\u00e3o existe)\" href=\"https:\/\/pt.wikipedia.org\/w\/index.php?title=Trop%C3%A1rio_Pascal&amp;action=edit&amp;redlink=1\">Trop\u00e1rio Pascal<\/a>, cantado repetidamente durante a P\u00e1scoa at\u00e9 a\u00a0<a class=\"new\" title=\"Apodosis (p\u00e1gina n\u00e3o existe)\" href=\"https:\/\/pt.wikipedia.org\/w\/index.php?title=Apodosis&amp;action=edit&amp;redlink=1\">Apod\u00f3sis<\/a>\u00a0da P\u00e1scoa, que \u00e9 a v\u00e9spera do dia da\u00a0<a class=\"mw-redirect\" title=\"Ascens\u00e3o de Jesus Cristo\" href=\"https:\/\/pt.wikipedia.org\/wiki\/Ascens%C3%A3o_de_Jesus_Cristo\">Ascens\u00e3o<\/a>.<\/p>\n<p style=\"text-align: justify;\">A prepara\u00e7\u00e3o para a P\u00e1scoa come\u00e7a com a\u00a0<a class=\"new\" title=\"Grande Quaresma (p\u00e1gina n\u00e3o existe)\" href=\"https:\/\/pt.wikipedia.org\/w\/index.php?title=Grande_Quaresma&amp;action=edit&amp;redlink=1\">Grande Quaresma<\/a>. Al\u00e9m dos jejuns, da distribui\u00e7\u00e3o de esmolas e da ora\u00e7\u00e3o, os crist\u00e3os ortodoxos se privam de toda forma de entretenimento e atividades mundanas n\u00e3o essenciais, gradualmente eliminando-as at\u00e9 \u00e0\u00a0<a class=\"mw-redirect\" title=\"Sexta-Feira Santa\" href=\"https:\/\/pt.wikipedia.org\/wiki\/Sexta-Feira_Santa\">Grande e Santa Sexta-Feira<\/a>, o mais austero dia do ano. Tradicionalmente, na noite do\u00a0<a title=\"S\u00e1bado de Aleluia\" href=\"https:\/\/pt.wikipedia.org\/wiki\/S%C3%A1bado_de_Aleluia\">Grande e Santo S\u00e1bado<\/a>\u00a0celebra-se o o\u00a0<a class=\"new\" title=\"Of\u00edcio da Meia-Noite (p\u00e1gina n\u00e3o existe)\" href=\"https:\/\/pt.wikipedia.org\/w\/index.php?title=Of%C3%ADcio_da_Meia-Noite&amp;action=edit&amp;redlink=1\">Of\u00edcio da Meia-Noite<\/a>\u00a0(vide\u00a0<a class=\"mw-redirect\" title=\"Vig\u00edlia Pascal\" href=\"https:\/\/pt.wikipedia.org\/wiki\/Vig%C3%ADlia_Pascal\">Vig\u00edlia Pascal<\/a>).<\/p>\n<p style=\"text-align: justify;\">Quando ele termina, todas as luzes da igreja s\u00e3o apagadas e todos esperam no escuro e em sil\u00eancio a chegada da meia-noite. Ent\u00e3o, uma nova chama \u00e9 acesa no altar (ou o sacerdote acende sua vela a partir da\u00a0<a class=\"new\" title=\"Vela do santu\u00e1rio (p\u00e1gina n\u00e3o existe)\" href=\"https:\/\/pt.wikipedia.org\/w\/index.php?title=Vela_do_santu%C3%A1rio&amp;action=edit&amp;redlink=1\">l\u00e2mpada perp\u00e9tua<\/a>\u00a0que fica acesa l\u00e1) e acende as velas acesas pelos\u00a0<a title=\"Di\u00e1cono\" href=\"https:\/\/pt.wikipedia.org\/wiki\/Di%C3%A1cono\">di\u00e1conos<\/a>\u00a0e outros assistentes, que ent\u00e3o acendem as velas trazidas pelos fi\u00e9is (uma pr\u00e1tica que se originou no antigo ritual do recebimento do\u00a0<a title=\"Fogo Sagrado\" href=\"https:\/\/pt.wikipedia.org\/wiki\/Fogo_Sagrado\">Fogo Sagrado<\/a>\u00a0na\u00a0<a class=\"mw-redirect\" title=\"Igreja do Santo Sepulcro\" href=\"https:\/\/pt.wikipedia.org\/wiki\/Igreja_do_Santo_Sepulcro\">Igreja do Santo Sepulcro<\/a>\u00a0em\u00a0<a title=\"Jerusal\u00e9m\" href=\"https:\/\/pt.wikipedia.org\/wiki\/Jerusal%C3%A9m\">Jerusal\u00e9m<\/a>). Ent\u00e3o, o padre e a congrega\u00e7\u00e3o seguem em\u00a0<a title=\"Prociss\u00e3o\" href=\"https:\/\/pt.wikipedia.org\/wiki\/Prociss%C3%A3o\">prociss\u00e3o<\/a>\u00a0com a cruz circundando (por fora) a igreja, segurando as velas e cantando. Ela tem por objetivo simbolizar o trajeto das\u00a0<a class=\"mw-redirect\" title=\"Portadoras de mirra\" href=\"https:\/\/pt.wikipedia.org\/wiki\/Portadoras_de_mirra\">Portadoras de mirra<\/a>\u00a0ao t\u00famulo de Jesus\u00a0<i>\u00abmuito cedo\u00bb<\/i>\u00a0(<a class=\"extiw\" title=\"s:Tradu\u00e7\u00e3o Brasileira da B\u00edblia\/Lucas\/XXIV\" href=\"https:\/\/pt.wikisource.org\/wiki\/Tradu%C3%A7%C3%A3o_Brasileira_da_B%C3%ADblia\/Lucas\/XXIV#24:1\">Lucas 24:1<\/a>). Depois de rodear o templo de uma a tr\u00eas vezes, a prociss\u00e3o para em frente \u00e0s portas fechadas. Na tradi\u00e7\u00e3o grega, o padre faz uma leitura dos evangelhos (<a class=\"extiw\" title=\"s:Tradu\u00e7\u00e3o Brasileira da B\u00edblia\/Marcos\/XVI\" href=\"https:\/\/pt.wikisource.org\/wiki\/Tradu%C3%A7%C3%A3o_Brasileira_da_B%C3%ADblia\/Marcos\/XVI#16:1\">Marcos 16:1\u20138<\/a>). Nas demais tradi\u00e7\u00f5es e depois da leitura na grega, ele faz o\u00a0<a title=\"Sinal da cruz\" href=\"https:\/\/pt.wikipedia.org\/wiki\/Sinal_da_cruz\">sinal da cruz<\/a>\u00a0com o\u00a0<a title=\"Tur\u00edbulo\" href=\"https:\/\/pt.wikipedia.org\/wiki\/Tur%C3%ADbulo\">tur\u00edbulo<\/a>\u00a0ali (as portas fechadas simbolizam o t\u00famulo ainda fechado).<\/p>\n<p style=\"text-align: justify;\">Ele e os fi\u00e9is cantam o\u00a0<a class=\"new\" title=\"Trop\u00e1rio Pascal (p\u00e1gina n\u00e3o existe)\" href=\"https:\/\/pt.wikipedia.org\/w\/index.php?title=Trop%C3%A1rio_Pascal&amp;action=edit&amp;redlink=1\">Trop\u00e1rio Pascal<\/a>\u00a0e todos os sinos e\u00a0<a class=\"new\" title=\"Semantron (p\u00e1gina n\u00e3o existe)\" href=\"https:\/\/pt.wikipedia.org\/w\/index.php?title=Semantron&amp;action=edit&amp;redlink=1\"><i>semantra<\/i><\/a>\u00a0tocam. Todos entram no edif\u00edcio e as\u00a0<a class=\"mw-redirect\" title=\"Matinas\" href=\"https:\/\/pt.wikipedia.org\/wiki\/Matinas\">matinas<\/a>\u00a0pascais come\u00e7am imediatamente, seguidas pelas\u00a0<a class=\"new\" title=\"Horas pascais (p\u00e1gina n\u00e3o existe)\" href=\"https:\/\/pt.wikipedia.org\/w\/index.php?title=Horas_pascais&amp;action=edit&amp;redlink=1\">horas pascais<\/a>, culminando depois na\u00a0<a title=\"Divina Liturgia\" href=\"https:\/\/pt.wikipedia.org\/wiki\/Divina_Liturgia\">Divina Liturgia<\/a>\u00a0de P\u00e1scoa. O ponto alto da liturgia \u00e9 a\u00a0<a class=\"new\" title=\"Homilia pascal (p\u00e1gina n\u00e3o existe)\" href=\"https:\/\/pt.wikipedia.org\/w\/index.php?title=Homilia_pascal&amp;action=edit&amp;redlink=1\">homilia pascal<\/a>\u00a0de\u00a0<a class=\"mw-redirect\" title=\"S\u00e3o Jo\u00e3o Cris\u00f3stomo\" href=\"https:\/\/pt.wikipedia.org\/wiki\/S%C3%A3o_Jo%C3%A3o_Cris%C3%B3stomo\">S\u00e3o Jo\u00e3o Cris\u00f3stomo<\/a>, que a congrega\u00e7\u00e3o escuta de p\u00e9.<\/p>\n<p style=\"text-align: justify;\">Logo depois da\u00a0<a class=\"new\" title=\"Dispensa (liturgia) (p\u00e1gina n\u00e3o existe)\" href=\"https:\/\/pt.wikipedia.org\/w\/index.php?title=Dispensa_(liturgia)&amp;action=edit&amp;redlink=1\">dispensa<\/a>, o padre geralmente aben\u00e7oa cestos e\u00a0<a title=\"Ovo de P\u00e1scoa\" href=\"https:\/\/pt.wikipedia.org\/wiki\/Ovo_de_P%C3%A1scoa\">ovos de P\u00e1scoa<\/a>\u00a0trazidos pelos fi\u00e9is e que geralmente cont\u00eam alimentos que n\u00e3o podiam comer durante o jejum da Grande Quaresma. Logo depois da liturgia, \u00e9 tradicional em algumas regi\u00f5es que a congrega\u00e7\u00e3o fa\u00e7a uma refei\u00e7\u00e3o coletiva, essencialmente uma forma de\u00a0<a title=\"\u00c1gape\" href=\"https:\/\/pt.wikipedia.org\/wiki\/%C3%81gape\">\u00c1gape<\/a>, apesar de ocorrer \u00e0s duas da manh\u00e3 ou ainda mais tarde.<\/p>\n<p style=\"text-align: justify;\">Na manh\u00e3 seguinte, o Domingo de P\u00e1scoa, n\u00e3o h\u00e1 Divina Liturgia, uma vez que j\u00e1 foi celebrada durante a madrugada. Em vez disso, \u00e0 tarde, \u00e9 geralmente o costume celebrar-se um &#8220;\u00c1gape Vespertino&#8221;. Neste servi\u00e7o, vem tornando-se tradicional nos \u00faltimos s\u00e9culos que o padre e alguns membros da congrega\u00e7\u00e3o leiam uma parte do Evangelho de Jo\u00e3o (<a class=\"extiw\" title=\"s:Tradu\u00e7\u00e3o Brasileira da B\u00edblia\/Jo\u00e3o\/XX\" href=\"https:\/\/pt.wikisource.org\/wiki\/Tradu%C3%A7%C3%A3o_Brasileira_da_B%C3%ADblia\/Jo%C3%A3o\/XX#20:19\">Jo\u00e3o 20:19\u201325<\/a>\u00a0e, em alguns lugares, tamb\u00e9m\u00a0<a class=\"extiw\" title=\"s:Tradu\u00e7\u00e3o Brasileira da B\u00edblia\/Jo\u00e3o\/XX\" href=\"https:\/\/pt.wikisource.org\/wiki\/Tradu%C3%A7%C3%A3o_Brasileira_da_B%C3%ADblia\/Jo%C3%A3o\/XX#20:26\">Jo\u00e3o 20:26\u201331<\/a>) no maior n\u00famero de l\u00ednguas que os fi\u00e9is conseguirem, um s\u00edmbolo da universalidade da ressurrei\u00e7\u00e3o.<\/p>\n<p style=\"text-align: justify;\">Durante o resto da semana, conhecida como &#8220;<a class=\"new\" title=\"Semana Brilhante (p\u00e1gina n\u00e3o existe)\" href=\"https:\/\/pt.wikipedia.org\/w\/index.php?title=Semana_Brilhante&amp;action=edit&amp;redlink=1\">Semana Brilhante<\/a>&#8220;, \u00e9 proibido jejuar e o habitual\u00a0<a class=\"mw-redirect\" title=\"Cumprimento pascal\" href=\"https:\/\/pt.wikipedia.org\/wiki\/Cumprimento_pascal\">cumprimento pascal<\/a>\u00a0\u00e9\u00a0<i>&#8220;Cristo ressuscitou!&#8221;<\/i>, para o qual a resposta \u00e9\u00a0<i>&#8220;Verdadeiramente Ele ressuscitou!&#8221;<\/i>. Os servi\u00e7os lit\u00fargicos nesta semana s\u00e3o id\u00eanticos aos da P\u00e1scoa, exceto que ocorrem nos hor\u00e1rios normais e n\u00e3o \u00e0 meia-noite. As prociss\u00f5es ocorrem ou depois das matinas ou depois da Divina Liturgia.<\/p>\n<h2 style=\"text-align: justify;\"><span id=\"Grupos_n.C3.A3o_observantes\"><\/span><span id=\"Grupos_n\u00e3o_observantes\" class=\"mw-headline\">Grupos n\u00e3o observantes<\/span><\/h2>\n<figure class=\"mw-halign-right\" style=\"text-align: justify;\"><a class=\"mw-file-description\" href=\"https:\/\/pt.wikipedia.org\/wiki\/Ficheiro:Grabkreuz_auf_dem_Friedhof_von_Gro%C3%9Fhettstedt_1.JPG\"><img loading=\"lazy\" decoding=\"async\" class=\"mw-file-element\" src=\"https:\/\/upload.wikimedia.org\/wikipedia\/commons\/thumb\/0\/00\/Grabkreuz_auf_dem_Friedhof_von_Gro%C3%9Fhettstedt_1.JPG\/300px-Grabkreuz_auf_dem_Friedhof_von_Gro%C3%9Fhettstedt_1.JPG\" srcset=\"\/\/upload.wikimedia.org\/wikipedia\/commons\/thumb\/0\/00\/Grabkreuz_auf_dem_Friedhof_von_Gro%C3%9Fhettstedt_1.JPG\/450px-Grabkreuz_auf_dem_Friedhof_von_Gro%C3%9Fhettstedt_1.JPG 1.5x, \/\/upload.wikimedia.org\/wikipedia\/commons\/thumb\/0\/00\/Grabkreuz_auf_dem_Friedhof_von_Gro%C3%9Fhettstedt_1.JPG\/600px-Grabkreuz_auf_dem_Friedhof_von_Gro%C3%9Fhettstedt_1.JPG 2x\" width=\"300\" height=\"400\" data-file-width=\"3672\" data-file-height=\"4896\" \/><\/a><figcaption>Cruzes simples (e n\u00e3o\u00a0<a class=\"mw-redirect\" title=\"Crucifixos\" href=\"https:\/\/pt.wikipedia.org\/wiki\/Crucifixos\">crucifixos<\/a>) s\u00e3o preferidas pelos protestantes\u00a0<a title=\"Dissidentes ingleses\" href=\"https:\/\/pt.wikipedia.org\/wiki\/Dissidentes_ingleses\">n\u00e3o conformistas<\/a>\u00a0para representar o milagre da ressurrei\u00e7\u00e3o.<\/figcaption><\/figure>\n<p style=\"text-align: justify;\">Juntamente com as comemora\u00e7\u00f5es do\u00a0<a title=\"Natal\" href=\"https:\/\/pt.wikipedia.org\/wiki\/Natal\">Natal<\/a>\u00a0e do\u00a0<a title=\"Advento\" href=\"https:\/\/pt.wikipedia.org\/wiki\/Advento\">Advento<\/a>, muitas tradi\u00e7\u00f5es pascais foram alteradas ou at\u00e9 mesmo abandonadas completamente pelas diversas\u00a0<a title=\"Denomina\u00e7\u00e3o crist\u00e3\" href=\"https:\/\/pt.wikipedia.org\/wiki\/Denomina%C3%A7%C3%A3o_crist%C3%A3\">denomina\u00e7\u00f5es<\/a>\u00a0surgidas no decorrer da\u00a0<a title=\"Reforma Protestante\" href=\"https:\/\/pt.wikipedia.org\/wiki\/Reforma_Protestante\">Reforma Protestante<\/a>, geralmente sob o argumento de serem &#8220;<a title=\"Paganismo\" href=\"https:\/\/pt.wikipedia.org\/wiki\/Paganismo\">pag\u00e3s<\/a>&#8221; ou &#8220;<a title=\"Papismo\" href=\"https:\/\/pt.wikipedia.org\/wiki\/Papismo\">papistas<\/a>&#8221; (e, portanto, maculadas) por muitos movimentos\u00a0<a class=\"mw-redirect\" title=\"Puritanos\" href=\"https:\/\/pt.wikipedia.org\/wiki\/Puritanos\">puritanos<\/a>.<sup id=\"cite_ref-48\" class=\"reference\"><a href=\"https:\/\/pt.wikipedia.org\/wiki\/P%C3%A1scoa#cite_note-48\">[48]<\/a><\/sup>\u00a0Por\u00e9m, algumas das igrejas e movimentos da Reforma (<a class=\"mw-redirect\" title=\"Luteranos\" href=\"https:\/\/pt.wikipedia.org\/wiki\/Luteranos\">luteranos<\/a>,\u00a0<a class=\"mw-redirect\" title=\"Metodistas\" href=\"https:\/\/pt.wikipedia.org\/wiki\/Metodistas\">metodistas<\/a>\u00a0e\u00a0<a class=\"mw-redirect\" title=\"Anglicanos\" href=\"https:\/\/pt.wikipedia.org\/wiki\/Anglicanos\">anglicanos<\/a>, por exemplo) preferiram manter grande parte das observ\u00e2ncias do j\u00e1 estabelecido ano lit\u00fargico juntamente com diversas tradi\u00e7\u00f5es associadas. Nas igrejas luteranas, por exemplo, n\u00e3o apenas as datas da Semana Santa s\u00e3o observadas, mas tamb\u00e9m o Natal, a P\u00e1scoa e o Pentecostes s\u00e3o comemorados com festivais de tr\u00eas dias (o pr\u00f3prio e os dois seguintes).<\/p>\n<p style=\"text-align: justify;\">Entre muitas outras tradi\u00e7\u00f5es reformistas e contrarreformistas, por\u00e9m, a situa\u00e7\u00e3o foi bastante diferente, resultando que\u00a0<a class=\"mw-redirect\" title=\"Quacres\" href=\"https:\/\/pt.wikipedia.org\/wiki\/Quacres\">quacres<\/a>\u00a0e puritanos\u00a0<a class=\"mw-redirect\" title=\"Congregacionistas\" href=\"https:\/\/pt.wikipedia.org\/wiki\/Congregacionistas\">congregacionistas<\/a>\u00a0e\u00a0<a class=\"mw-redirect\" title=\"Presbiterianos\" href=\"https:\/\/pt.wikipedia.org\/wiki\/Presbiterianos\">presbiterianos<\/a>\u00a0rejeitaram certas tradi\u00e7\u00f5es pascais.<sup id=\"cite_ref-Daniels89_49-0\" class=\"reference\"><a href=\"https:\/\/pt.wikipedia.org\/wiki\/P%C3%A1scoa#cite_note-Daniels89-49\">[49]<\/a><\/sup>\u00a0A rejei\u00e7\u00e3o puritana das tradi\u00e7\u00f5es pascais est\u00e1 fundamentada parcialmente na interpreta\u00e7\u00e3o de\u00a0<a class=\"extiw\" title=\"s:Tradu\u00e7\u00e3o Brasileira da B\u00edblia\/II Cor\u00edntios\/VI\" href=\"https:\/\/pt.wikisource.org\/wiki\/Tradu%C3%A7%C3%A3o_Brasileira_da_B%C3%ADblia\/II_Cor%C3%ADntios\/VI#6:14\">II Cor\u00edntios 6:14\u201316<\/a>\u00a0e parcialmente na cren\u00e7a de que se uma pr\u00e1tica ou festa religiosa n\u00e3o est\u00e1 diretamente na\u00a0<a title=\"B\u00edblia\" href=\"https:\/\/pt.wikipedia.org\/wiki\/B%C3%ADblia\">B\u00edblia<\/a>, ent\u00e3o ela deve ser um desenvolvimento posterior e n\u00e3o deve ser considerada parte da pr\u00e1tica crist\u00e3 aut\u00eantica, sendo desnecess\u00e1ria no m\u00ednimo e pecadora no limite.<\/p>\n<p style=\"text-align: justify;\">Alguns grupos crist\u00e3os rejeitam a celebra\u00e7\u00e3o da P\u00e1scoa por causa de suas alegadas ra\u00edzes pag\u00e3s (reais ou percebidas) e liga\u00e7\u00f5es hist\u00f3ricas com as pr\u00e1ticas e autoriza\u00e7\u00f5es derivadas da\u00a0<a title=\"Igreja estatal do Imp\u00e9rio Romano\" href=\"https:\/\/pt.wikipedia.org\/wiki\/Igreja_estatal_do_Imp%C3%A9rio_Romano\">Igreja Cat\u00f3lica &#8220;Romana&#8221;<\/a>.<sup id=\"cite_ref-50\" class=\"reference\"><a href=\"https:\/\/pt.wikipedia.org\/wiki\/P%C3%A1scoa#cite_note-50\">[50]<\/a><\/sup>\u00a0Finalmente, v\u00e1rios grupos crist\u00e3os\u00a0<a title=\"Dissidentes ingleses\" href=\"https:\/\/pt.wikipedia.org\/wiki\/Dissidentes_ingleses\">n\u00e3o conformistas<\/a>\u00a0que ainda celebram o evento preferem cham\u00e1-lo de &#8220;Dia da Ressurrei\u00e7\u00e3o&#8221; (ou &#8220;Domingo da Ressurrei\u00e7\u00e3o&#8221;) pelos mesmos motivos e tamb\u00e9m como uma forma de rejeitar os aspectos seculares e comerciais que o feriado adquiriu nos s\u00e9culos XX e XXI.<sup id=\"cite_ref-Sec_44-1\" class=\"reference\"><a href=\"https:\/\/pt.wikipedia.org\/wiki\/P%C3%A1scoa#cite_note-Sec-44\">[44]<\/a><\/sup><\/p>\n<p style=\"text-align: justify;\">As\u00a0<a title=\"Testemunhas de Jeov\u00e1\" href=\"https:\/\/pt.wikipedia.org\/wiki\/Testemunhas_de_Jeov%C3%A1\">Testemunhas de Jeov\u00e1<\/a>\u00a0defendem um ponto de vista similar, realizando um servi\u00e7o anual comemorando a\u00a0<a title=\"\u00daltima Ceia\" href=\"https:\/\/pt.wikipedia.org\/wiki\/%C3%9Altima_Ceia\">\u00daltima Ceia<\/a>\u00a0e a subsequente execu\u00e7\u00e3o de Cristo na noite do 14 de Niss\u00e3 (veja\u00a0<a title=\"Quartodecimanismo\" href=\"https:\/\/pt.wikipedia.org\/wiki\/Quartodecimanismo\">Quartodecimanismo<\/a>).<sup id=\"cite_ref-jw.org_51-0\" class=\"reference\"><a href=\"https:\/\/pt.wikipedia.org\/wiki\/P%C3%A1scoa#cite_note-jw.org-51\">[51]<\/a><\/sup>\u00a0As Testemunhas de Jeov\u00e1 acreditam que\u00a0<a title=\"Vers\u00edculo\" href=\"https:\/\/pt.wikipedia.org\/wiki\/Vers%C3%ADculo\">vers\u00edculos<\/a>\u00a0como\u00a0<a class=\"extiw\" title=\"s:Tradu\u00e7\u00e3o Brasileira da B\u00edblia\/Lucas\/XXII\" href=\"https:\/\/pt.wikisource.org\/wiki\/Tradu%C3%A7%C3%A3o_Brasileira_da_B%C3%ADblia\/Lucas\/XXII#22:19\">Lucas 22:19\u201320<\/a>\u00a0e\u00a0<a class=\"extiw\" title=\"s:Tradu\u00e7\u00e3o Brasileira da B\u00edblia\/I Cor\u00edntios\/XI\" href=\"https:\/\/pt.wikisource.org\/wiki\/Tradu%C3%A7%C3%A3o_Brasileira_da_B%C3%ADblia\/I_Cor%C3%ADntios\/XI#11:26\">I Cor\u00edntios 11:26<\/a>\u00a0s\u00e3o mandamentos para que se relembre a morte de Cristo e n\u00e3o a sua ressurrei\u00e7\u00e3o,<sup id=\"cite_ref-jw.org_51-1\" class=\"reference\"><a href=\"https:\/\/pt.wikipedia.org\/wiki\/P%C3%A1scoa#cite_note-jw.org-51\">[51]<\/a><\/sup>\u00a0o que eles fazem anualmente.<\/p>\n<p style=\"text-align: justify;\">Os\u00a0<a class=\"mw-redirect\" title=\"Quacres\" href=\"https:\/\/pt.wikipedia.org\/wiki\/Quacres\">quacres<\/a>, como parte de seu hist\u00f3rico\u00a0<i>&#8220;testemunho contra o tempo e as \u00e9pocas&#8221;<\/i>, n\u00e3o celebram a P\u00e1scoa e nem nenhum outro feriado crist\u00e3o, acreditando em vez disso que\u00a0<i>&#8220;todos os dias s\u00e3o dias do Senhor&#8221;<\/i>.<sup id=\"cite_ref-52\" class=\"reference\"><a href=\"https:\/\/pt.wikipedia.org\/wiki\/P%C3%A1scoa#cite_note-52\">[52]<\/a><\/sup>\u00a0Mais do que isso, eles acreditam que a eleva\u00e7\u00e3o de um dia acima dos outros sugere que atitudes n\u00e3o crist\u00e3s sejam aceit\u00e1veis nos demais dias.<sup id=\"cite_ref-53\" class=\"reference\"><a href=\"https:\/\/pt.wikipedia.org\/wiki\/P%C3%A1scoa#cite_note-53\">[53]<\/a><\/sup>\u00a0Nos s\u00e9culo XVII e XVIII, ele foram perseguidos justamente por isso.<sup id=\"cite_ref-54\" class=\"reference\"><a href=\"https:\/\/pt.wikipedia.org\/wiki\/P%C3%A1scoa#cite_note-54\">[54]<\/a><\/sup><\/p>\n<p style=\"text-align: justify;\">Alguns grupos crist\u00e3os acreditam que a P\u00e1scoa seja um evento a ser comemorado com grande alegria, mas dando menos \u00eanfase ao dia propriamente dito, e mais \u00e0 lembran\u00e7a da alegria no evento que ela comemora. Neste contexto, estes movimentos ensinam que todos os dias e todos os\u00a0<a class=\"new\" title=\"Sab\u00e1 b\u00edblico (p\u00e1gina n\u00e3o existe)\" href=\"https:\/\/pt.wikipedia.org\/w\/index.php?title=Sab%C3%A1_b%C3%ADblico&amp;action=edit&amp;redlink=1\">sab\u00e1s<\/a>\u00a0devem ser santificados de acordo com os ensinamentos de Jesus. Judeus crist\u00e3os,\u00a0<a title=\"Movimento do Nome Sagrado\" href=\"https:\/\/pt.wikipedia.org\/wiki\/Movimento_do_Nome_Sagrado\">membros do Nome Sagrado<\/a>\u00a0e\u00a0<a class=\"new\" title=\"Armstrongismo (p\u00e1gina n\u00e3o existe)\" href=\"https:\/\/pt.wikipedia.org\/w\/index.php?title=Armstrongismo&amp;action=edit&amp;redlink=1\">armstrongistas<\/a>\u00a0(como a\u00a0<a class=\"new\" title=\"Igreja Viva de Deus (p\u00e1gina n\u00e3o existe)\" href=\"https:\/\/pt.wikipedia.org\/w\/index.php?title=Igreja_Viva_de_Deus&amp;action=edit&amp;redlink=1\">Igreja Viva de Deus<\/a>) geralmente rejeitam a P\u00e1scoa em prol da observ\u00e2ncia do 14 de Nisan e a celebra\u00e7\u00e3o da chamada\u00a0<a class=\"new\" title=\"Pessach crist\u00e3 (p\u00e1gina n\u00e3o existe)\" href=\"https:\/\/pt.wikipedia.org\/w\/index.php?title=Pessach_crist%C3%A3&amp;action=edit&amp;redlink=1\">Pessach crist\u00e3<\/a>. Isto \u00e9 especialmente verdadeiro para grupos que celebram a\u00a0<a title=\"Lua nova\" href=\"https:\/\/pt.wikipedia.org\/wiki\/Lua_nova\">lua nova<\/a>\u00a0ou os\u00a0<a class=\"new\" title=\"Altos sab\u00e1s (p\u00e1gina n\u00e3o existe)\" href=\"https:\/\/pt.wikipedia.org\/w\/index.php?title=Altos_sab%C3%A1s&amp;action=edit&amp;redlink=1\">altos sab\u00e1s<\/a>\u00a0anuais al\u00e9m do\u00a0<a class=\"new\" title=\"Sab\u00e1 no s\u00e9timo dia (p\u00e1gina n\u00e3o existe)\" href=\"https:\/\/pt.wikipedia.org\/w\/index.php?title=Sab%C3%A1_no_s%C3%A9timo_dia&amp;action=edit&amp;redlink=1\">Sab\u00e1 no s\u00e9timo dia<\/a>. Eles defendem estes costumes textualmente fazendo uma refer\u00eancia ao trecho\u00a0<i>\u00abNingu\u00e9m, portanto, vos julgue pelo comer, nem pelo beber, nem a respeito de um dia de festa, ou de lua nova ou de s\u00e1bado, as quais coisas s\u00e3o sombras das cousas vindouras, mas o corpo \u00e9 de Cristo.\u00bb<\/i>\u00a0(<a class=\"extiw\" title=\"s:Tradu\u00e7\u00e3o Brasileira da B\u00edblia\/Colossenses\/II\" href=\"https:\/\/pt.wikisource.org\/wiki\/Tradu%C3%A7%C3%A3o_Brasileira_da_B%C3%ADblia\/Colossenses\/II#2:16\">Colossenses 2:16\u201317<\/a>) de\u00a0<a class=\"mw-redirect\" title=\"Colossenses\" href=\"https:\/\/pt.wikipedia.org\/wiki\/Colossenses\">Colossenses<\/a>.<\/p>\n<h2 style=\"text-align: justify;\"><span id=\"Celebra.C3.A7.C3.B5es_pelo_mundo\"><\/span><span id=\"Celebra\u00e7\u00f5es_pelo_mundo\" class=\"mw-headline\">Celebra\u00e7\u00f5es pelo mundo<\/span><\/h2>\n<figure class=\"mw-halign-right\" style=\"text-align: justify;\"><a class=\"mw-file-description\" href=\"https:\/\/pt.wikipedia.org\/wiki\/Ficheiro:Easter_Egg_Hunt_(1).jpg\"><img loading=\"lazy\" decoding=\"async\" class=\"mw-file-element\" src=\"https:\/\/upload.wikimedia.org\/wikipedia\/commons\/thumb\/5\/55\/Easter_Egg_Hunt_%281%29.jpg\/300px-Easter_Egg_Hunt_%281%29.jpg\" srcset=\"\/\/upload.wikimedia.org\/wikipedia\/commons\/thumb\/5\/55\/Easter_Egg_Hunt_%281%29.jpg\/450px-Easter_Egg_Hunt_%281%29.jpg 1.5x, \/\/upload.wikimedia.org\/wikipedia\/commons\/5\/55\/Easter_Egg_Hunt_%281%29.jpg 2x\" width=\"300\" height=\"417\" data-file-width=\"460\" data-file-height=\"640\" \/><\/a><figcaption><a class=\"new\" title=\"Ca\u00e7a aos ovos (p\u00e1gina n\u00e3o existe)\" href=\"https:\/\/pt.wikipedia.org\/w\/index.php?title=Ca%C3%A7a_aos_ovos&amp;action=edit&amp;redlink=1\">Ca\u00e7a aos ovos<\/a>\u00a0numa gravura de 1889. Diversas tradi\u00e7\u00f5es n\u00e3o crist\u00e3s sobre a P\u00e1scoa foram adotadas por crist\u00e3os durante os s\u00e9culos, inclusive as ca\u00e7adas, a hist\u00f3ria do\u00a0<a class=\"mw-redirect\" title=\"Coelho da P\u00e1scoa\" href=\"https:\/\/pt.wikipedia.org\/wiki\/Coelho_da_P%C3%A1scoa\">coelho da P\u00e1scoa<\/a>\u00a0e os ovos de chocolate.<\/figcaption><\/figure>\n<p style=\"text-align: justify;\">Em pa\u00edses onde o cristianismo \u00e9 uma\u00a0<a class=\"mw-redirect\" title=\"Religi\u00e3o estatal\" href=\"https:\/\/pt.wikipedia.org\/wiki\/Religi%C3%A3o_estatal\">religi\u00e3o estatal<\/a>\u00a0ou onde h\u00e1 uma grande popula\u00e7\u00e3o crist\u00e3, a P\u00e1scoa \u00e9 geralmente um\u00a0<a title=\"Feriado nacional\" href=\"https:\/\/pt.wikipedia.org\/wiki\/Feriado_nacional\">feriado nacional<\/a>. Como ela cai sempre num domingo, muitos pa\u00edses tamb\u00e9m fazem da segunda-feira seguinte um feriado tamb\u00e9m. Algumas lojas,\u00a0<i>shopping centers<\/i>\u00a0e restaurantes tamb\u00e9m fecham neste dia. A\u00a0<a class=\"mw-redirect\" title=\"Sexta-Feira Santa\" href=\"https:\/\/pt.wikipedia.org\/wiki\/Sexta-Feira_Santa\">Sexta-Feira Santa<\/a>, que ocorre dois dias antes do Domingo de P\u00e1scoa, \u00e9 tamb\u00e9m um feriado em muitos pa\u00edses. \u00c9 tamb\u00e9m feriado em doze estados norte-americanos e, naqueles onde n\u00e3o \u00e9, muitas institui\u00e7\u00f5es financeiras, as bolsas de valores e as escolas p\u00fablicas fecham. Os poucos bancos nos Estados Unidos que normalmente abrem aos domingos n\u00e3o funcionam na P\u00e1scoa. A data \u00e9 comemorada em muitos lugares com paradas e prociss\u00f5es, sendo a Parada de Nova Iorque a mais conhecida.<sup id=\"cite_ref-55\" class=\"reference\"><a href=\"https:\/\/pt.wikipedia.org\/wiki\/P%C3%A1scoa#cite_note-55\">[55]<\/a><\/sup><\/p>\n<p style=\"text-align: justify;\">Na\u00a0<a title=\"Escandin\u00e1via\" href=\"https:\/\/pt.wikipedia.org\/wiki\/Escandin%C3%A1via\">Escandin\u00e1via<\/a>, a Sexta-Feira Santa, o Domingo e a Segunda de P\u00e1scoa s\u00e3o feriados,<sup id=\"cite_ref-56\" class=\"reference\"><a href=\"https:\/\/pt.wikipedia.org\/wiki\/P%C3%A1scoa#cite_note-56\">[56]<\/a><\/sup>\u00a0e os dois primeiros s\u00e3o tamb\u00e9m\u00a0<a title=\"Feriado banc\u00e1rio\" href=\"https:\/\/pt.wikipedia.org\/wiki\/Feriado_banc%C3%A1rio\">feriados banc\u00e1rios<\/a>.<sup id=\"cite_ref-57\" class=\"reference\"><a href=\"https:\/\/pt.wikipedia.org\/wiki\/P%C3%A1scoa#cite_note-57\">[57]<\/a><\/sup>\u00a0Para a maior parte do com\u00e9rcio, s\u00e3o dias de folga tamb\u00e9m, exce\u00e7\u00e3o feita apenas aos\u00a0<i>shopping centers<\/i>, que geralmente abrem por meio per\u00edodo. Muitos empres\u00e1rios d\u00e3o aos funcion\u00e1rios quase uma semana de folga, a chamada &#8220;Folga de P\u00e1scoa&#8221;.<sup id=\"cite_ref-58\" class=\"reference\"><a href=\"https:\/\/pt.wikipedia.org\/wiki\/P%C3%A1scoa#cite_note-58\">[58]<\/a><\/sup><\/p>\n<p style=\"text-align: justify;\">Nos pa\u00edses da\u00a0<a class=\"mw-redirect\" title=\"Comunidade das Na\u00e7\u00f5es\" href=\"https:\/\/pt.wikipedia.org\/wiki\/Comunidade_das_Na%C3%A7%C3%B5es\">Comunidade das Na\u00e7\u00f5es<\/a>, a P\u00e1scoa raramente \u00e9 considerada um feriado, assim como todas as demais celebra\u00e7\u00f5es que caem num domingo. No\u00a0<a title=\"Reino Unido\" href=\"https:\/\/pt.wikipedia.org\/wiki\/Reino_Unido\">Reino Unido<\/a>, tanto a sexta quanto a segunda-feira s\u00e3o feriados banc\u00e1rios.<sup id=\"cite_ref-59\" class=\"reference\"><a href=\"https:\/\/pt.wikipedia.org\/wiki\/P%C3%A1scoa#cite_note-59\">[59]<\/a><\/sup>\u00a0Contudo, no\u00a0<a title=\"Canad\u00e1\" href=\"https:\/\/pt.wikipedia.org\/wiki\/Canad%C3%A1\">Canad\u00e1<\/a>, o Domingo de P\u00e1scoa \u00e9 feriado, assim como a segunda-feira seguinte. Na prov\u00edncia de\u00a0<a title=\"Quebec\" href=\"https:\/\/pt.wikipedia.org\/wiki\/Quebec\">Quebec<\/a>, tanto a sexta quanto a segunda-feira s\u00e3o feriados facultativos, mas a maior parte das empresas concede os dois dias aos funcion\u00e1rios.<\/p>\n<h3 style=\"text-align: justify;\"><span id=\"Ovos_de_P.C3.A1scoa\"><\/span><span id=\"Ovos_de_P\u00e1scoa\" class=\"mw-headline\">Ovos de P\u00e1scoa<\/span><\/h3>\n<div class=\"hatnote\" style=\"text-align: justify;\"><img loading=\"lazy\" decoding=\"async\" class=\"mw-file-element\" src=\"https:\/\/upload.wikimedia.org\/wikipedia\/commons\/thumb\/3\/3a\/Magnifying_glass_01.svg\/17px-Magnifying_glass_01.svg.png\" srcset=\"\/\/upload.wikimedia.org\/wikipedia\/commons\/thumb\/3\/3a\/Magnifying_glass_01.svg\/26px-Magnifying_glass_01.svg.png 1.5x, \/\/upload.wikimedia.org\/wikipedia\/commons\/thumb\/3\/3a\/Magnifying_glass_01.svg\/34px-Magnifying_glass_01.svg.png 2x\" alt=\"\" width=\"17\" height=\"17\" data-file-width=\"663\" data-file-height=\"659\" \/>Ver artigo principal:\u00a0<a title=\"Ovo de P\u00e1scoa\" href=\"https:\/\/pt.wikipedia.org\/wiki\/Ovo_de_P%C3%A1scoa\">Ovo de P\u00e1scoa<\/a><\/div>\n<p style=\"text-align: justify;\">Ovos de P\u00e1scoa s\u00e3o ovos especialmente decorados e trocados como presentes para celebrar o feriado da P\u00e1scoa. A tradi\u00e7\u00e3o mais antiga consiste em utilizar ovos de galinha tingidos e depois pintados, mas o costume moderno consiste em trocar ovos de chocolate.<\/p>\n<p style=\"text-align: justify;\">O\u00a0<a class=\"mw-redirect\" title=\"Coelho da P\u00e1scoa\" href=\"https:\/\/pt.wikipedia.org\/wiki\/Coelho_da_P%C3%A1scoa\">coelho da P\u00e1scoa<\/a>\u00a0\u00e9 um popular personagem lend\u00e1rio de caracter\u00edsticas\u00a0<a title=\"Antropomorfismo\" href=\"https:\/\/pt.wikipedia.org\/wiki\/Antropomorfismo\">antropom\u00f3rficas<\/a>\u00a0que distribui presentes, an\u00e1logo ao\u00a0<a title=\"Papai Noel\" href=\"https:\/\/pt.wikipedia.org\/wiki\/Papai_Noel\">Papai Noel<\/a>\u00a0em muitas culturas. Nos\u00a0<a title=\"Estados Unidos\" href=\"https:\/\/pt.wikipedia.org\/wiki\/Estados_Unidos\">Estados Unidos<\/a>, o\u00a0<a title=\"Presidente dos Estados Unidos\" href=\"https:\/\/pt.wikipedia.org\/wiki\/Presidente_dos_Estados_Unidos\">presidente<\/a>\u00a0realiza uma\u00a0<a class=\"new\" title=\"Ca\u00e7a aos ovos (p\u00e1gina n\u00e3o existe)\" href=\"https:\/\/pt.wikipedia.org\/w\/index.php?title=Ca%C3%A7a_aos_ovos&amp;action=edit&amp;redlink=1\">ca\u00e7a aos ovos<\/a>\u00a0anual nos jardins da\u00a0<a title=\"Casa Branca\" href=\"https:\/\/pt.wikipedia.org\/wiki\/Casa_Branca\">Casa Branca<\/a>\u00a0para crian\u00e7as pequenas.<sup id=\"cite_ref-60\" class=\"reference\"><a href=\"https:\/\/pt.wikipedia.org\/wiki\/P%C3%A1scoa#cite_note-60\">[60]<\/a><\/sup><\/p>\n<h2 style=\"text-align: justify;\"><span id=\"Notas\" class=\"mw-headline\">Notas<\/span><\/h2>\n<dl>\n<dd><sup><b>[a]<\/b>\u00a0<b><a href=\"https:\/\/pt.wikipedia.org\/wiki\/P%C3%A1scoa#ref_a\">^<\/a><\/b><\/sup>\u00a0<span id=\"endnote_a\" class=\"citation\"><\/span>Veja por exemplo o termo\u00a0<i>Eastre<\/i>\u00a0do\u00a0<a title=\"Ingl\u00eas antigo\" href=\"https:\/\/pt.wikipedia.org\/wiki\/Ingl%C3%AAs_antigo\">ingl\u00eas antigo<\/a>, o nome da deusa do amanhecer e correspondente \u00e0 deusa romana\u00a0<a title=\"Aurora (mitologia)\" href=\"https:\/\/pt.wikipedia.org\/wiki\/Aurora_(mitologia)\">Aurora<\/a>\u00a0e grega\u00a0<i><a class=\"mw-redirect\" title=\"E\u014ds\" href=\"https:\/\/pt.wikipedia.org\/wiki\/E%C5%8Ds\">E\u014ds<\/a><\/i>.<sup id=\"cite_ref-61\" class=\"reference\"><a href=\"https:\/\/pt.wikipedia.org\/wiki\/P%C3%A1scoa#cite_note-61\">[61]<\/a><\/sup>\u00a0<i>&#8220;O exemplo mais simples da deusa do amanhecer acabando ligada a um \u00fanico festival, o da primavera, \u00e9 da deusa Eostre anglo-sax\u00f4nica e sua suposta contraparte germ\u00e2nica \u00d4stara, que deram-nos [os angl\u00f3fonos] &#8220;Easter&#8221; e &#8220;Ostertage&#8221;. Nossa fontes n\u00e3o ligam Eostre com o amanhecer, mas \u00e9 sem d\u00favida este o significado de seu nome&#8221;<\/i>.<sup id=\"cite_ref-62\" class=\"reference\"><a href=\"https:\/\/pt.wikipedia.org\/wiki\/P%C3%A1scoa#cite_note-62\">[62]<\/a><\/sup>\u00a0Finalmente, material comparativo, como o ingl\u00eas antigo\u00a0<i>Eostre<\/i>\u00a0<i>&#8220;nos permitem propor um termo\u00a0<a class=\"mw-redirect\" title=\"Proto-indo-europeu\" href=\"https:\/\/pt.wikipedia.org\/wiki\/Proto-indo-europeu\">PIE<\/a>\u00a0para a\u00a0&#8230; &#8216;deusa do amanhecer&#8217;, caracterizada como a que traz a luz de forma &#8216;relutante&#8217;, um ato pelo qual ela \u00e9 punida. Em tr\u00eas grupos [lingu\u00edsticos] indo-europeus, b\u00e1ltico, grego e indo-iraniano, a exist\u00eancia de um termo PIE para &#8216;deusa do amanhecer&#8217; tem ainda mais apoio lingu\u00edstico por neles ela ser designada como &#8216;filha do c\u00e9u&#8217;. Todos [os termos correspondentes em lituano, grego e hindu antigo] derivados de um termo PIE\u00a0&#8230;&#8217;filha do\u00a0<a class=\"new\" title=\"Dyeus (p\u00e1gina n\u00e3o existe)\" href=\"https:\/\/pt.wikipedia.org\/w\/index.php?title=Dyeus&amp;action=edit&amp;redlink=1\">c\u00e9u<\/a>&#8216;. O correspondente &#8216;filho do c\u00e9u&#8217; \u00e9 imposs\u00edvel de ser reconstru\u00eddo lexicamente, mas \u00e9, sem\u00e2ntica e mitologicamente, associado com os &#8216;<a class=\"new\" title=\"G\u00eameos Divinos (p\u00e1gina n\u00e3o existe)\" href=\"https:\/\/pt.wikipedia.org\/w\/index.php?title=G%C3%AAmeos_Divinos&amp;action=edit&amp;redlink=1\">G\u00eameos Divinos<\/a>&#8216;&#8221;<\/i>.<sup id=\"cite_ref-63\" class=\"reference\"><a href=\"https:\/\/pt.wikipedia.org\/wiki\/P%C3%A1scoa#cite_note-63\">[63]<\/a><\/sup><\/dd>\n<\/dl>\n<p>Fonte: https:\/\/pt.wikipedia.org\/wiki\/P%C3%A1scoa<\/p>\n","protected":false},"excerpt":{"rendered":"<p>No\u00a0cristianismo, a\u00a0P\u00e1scoa\u00a0ou\u00a0Domingo da Ressurrei\u00e7\u00e3o[1][2]\u00a0\u00e9 uma\u00a0festividade religiosa\u00a0e um feriado que celebra a\u00a0ressurrei\u00e7\u00e3o de Jesus\u00a0ocorrida no terceiro dia ap\u00f3s\u00a0sua crucifica\u00e7\u00e3o\u00a0no\u00a0Calv\u00e1rio, conforme o relato do\u00a0Novo Testamento.[3][4]\u00a0\u00c9 a principal celebra\u00e7\u00e3o do\u00a0ano lit\u00fargico\u00a0crist\u00e3o e tamb\u00e9m a mais antiga e importante festa crist\u00e3.[5][6] A\u00a0data da P\u00e1scoa\u00a0determina todas as demais datas das festas m\u00f3veis crist\u00e3s, exceto as relacionadas ao\u00a0Advento.[3]\u00a0O domingo de P\u00e1scoa [&hellip;]<\/p>\n","protected":false},"author":1,"featured_media":85360,"comment_status":"closed","ping_status":"open","sticky":false,"template":"","format":"standard","meta":{"footnotes":""},"categories":[110,118],"tags":[],"class_list":["post-85359","post","type-post","status-publish","format-standard","has-post-thumbnail","hentry","category-noticiasdestaque","category-religiaoesolidariedade"],"_links":{"self":[{"href":"https:\/\/jorgezanoni.com.br\/2019\/wp-json\/wp\/v2\/posts\/85359","targetHints":{"allow":["GET"]}}],"collection":[{"href":"https:\/\/jorgezanoni.com.br\/2019\/wp-json\/wp\/v2\/posts"}],"about":[{"href":"https:\/\/jorgezanoni.com.br\/2019\/wp-json\/wp\/v2\/types\/post"}],"author":[{"embeddable":true,"href":"https:\/\/jorgezanoni.com.br\/2019\/wp-json\/wp\/v2\/users\/1"}],"replies":[{"embeddable":true,"href":"https:\/\/jorgezanoni.com.br\/2019\/wp-json\/wp\/v2\/comments?post=85359"}],"version-history":[{"count":1,"href":"https:\/\/jorgezanoni.com.br\/2019\/wp-json\/wp\/v2\/posts\/85359\/revisions"}],"predecessor-version":[{"id":85361,"href":"https:\/\/jorgezanoni.com.br\/2019\/wp-json\/wp\/v2\/posts\/85359\/revisions\/85361"}],"wp:featuredmedia":[{"embeddable":true,"href":"https:\/\/jorgezanoni.com.br\/2019\/wp-json\/wp\/v2\/media\/85360"}],"wp:attachment":[{"href":"https:\/\/jorgezanoni.com.br\/2019\/wp-json\/wp\/v2\/media?parent=85359"}],"wp:term":[{"taxonomy":"category","embeddable":true,"href":"https:\/\/jorgezanoni.com.br\/2019\/wp-json\/wp\/v2\/categories?post=85359"},{"taxonomy":"post_tag","embeddable":true,"href":"https:\/\/jorgezanoni.com.br\/2019\/wp-json\/wp\/v2\/tags?post=85359"}],"curies":[{"name":"wp","href":"https:\/\/api.w.org\/{rel}","templated":true}]}}