{"id":85311,"date":"2024-03-28T23:26:16","date_gmt":"2024-03-28T23:26:16","guid":{"rendered":"https:\/\/jorgezanoni.com.br\/2019\/?p=85311"},"modified":"2024-03-28T23:26:16","modified_gmt":"2024-03-28T23:26:16","slug":"policia-militar-prende-02-homens-por-trafico-de-drogas-e-apreende-crack-pronto-para-venda-em-dracena","status":"publish","type":"post","link":"https:\/\/jorgezanoni.com.br\/2019\/policia-militar-prende-02-homens-por-trafico-de-drogas-e-apreende-crack-pronto-para-venda-em-dracena\/","title":{"rendered":"Pol\u00edcia Militar prende 02 homens por Tr\u00e1fico de Drogas e apreende Crack pronto para venda em Dracena"},"content":{"rendered":"<p style=\"text-align: justify;\">Na data de (26) por volta das 21h40min policiais militares do 25\u00ba Batalh\u00e3o de Pol\u00edcia Militar do Interior em patrulhamento de For\u00e7a T\u00e1tica, pelo munic\u00edpio de Dracena, abordou o indiciado (homem 53 anos) e se identificou com o propriet\u00e1rio da resid\u00eancia, autorizando a entrada e perman\u00eancia da equipe e no interior encontravam-se o indiciado (homem 36 anos) e a testemunha (mulher 34 anos) que foram abordados e ap\u00f3s ser localizado o entorpecente, foram indagados sobre a propriedade daquela droga, vindo todos a confirmarem ser de propriedade do indiciado ( homem 36 anos). Dado voz de pris\u00e3o, mantendo os dois indiciados presos e \u00e0 disposi\u00e7\u00e3o da Justi\u00e7a, ouvindo e liberando a testemunha.<\/p>\n<p>Fonte Com. Social Pol\u00edcia Militar<\/p>\n","protected":false},"excerpt":{"rendered":"<p>Na data de (26) por volta das 21h40min policiais militares do 25\u00ba Batalh\u00e3o de Pol\u00edcia Militar do Interior em patrulhamento de For\u00e7a T\u00e1tica, pelo munic\u00edpio de Dracena, abordou o indiciado (homem 53 anos) e se identificou com o propriet\u00e1rio da resid\u00eancia, autorizando a entrada e perman\u00eancia da equipe e no interior encontravam-se o indiciado (homem [&hellip;]<\/p>\n","protected":false},"author":1,"featured_media":85312,"comment_status":"closed","ping_status":"open","sticky":false,"template":"","format":"standard","meta":{"footnotes":""},"categories":[110,2],"tags":[],"class_list":["post-85311","post","type-post","status-publish","format-standard","has-post-thumbnail","hentry","category-noticiasdestaque","category-policial"],"_links":{"self":[{"href":"https:\/\/jorgezanoni.com.br\/2019\/wp-json\/wp\/v2\/posts\/85311","targetHints":{"allow":["GET"]}}],"collection":[{"href":"https:\/\/jorgezanoni.com.br\/2019\/wp-json\/wp\/v2\/posts"}],"about":[{"href":"https:\/\/jorgezanoni.com.br\/2019\/wp-json\/wp\/v2\/types\/post"}],"author":[{"embeddable":true,"href":"https:\/\/jorgezanoni.com.br\/2019\/wp-json\/wp\/v2\/users\/1"}],"replies":[{"embeddable":true,"href":"https:\/\/jorgezanoni.com.br\/2019\/wp-json\/wp\/v2\/comments?post=85311"}],"version-history":[{"count":1,"href":"https:\/\/jorgezanoni.com.br\/2019\/wp-json\/wp\/v2\/posts\/85311\/revisions"}],"predecessor-version":[{"id":85313,"href":"https:\/\/jorgezanoni.com.br\/2019\/wp-json\/wp\/v2\/posts\/85311\/revisions\/85313"}],"wp:featuredmedia":[{"embeddable":true,"href":"https:\/\/jorgezanoni.com.br\/2019\/wp-json\/wp\/v2\/media\/85312"}],"wp:attachment":[{"href":"https:\/\/jorgezanoni.com.br\/2019\/wp-json\/wp\/v2\/media?parent=85311"}],"wp:term":[{"taxonomy":"category","embeddable":true,"href":"https:\/\/jorgezanoni.com.br\/2019\/wp-json\/wp\/v2\/categories?post=85311"},{"taxonomy":"post_tag","embeddable":true,"href":"https:\/\/jorgezanoni.com.br\/2019\/wp-json\/wp\/v2\/tags?post=85311"}],"curies":[{"name":"wp","href":"https:\/\/api.w.org\/{rel}","templated":true}]}}