{"id":85268,"date":"2024-03-27T21:11:00","date_gmt":"2024-03-27T21:11:00","guid":{"rendered":"https:\/\/jorgezanoni.com.br\/2019\/?p=85268"},"modified":"2024-03-27T21:11:00","modified_gmt":"2024-03-27T21:11:00","slug":"morre-lourival-castlho-loli-do-grupo-santa-helena","status":"publish","type":"post","link":"https:\/\/jorgezanoni.com.br\/2019\/morre-lourival-castlho-loli-do-grupo-santa-helena\/","title":{"rendered":"Morre Lourival Castlho (Loli) do Grupo Santa Helena"},"content":{"rendered":"<p style=\"text-align: justify;\">Comunicamos compesar o falecimento de Lourival Martins Castilho de 77 anos. Ele estava em tratamento de sa\u00fade e ap\u00f3s complica\u00e7\u00f5es veio a \u00f3bito no in\u00edcio da Tarde desta quarta-feira (27)<\/p>\n<p style=\"text-align: justify;\">Deixa os filhos Doulgas, Denis e Daniel, noras, netos, demais familiares e amigos.<\/p>\n<p style=\"text-align: justify;\">Loli sempre se destacou como empres\u00e1io do ramo de consru\u00e7\u00e3o e frigorifico.<\/p>\n<p style=\"text-align: justify;\">Em 2010 foi homenageado emprestando seu nome ao Campeonato de f\u00e9rias.<\/p>\n<p style=\"text-align: justify;\">O Vel\u00f3rio est\u00e1 previsto para ocorrer a partir das 18:30 H. de hoje (27) na Sala Vip do Memorial Vida Pre e o Sepultamento ocorre amanh\u00e3 (28) \u00e0s 11:00 H. no Cemi\u00e9rio Municipal de Dracena<\/p>\n<p style=\"text-align: justify;\">O SITE JZ e TOP TV se solidariza com a fam\u00edlia e amigos neste dif\u00edcil momento.<\/p>\n<p>Jorge Zanoni<\/p>\n","protected":false},"excerpt":{"rendered":"<p>Comunicamos compesar o falecimento de Lourival Martins Castilho de 77 anos. Ele estava em tratamento de sa\u00fade e ap\u00f3s complica\u00e7\u00f5es veio a \u00f3bito no in\u00edcio da Tarde desta quarta-feira (27) Deixa os filhos Doulgas, Denis e Daniel, noras, netos, demais familiares e amigos. Loli sempre se destacou como empres\u00e1io do ramo de consru\u00e7\u00e3o e frigorifico. [&hellip;]<\/p>\n","protected":false},"author":1,"featured_media":85269,"comment_status":"closed","ping_status":"open","sticky":false,"template":"","format":"standard","meta":{"footnotes":""},"categories":[178,110],"tags":[],"class_list":["post-85268","post","type-post","status-publish","format-standard","has-post-thumbnail","hentry","category-notadefalecimento","category-noticiasdestaque"],"_links":{"self":[{"href":"https:\/\/jorgezanoni.com.br\/2019\/wp-json\/wp\/v2\/posts\/85268","targetHints":{"allow":["GET"]}}],"collection":[{"href":"https:\/\/jorgezanoni.com.br\/2019\/wp-json\/wp\/v2\/posts"}],"about":[{"href":"https:\/\/jorgezanoni.com.br\/2019\/wp-json\/wp\/v2\/types\/post"}],"author":[{"embeddable":true,"href":"https:\/\/jorgezanoni.com.br\/2019\/wp-json\/wp\/v2\/users\/1"}],"replies":[{"embeddable":true,"href":"https:\/\/jorgezanoni.com.br\/2019\/wp-json\/wp\/v2\/comments?post=85268"}],"version-history":[{"count":1,"href":"https:\/\/jorgezanoni.com.br\/2019\/wp-json\/wp\/v2\/posts\/85268\/revisions"}],"predecessor-version":[{"id":85270,"href":"https:\/\/jorgezanoni.com.br\/2019\/wp-json\/wp\/v2\/posts\/85268\/revisions\/85270"}],"wp:featuredmedia":[{"embeddable":true,"href":"https:\/\/jorgezanoni.com.br\/2019\/wp-json\/wp\/v2\/media\/85269"}],"wp:attachment":[{"href":"https:\/\/jorgezanoni.com.br\/2019\/wp-json\/wp\/v2\/media?parent=85268"}],"wp:term":[{"taxonomy":"category","embeddable":true,"href":"https:\/\/jorgezanoni.com.br\/2019\/wp-json\/wp\/v2\/categories?post=85268"},{"taxonomy":"post_tag","embeddable":true,"href":"https:\/\/jorgezanoni.com.br\/2019\/wp-json\/wp\/v2\/tags?post=85268"}],"curies":[{"name":"wp","href":"https:\/\/api.w.org\/{rel}","templated":true}]}}