{"id":85264,"date":"2024-03-27T16:01:56","date_gmt":"2024-03-27T16:01:56","guid":{"rendered":"https:\/\/jorgezanoni.com.br\/2019\/?p=85264"},"modified":"2024-03-27T16:01:56","modified_gmt":"2024-03-27T16:01:56","slug":"relacoes-afetivas-em-tempo-de-pos-globalizacao-digital-por-sergio-barbosa","status":"publish","type":"post","link":"https:\/\/jorgezanoni.com.br\/2019\/relacoes-afetivas-em-tempo-de-pos-globalizacao-digital-por-sergio-barbosa\/","title":{"rendered":"Rela\u00e7\u00f5es afetivas em tempo de p\u00f3s-globaliza\u00e7\u00e3o digital&#8230; (por S\u00e9rgio Barbosa)"},"content":{"rendered":"<p style=\"text-align: justify;\"><strong>RELA\u00c7\u00d5ES AFETIVAS EM TEMPO DE P\u00d3S-GLOBALIZA\u00c7\u00c3O DIGITAL&#8230;<\/strong><\/p>\n<p style=\"text-align: justify;\"><strong><em>\u201cO conservadorismo \u00e9 a filosofia do v\u00ednculo afetivo. Estamos sentimentalmente ligados \u00e0s coisas que amamos e que desejamos proteger contra a decad\u00eancia.\u201d (<a href=\"https:\/\/www.pensador.com\/autor\/roger_scruton\/\">Roger Scruton<\/a>)<\/em><\/strong><strong><em>\u00a0<\/em><\/strong><\/p>\n<p style=\"text-align: justify;\"><strong><em>\u201cpessoas sofridas s\u00e3o perigosas, elas mostram que podem sobreviver&#8230;\u201d ( Perdas e Danos\/Filme)<\/em><\/strong><strong><em>\u00a0<\/em><\/strong><\/p>\n<p style=\"text-align: justify;\"><strong><em>S\u00e9rgio Barbosa (*)<\/em><\/strong><\/p>\n<p style=\"text-align: justify;\">A denominada p\u00f3s-globaliza\u00e7\u00e3o est\u00e1 navegando no \u201cPlaneta M\u00eddia\u201d desde a d\u00e9cada de 60, quando o te\u00f3rico da comunica\u00e7\u00e3o McLuhan apresentou ao mundo a sua \u201cAldeia Global\u201d, ainda, por meio da proposta do \u201cmeio \u00e9 a mensagem\u201d&#8230;<\/p>\n<p style=\"text-align: justify;\">Portanto, mudaram-se as rela\u00e7\u00f5es entre emissor e receptor por meio da mensagem, no realinhamento midi\u00e1tico p\u00f3s teoria funcionalista da d\u00e9cada de 30 em terras do \u201cTio Sam\u201d, ou seja, nos EUA- Estados Unidos da Am\u00e9rica&#8230;<\/p>\n<p style=\"text-align: justify;\">Devem-se levar em considera\u00e7\u00e3o outras teorias desta mesma comunica\u00e7\u00e3o, entretanto, as ci\u00eancias sociais apresentam outras propostas neste mesmo contexto pela pluralidade do social frente ao individual neste tempo novo tempo&#8230;<\/p>\n<p style=\"text-align: justify;\">Entretanto, neste caso em pauta, nem sempre a comunica\u00e7\u00e3o pode determinar o meio como mensagem, tendo em vista a proposta mediada pela informa\u00e7\u00e3o como DESINFORMA\u00c7\u00c3O \u00a0como ru\u00eddo para propor uma ou mais teorias, entre as quais, do caos social em tempo de p\u00f3s-globaliza\u00e7\u00e3o das Plataformas Digitais em n\u00edvel midi\u00e1tico&#8230;<\/p>\n<p style=\"text-align: justify;\">A recep\u00e7\u00e3o nas redes tecnol\u00f3gicas neste novo cen\u00e1rio Organizacional, apresenta variantes de uma mesma proposta te\u00f3rica, por\u00e9m, o emissor pr\u00e9-determina outros fatores para um p\u00fablico alvo espec\u00edfico, possibilitando diversas alternativas para o mercado comunicacional em tempo de Plataformas digitais&#8230;<\/p>\n<p style=\"text-align: justify;\">As perdas s\u00e3o decorrentes dos ru\u00eddos inseridos nesta mensagem que se apresenta como tecnologia glocal, ou seja, do global para o local para uma inser\u00e7\u00e3o al\u00e9m das barreiras geogr\u00e1ficas do \u201cPlaneta M\u00eddia\u201d, tal qual como afirmou o Pesquisador D\u00eanis de Moraes&#8230;<\/p>\n<p style=\"text-align: justify;\">A TV brasileira em um outro tempo deste tempo, ocupou um lugar de destaque no cen\u00e1rio mundial pela proposta entre o lazer e o entretenimento para o telespectador, todavia, pode-se, ainda, determinar outros lados de uma mesma moeda televisiva, haja vista, o compromisso desta m\u00eddia com os interesses mercadol\u00f3gicos mediado pelo capital e tendo como resultado efetivo o famigerado Lucro&#8230;<\/p>\n<p style=\"text-align: justify;\">As rela\u00e7\u00f5es humanas est\u00e3o em estado de decomposi\u00e7\u00e3o da vida al\u00e9m da morte, neste caso, o que menos interessa para o mercado \u00e9 o lado emocional destas rela\u00e7\u00f5es sociais, desta forma, espera-se uma proposta que vem com a racionalidade do momento em que acontece o fato, ou seja, de interesse para um destes lados na disputa exclusivamente pela audi\u00eancia midi\u00e1tica ou pelo n\u00famero de \u201cacessos\u201d nesta ou naquela Plataforma Digital&#8230;<\/p>\n<p style=\"text-align: justify;\">Os elementos s\u00e3o muitos para uma \u00fanica reflex\u00e3o te\u00f3rica, entretanto, no universo das rela\u00e7\u00f5es humanas, as pessoas tendem a buscar o seu infinito na esperan\u00e7a de uma salva\u00e7\u00e3o midi\u00e1tica, tamb\u00e9m, que possa aparecer pela \u201ctelinha\u201d de uma Rede de TV ou Organiza\u00e7\u00e3o Digital em tempo de IA- Intelig\u00eancia Artificial&#8230;<\/p>\n<p style=\"text-align: justify;\">Destacaram-se neste texto, as perdas da universalidade que est\u00e1 al\u00e9m do emocional, tendo em vista, os danos causados pela DESINFORMA\u00c7\u00c3O que produzem problemas determinados pela racionalidade do ser humano, ainda, neste contexto das rela\u00e7\u00f5es afetivas inseridas pela proposta em n\u00edvel de p\u00f3s-globaliza\u00e7\u00e3o midi\u00e1tica-digital&#8230;<\/p>\n<p style=\"text-align: justify;\"><strong><em>___________________________________<\/em><\/strong><\/p>\n<p style=\"text-align: justify;\"><strong><em>(*) Jornalista profissional diplomado, Pesquisador da C\u00e1tedra UNESCO\/UMESP de Comunica\u00e7\u00e3o para o Desenvolvimento Regional, Autor do Livro: ADAMANTINA: Novas Perspectivas de Organiza\u00e7\u00f5es Empresariais (2.022) e Consultor na \u00c1rea de M\u00eddia Organizacional.<\/em><\/strong><\/p>\n<p><strong><em>e-mail: <a href=\"mailto:barbosa.sebar@gmail.com\">barbosa.sebar@gmail.com<\/a><\/em><\/strong><\/p>\n","protected":false},"excerpt":{"rendered":"<p>RELA\u00c7\u00d5ES AFETIVAS EM TEMPO DE P\u00d3S-GLOBALIZA\u00c7\u00c3O DIGITAL&#8230; \u201cO conservadorismo \u00e9 a filosofia do v\u00ednculo afetivo. Estamos sentimentalmente ligados \u00e0s coisas que amamos e que desejamos proteger contra a decad\u00eancia.\u201d (Roger Scruton)\u00a0 \u201cpessoas sofridas s\u00e3o perigosas, elas mostram que podem sobreviver&#8230;\u201d ( Perdas e Danos\/Filme)\u00a0 S\u00e9rgio Barbosa (*) A denominada p\u00f3s-globaliza\u00e7\u00e3o est\u00e1 navegando no \u201cPlaneta M\u00eddia\u201d [&hellip;]<\/p>\n","protected":false},"author":1,"featured_media":85265,"comment_status":"closed","ping_status":"open","sticky":false,"template":"","format":"standard","meta":{"footnotes":""},"categories":[175],"tags":[],"class_list":["post-85264","post","type-post","status-publish","format-standard","has-post-thumbnail","hentry","category-artigos"],"_links":{"self":[{"href":"https:\/\/jorgezanoni.com.br\/2019\/wp-json\/wp\/v2\/posts\/85264","targetHints":{"allow":["GET"]}}],"collection":[{"href":"https:\/\/jorgezanoni.com.br\/2019\/wp-json\/wp\/v2\/posts"}],"about":[{"href":"https:\/\/jorgezanoni.com.br\/2019\/wp-json\/wp\/v2\/types\/post"}],"author":[{"embeddable":true,"href":"https:\/\/jorgezanoni.com.br\/2019\/wp-json\/wp\/v2\/users\/1"}],"replies":[{"embeddable":true,"href":"https:\/\/jorgezanoni.com.br\/2019\/wp-json\/wp\/v2\/comments?post=85264"}],"version-history":[{"count":1,"href":"https:\/\/jorgezanoni.com.br\/2019\/wp-json\/wp\/v2\/posts\/85264\/revisions"}],"predecessor-version":[{"id":85266,"href":"https:\/\/jorgezanoni.com.br\/2019\/wp-json\/wp\/v2\/posts\/85264\/revisions\/85266"}],"wp:featuredmedia":[{"embeddable":true,"href":"https:\/\/jorgezanoni.com.br\/2019\/wp-json\/wp\/v2\/media\/85265"}],"wp:attachment":[{"href":"https:\/\/jorgezanoni.com.br\/2019\/wp-json\/wp\/v2\/media?parent=85264"}],"wp:term":[{"taxonomy":"category","embeddable":true,"href":"https:\/\/jorgezanoni.com.br\/2019\/wp-json\/wp\/v2\/categories?post=85264"},{"taxonomy":"post_tag","embeddable":true,"href":"https:\/\/jorgezanoni.com.br\/2019\/wp-json\/wp\/v2\/tags?post=85264"}],"curies":[{"name":"wp","href":"https:\/\/api.w.org\/{rel}","templated":true}]}}