{"id":8526,"date":"2019-10-12T15:19:57","date_gmt":"2019-10-12T15:19:57","guid":{"rendered":"https:\/\/jorgezanoni.com.br\/2019\/?p=8526"},"modified":"2019-10-12T21:25:22","modified_gmt":"2019-10-12T21:25:22","slug":"aniversariantes-do-dia-12-10-19","status":"publish","type":"post","link":"https:\/\/jorgezanoni.com.br\/2019\/aniversariantes-do-dia-12-10-19\/","title":{"rendered":"Aniversariantes do Dia 12\/10\/19"},"content":{"rendered":"<p>PARABENIZAMOS OS ANIVERSARIANTES DE HOJE:<\/p>\n<p><img loading=\"lazy\" decoding=\"async\" class=\"alignnone size-full wp-image-8586\" src=\"https:\/\/jorgezanoni.com.br\/2019\/wp-content\/uploads\/2019\/10\/Anderson-Aparecido-de-Souza.jpg\" alt=\"\" width=\"480\" height=\"853\" srcset=\"https:\/\/jorgezanoni.com.br\/2019\/wp-content\/uploads\/2019\/10\/Anderson-Aparecido-de-Souza.jpg 480w, https:\/\/jorgezanoni.com.br\/2019\/wp-content\/uploads\/2019\/10\/Anderson-Aparecido-de-Souza-169x300.jpg 169w, https:\/\/jorgezanoni.com.br\/2019\/wp-content\/uploads\/2019\/10\/Anderson-Aparecido-de-Souza-236x420.jpg 236w\" sizes=\"auto, (max-width: 480px) 100vw, 480px\" \/><\/p>\n<p>Anderson Aparecido de Souza<\/p>\n<p><img loading=\"lazy\" decoding=\"async\" class=\"alignnone size-full wp-image-8527\" src=\"https:\/\/jorgezanoni.com.br\/2019\/wp-content\/uploads\/2019\/10\/Aparecida-dos-Anjos.jpg\" alt=\"\" width=\"960\" height=\"540\" srcset=\"https:\/\/jorgezanoni.com.br\/2019\/wp-content\/uploads\/2019\/10\/Aparecida-dos-Anjos.jpg 960w, https:\/\/jorgezanoni.com.br\/2019\/wp-content\/uploads\/2019\/10\/Aparecida-dos-Anjos-300x169.jpg 300w, https:\/\/jorgezanoni.com.br\/2019\/wp-content\/uploads\/2019\/10\/Aparecida-dos-Anjos-768x432.jpg 768w, https:\/\/jorgezanoni.com.br\/2019\/wp-content\/uploads\/2019\/10\/Aparecida-dos-Anjos-696x392.jpg 696w, https:\/\/jorgezanoni.com.br\/2019\/wp-content\/uploads\/2019\/10\/Aparecida-dos-Anjos-747x420.jpg 747w\" sizes=\"auto, (max-width: 960px) 100vw, 960px\" \/><\/p>\n<p>Aparecida dos Anjos<\/p>\n<p><img loading=\"lazy\" decoding=\"async\" class=\"alignnone size-full wp-image-8528\" src=\"https:\/\/jorgezanoni.com.br\/2019\/wp-content\/uploads\/2019\/10\/Beatriz-Flumian.jpg\" alt=\"\" width=\"749\" height=\"746\" srcset=\"https:\/\/jorgezanoni.com.br\/2019\/wp-content\/uploads\/2019\/10\/Beatriz-Flumian.jpg 749w, https:\/\/jorgezanoni.com.br\/2019\/wp-content\/uploads\/2019\/10\/Beatriz-Flumian-150x150.jpg 150w, https:\/\/jorgezanoni.com.br\/2019\/wp-content\/uploads\/2019\/10\/Beatriz-Flumian-300x300.jpg 300w, https:\/\/jorgezanoni.com.br\/2019\/wp-content\/uploads\/2019\/10\/Beatriz-Flumian-696x693.jpg 696w, https:\/\/jorgezanoni.com.br\/2019\/wp-content\/uploads\/2019\/10\/Beatriz-Flumian-422x420.jpg 422w\" sizes=\"auto, (max-width: 749px) 100vw, 749px\" \/><\/p>\n<p>Beatriz Flumian<\/p>\n<p><img loading=\"lazy\" decoding=\"async\" class=\"alignnone size-full wp-image-8529\" src=\"https:\/\/jorgezanoni.com.br\/2019\/wp-content\/uploads\/2019\/10\/Bruna-Ferreira-1.jpg\" alt=\"\" width=\"540\" height=\"960\" srcset=\"https:\/\/jorgezanoni.com.br\/2019\/wp-content\/uploads\/2019\/10\/Bruna-Ferreira-1.jpg 540w, https:\/\/jorgezanoni.com.br\/2019\/wp-content\/uploads\/2019\/10\/Bruna-Ferreira-1-169x300.jpg 169w, https:\/\/jorgezanoni.com.br\/2019\/wp-content\/uploads\/2019\/10\/Bruna-Ferreira-1-236x420.jpg 236w\" sizes=\"auto, (max-width: 540px) 100vw, 540px\" \/><\/p>\n<p>Bruna Ferreira<\/p>\n<p><img loading=\"lazy\" decoding=\"async\" class=\"alignnone size-full wp-image-8530\" src=\"https:\/\/jorgezanoni.com.br\/2019\/wp-content\/uploads\/2019\/10\/Celia-Nonato.jpg\" alt=\"\" width=\"950\" height=\"960\" srcset=\"https:\/\/jorgezanoni.com.br\/2019\/wp-content\/uploads\/2019\/10\/Celia-Nonato.jpg 950w, https:\/\/jorgezanoni.com.br\/2019\/wp-content\/uploads\/2019\/10\/Celia-Nonato-297x300.jpg 297w, https:\/\/jorgezanoni.com.br\/2019\/wp-content\/uploads\/2019\/10\/Celia-Nonato-768x776.jpg 768w, https:\/\/jorgezanoni.com.br\/2019\/wp-content\/uploads\/2019\/10\/Celia-Nonato-696x703.jpg 696w, https:\/\/jorgezanoni.com.br\/2019\/wp-content\/uploads\/2019\/10\/Celia-Nonato-416x420.jpg 416w\" sizes=\"auto, (max-width: 950px) 100vw, 950px\" \/><\/p>\n<p>C\u00e9lia Nonato<\/p>\n<p><img loading=\"lazy\" decoding=\"async\" class=\"alignnone size-full wp-image-8531\" src=\"https:\/\/jorgezanoni.com.br\/2019\/wp-content\/uploads\/2019\/10\/Edna-Andrade.jpg\" alt=\"\" width=\"540\" height=\"629\" srcset=\"https:\/\/jorgezanoni.com.br\/2019\/wp-content\/uploads\/2019\/10\/Edna-Andrade.jpg 540w, https:\/\/jorgezanoni.com.br\/2019\/wp-content\/uploads\/2019\/10\/Edna-Andrade-258x300.jpg 258w, https:\/\/jorgezanoni.com.br\/2019\/wp-content\/uploads\/2019\/10\/Edna-Andrade-361x420.jpg 361w\" sizes=\"auto, (max-width: 540px) 100vw, 540px\" \/><\/p>\n<p>Edna Andrade<\/p>\n<p><img loading=\"lazy\" decoding=\"async\" class=\"alignnone size-full wp-image-8532\" src=\"https:\/\/jorgezanoni.com.br\/2019\/wp-content\/uploads\/2019\/10\/Elizabeth-de-Azevedo.jpg\" alt=\"\" width=\"540\" height=\"960\" srcset=\"https:\/\/jorgezanoni.com.br\/2019\/wp-content\/uploads\/2019\/10\/Elizabeth-de-Azevedo.jpg 540w, https:\/\/jorgezanoni.com.br\/2019\/wp-content\/uploads\/2019\/10\/Elizabeth-de-Azevedo-169x300.jpg 169w, https:\/\/jorgezanoni.com.br\/2019\/wp-content\/uploads\/2019\/10\/Elizabeth-de-Azevedo-236x420.jpg 236w\" sizes=\"auto, (max-width: 540px) 100vw, 540px\" \/><\/p>\n<p>Elizabeth de Azevedo<\/p>\n<p><img loading=\"lazy\" decoding=\"async\" class=\"alignnone size-full wp-image-8533\" src=\"https:\/\/jorgezanoni.com.br\/2019\/wp-content\/uploads\/2019\/10\/Erica-Caridi.jpg\" alt=\"\" width=\"482\" height=\"495\" srcset=\"https:\/\/jorgezanoni.com.br\/2019\/wp-content\/uploads\/2019\/10\/Erica-Caridi.jpg 482w, https:\/\/jorgezanoni.com.br\/2019\/wp-content\/uploads\/2019\/10\/Erica-Caridi-292x300.jpg 292w, https:\/\/jorgezanoni.com.br\/2019\/wp-content\/uploads\/2019\/10\/Erica-Caridi-409x420.jpg 409w\" sizes=\"auto, (max-width: 482px) 100vw, 482px\" \/><\/p>\n<p>Erica Caridi<\/p>\n<p><img loading=\"lazy\" decoding=\"async\" class=\"alignnone size-full wp-image-8534\" src=\"https:\/\/jorgezanoni.com.br\/2019\/wp-content\/uploads\/2019\/10\/Fernanda-Custodio.jpg\" alt=\"\" width=\"783\" height=\"960\" srcset=\"https:\/\/jorgezanoni.com.br\/2019\/wp-content\/uploads\/2019\/10\/Fernanda-Custodio.jpg 783w, https:\/\/jorgezanoni.com.br\/2019\/wp-content\/uploads\/2019\/10\/Fernanda-Custodio-245x300.jpg 245w, https:\/\/jorgezanoni.com.br\/2019\/wp-content\/uploads\/2019\/10\/Fernanda-Custodio-768x942.jpg 768w, https:\/\/jorgezanoni.com.br\/2019\/wp-content\/uploads\/2019\/10\/Fernanda-Custodio-696x853.jpg 696w, https:\/\/jorgezanoni.com.br\/2019\/wp-content\/uploads\/2019\/10\/Fernanda-Custodio-343x420.jpg 343w\" sizes=\"auto, (max-width: 783px) 100vw, 783px\" \/><\/p>\n<p>Fernanda Cust\u00f3dio<\/p>\n<p><img loading=\"lazy\" decoding=\"async\" class=\"alignnone size-full wp-image-8535\" src=\"https:\/\/jorgezanoni.com.br\/2019\/wp-content\/uploads\/2019\/10\/Jose-Rebelato.jpg\" alt=\"\" width=\"852\" height=\"852\" srcset=\"https:\/\/jorgezanoni.com.br\/2019\/wp-content\/uploads\/2019\/10\/Jose-Rebelato.jpg 852w, https:\/\/jorgezanoni.com.br\/2019\/wp-content\/uploads\/2019\/10\/Jose-Rebelato-150x150.jpg 150w, https:\/\/jorgezanoni.com.br\/2019\/wp-content\/uploads\/2019\/10\/Jose-Rebelato-300x300.jpg 300w, https:\/\/jorgezanoni.com.br\/2019\/wp-content\/uploads\/2019\/10\/Jose-Rebelato-768x768.jpg 768w, https:\/\/jorgezanoni.com.br\/2019\/wp-content\/uploads\/2019\/10\/Jose-Rebelato-696x696.jpg 696w, https:\/\/jorgezanoni.com.br\/2019\/wp-content\/uploads\/2019\/10\/Jose-Rebelato-420x420.jpg 420w\" sizes=\"auto, (max-width: 852px) 100vw, 852px\" \/><\/p>\n<p>Jose Rebelato<\/p>\n<p><img loading=\"lazy\" decoding=\"async\" class=\"alignnone size-full wp-image-8536\" src=\"https:\/\/jorgezanoni.com.br\/2019\/wp-content\/uploads\/2019\/10\/L\u00facia-Ferreira.jpg\" alt=\"\" width=\"639\" height=\"639\" srcset=\"https:\/\/jorgezanoni.com.br\/2019\/wp-content\/uploads\/2019\/10\/L\u00facia-Ferreira.jpg 639w, https:\/\/jorgezanoni.com.br\/2019\/wp-content\/uploads\/2019\/10\/L\u00facia-Ferreira-150x150.jpg 150w, https:\/\/jorgezanoni.com.br\/2019\/wp-content\/uploads\/2019\/10\/L\u00facia-Ferreira-300x300.jpg 300w, https:\/\/jorgezanoni.com.br\/2019\/wp-content\/uploads\/2019\/10\/L\u00facia-Ferreira-420x420.jpg 420w\" sizes=\"auto, (max-width: 639px) 100vw, 639px\" \/><\/p>\n<p>L\u00facia Ferreira<\/p>\n<p><img loading=\"lazy\" decoding=\"async\" class=\"alignnone size-full wp-image-8537\" src=\"https:\/\/jorgezanoni.com.br\/2019\/wp-content\/uploads\/2019\/10\/Matheus-Lima-Fernandes-parab\u00e9ns-do-papai-Vanderlei-mam\u00e3e-\u00c9rica-e-irm\u00e3o-Felipe.jpg\" alt=\"\" width=\"1040\" height=\"780\" srcset=\"https:\/\/jorgezanoni.com.br\/2019\/wp-content\/uploads\/2019\/10\/Matheus-Lima-Fernandes-parab\u00e9ns-do-papai-Vanderlei-mam\u00e3e-\u00c9rica-e-irm\u00e3o-Felipe.jpg 1040w, https:\/\/jorgezanoni.com.br\/2019\/wp-content\/uploads\/2019\/10\/Matheus-Lima-Fernandes-parab\u00e9ns-do-papai-Vanderlei-mam\u00e3e-\u00c9rica-e-irm\u00e3o-Felipe-300x225.jpg 300w, https:\/\/jorgezanoni.com.br\/2019\/wp-content\/uploads\/2019\/10\/Matheus-Lima-Fernandes-parab\u00e9ns-do-papai-Vanderlei-mam\u00e3e-\u00c9rica-e-irm\u00e3o-Felipe-768x576.jpg 768w, https:\/\/jorgezanoni.com.br\/2019\/wp-content\/uploads\/2019\/10\/Matheus-Lima-Fernandes-parab\u00e9ns-do-papai-Vanderlei-mam\u00e3e-\u00c9rica-e-irm\u00e3o-Felipe-1024x768.jpg 1024w, https:\/\/jorgezanoni.com.br\/2019\/wp-content\/uploads\/2019\/10\/Matheus-Lima-Fernandes-parab\u00e9ns-do-papai-Vanderlei-mam\u00e3e-\u00c9rica-e-irm\u00e3o-Felipe-80x60.jpg 80w, https:\/\/jorgezanoni.com.br\/2019\/wp-content\/uploads\/2019\/10\/Matheus-Lima-Fernandes-parab\u00e9ns-do-papai-Vanderlei-mam\u00e3e-\u00c9rica-e-irm\u00e3o-Felipe-265x198.jpg 265w, https:\/\/jorgezanoni.com.br\/2019\/wp-content\/uploads\/2019\/10\/Matheus-Lima-Fernandes-parab\u00e9ns-do-papai-Vanderlei-mam\u00e3e-\u00c9rica-e-irm\u00e3o-Felipe-696x522.jpg 696w, https:\/\/jorgezanoni.com.br\/2019\/wp-content\/uploads\/2019\/10\/Matheus-Lima-Fernandes-parab\u00e9ns-do-papai-Vanderlei-mam\u00e3e-\u00c9rica-e-irm\u00e3o-Felipe-560x420.jpg 560w\" sizes=\"auto, (max-width: 1040px) 100vw, 1040px\" \/><\/p>\n<p>Matheus Lima Fernandes recebe os parab\u00e9ns do papai Vanderlei (Vidaprev), mam\u00e3e \u00c9rica e irm\u00e3o Felipe<\/p>\n<p><img loading=\"lazy\" decoding=\"async\" class=\"alignnone size-full wp-image-8538\" src=\"https:\/\/jorgezanoni.com.br\/2019\/wp-content\/uploads\/2019\/10\/Nair-Boni.jpg\" alt=\"\" width=\"959\" height=\"960\" srcset=\"https:\/\/jorgezanoni.com.br\/2019\/wp-content\/uploads\/2019\/10\/Nair-Boni.jpg 959w, https:\/\/jorgezanoni.com.br\/2019\/wp-content\/uploads\/2019\/10\/Nair-Boni-150x150.jpg 150w, https:\/\/jorgezanoni.com.br\/2019\/wp-content\/uploads\/2019\/10\/Nair-Boni-300x300.jpg 300w, https:\/\/jorgezanoni.com.br\/2019\/wp-content\/uploads\/2019\/10\/Nair-Boni-768x769.jpg 768w, https:\/\/jorgezanoni.com.br\/2019\/wp-content\/uploads\/2019\/10\/Nair-Boni-696x697.jpg 696w, https:\/\/jorgezanoni.com.br\/2019\/wp-content\/uploads\/2019\/10\/Nair-Boni-420x420.jpg 420w\" sizes=\"auto, (max-width: 959px) 100vw, 959px\" \/><\/p>\n<p>Nair Boni<\/p>\n<p><img loading=\"lazy\" decoding=\"async\" class=\"alignnone size-full wp-image-8540\" src=\"https:\/\/jorgezanoni.com.br\/2019\/wp-content\/uploads\/2019\/10\/Odete.jpg\" alt=\"\" width=\"960\" height=\"720\" srcset=\"https:\/\/jorgezanoni.com.br\/2019\/wp-content\/uploads\/2019\/10\/Odete.jpg 960w, https:\/\/jorgezanoni.com.br\/2019\/wp-content\/uploads\/2019\/10\/Odete-300x225.jpg 300w, https:\/\/jorgezanoni.com.br\/2019\/wp-content\/uploads\/2019\/10\/Odete-768x576.jpg 768w, https:\/\/jorgezanoni.com.br\/2019\/wp-content\/uploads\/2019\/10\/Odete-80x60.jpg 80w, https:\/\/jorgezanoni.com.br\/2019\/wp-content\/uploads\/2019\/10\/Odete-265x198.jpg 265w, https:\/\/jorgezanoni.com.br\/2019\/wp-content\/uploads\/2019\/10\/Odete-696x522.jpg 696w, https:\/\/jorgezanoni.com.br\/2019\/wp-content\/uploads\/2019\/10\/Odete-560x420.jpg 560w\" sizes=\"auto, (max-width: 960px) 100vw, 960px\" \/><\/p>\n<p>Odete Trevizan<\/p>\n<p><img loading=\"lazy\" decoding=\"async\" class=\"alignnone size-full wp-image-8541\" src=\"https:\/\/jorgezanoni.com.br\/2019\/wp-content\/uploads\/2019\/10\/Rosana-Jos\u00e9-Carlos-Ferreira.jpg\" alt=\"\" width=\"960\" height=\"959\" srcset=\"https:\/\/jorgezanoni.com.br\/2019\/wp-content\/uploads\/2019\/10\/Rosana-Jos\u00e9-Carlos-Ferreira.jpg 960w, https:\/\/jorgezanoni.com.br\/2019\/wp-content\/uploads\/2019\/10\/Rosana-Jos\u00e9-Carlos-Ferreira-150x150.jpg 150w, https:\/\/jorgezanoni.com.br\/2019\/wp-content\/uploads\/2019\/10\/Rosana-Jos\u00e9-Carlos-Ferreira-300x300.jpg 300w, https:\/\/jorgezanoni.com.br\/2019\/wp-content\/uploads\/2019\/10\/Rosana-Jos\u00e9-Carlos-Ferreira-768x767.jpg 768w, https:\/\/jorgezanoni.com.br\/2019\/wp-content\/uploads\/2019\/10\/Rosana-Jos\u00e9-Carlos-Ferreira-696x695.jpg 696w, https:\/\/jorgezanoni.com.br\/2019\/wp-content\/uploads\/2019\/10\/Rosana-Jos\u00e9-Carlos-Ferreira-420x420.jpg 420w\" sizes=\"auto, (max-width: 960px) 100vw, 960px\" \/><\/p>\n<p>Rosana Jose Carlos Ferreira<\/p>\n<p><img loading=\"lazy\" decoding=\"async\" class=\"alignnone size-full wp-image-8542\" src=\"https:\/\/jorgezanoni.com.br\/2019\/wp-content\/uploads\/2019\/10\/Sebastiana-Moreira.jpg\" alt=\"\" width=\"392\" height=\"482\" srcset=\"https:\/\/jorgezanoni.com.br\/2019\/wp-content\/uploads\/2019\/10\/Sebastiana-Moreira.jpg 392w, https:\/\/jorgezanoni.com.br\/2019\/wp-content\/uploads\/2019\/10\/Sebastiana-Moreira-244x300.jpg 244w, https:\/\/jorgezanoni.com.br\/2019\/wp-content\/uploads\/2019\/10\/Sebastiana-Moreira-342x420.jpg 342w\" sizes=\"auto, (max-width: 392px) 100vw, 392px\" \/><\/p>\n<p>Sebastiana Moreira<\/p>\n<p><img loading=\"lazy\" decoding=\"async\" class=\"alignnone size-full wp-image-8543\" src=\"https:\/\/jorgezanoni.com.br\/2019\/wp-content\/uploads\/2019\/10\/Thayna-Lourencetti.jpg\" alt=\"\" width=\"960\" height=\"960\" srcset=\"https:\/\/jorgezanoni.com.br\/2019\/wp-content\/uploads\/2019\/10\/Thayna-Lourencetti.jpg 960w, https:\/\/jorgezanoni.com.br\/2019\/wp-content\/uploads\/2019\/10\/Thayna-Lourencetti-150x150.jpg 150w, https:\/\/jorgezanoni.com.br\/2019\/wp-content\/uploads\/2019\/10\/Thayna-Lourencetti-300x300.jpg 300w, https:\/\/jorgezanoni.com.br\/2019\/wp-content\/uploads\/2019\/10\/Thayna-Lourencetti-768x768.jpg 768w, https:\/\/jorgezanoni.com.br\/2019\/wp-content\/uploads\/2019\/10\/Thayna-Lourencetti-696x696.jpg 696w, https:\/\/jorgezanoni.com.br\/2019\/wp-content\/uploads\/2019\/10\/Thayna-Lourencetti-420x420.jpg 420w\" sizes=\"auto, (max-width: 960px) 100vw, 960px\" \/><\/p>\n<p>Thayna Lourencetti<\/p>\n<p><img loading=\"lazy\" decoding=\"async\" class=\"alignnone size-full wp-image-8545\" src=\"https:\/\/jorgezanoni.com.br\/2019\/wp-content\/uploads\/2019\/10\/Valdete-Ramos.jpg\" alt=\"\" width=\"311\" height=\"298\" srcset=\"https:\/\/jorgezanoni.com.br\/2019\/wp-content\/uploads\/2019\/10\/Valdete-Ramos.jpg 311w, https:\/\/jorgezanoni.com.br\/2019\/wp-content\/uploads\/2019\/10\/Valdete-Ramos-300x287.jpg 300w\" sizes=\"auto, (max-width: 311px) 100vw, 311px\" \/><\/p>\n<p>Valdete Ramos<\/p>\n","protected":false},"excerpt":{"rendered":"<p>PARABENIZAMOS OS ANIVERSARIANTES DE HOJE: Anderson Aparecido de Souza Aparecida dos Anjos Beatriz Flumian Bruna Ferreira C\u00e9lia Nonato Edna Andrade Elizabeth de Azevedo Erica Caridi Fernanda Cust\u00f3dio Jose Rebelato L\u00facia Ferreira Matheus Lima Fernandes recebe os parab\u00e9ns do papai Vanderlei (Vidaprev), mam\u00e3e \u00c9rica e irm\u00e3o Felipe Nair Boni Odete Trevizan Rosana Jose Carlos Ferreira Sebastiana [&hellip;]<\/p>\n","protected":false},"author":1,"featured_media":8533,"comment_status":"closed","ping_status":"open","sticky":false,"template":"","format":"standard","meta":{"footnotes":""},"categories":[174],"tags":[],"class_list":["post-8526","post","type-post","status-publish","format-standard","has-post-thumbnail","hentry","category-aniversariantes"],"_links":{"self":[{"href":"https:\/\/jorgezanoni.com.br\/2019\/wp-json\/wp\/v2\/posts\/8526","targetHints":{"allow":["GET"]}}],"collection":[{"href":"https:\/\/jorgezanoni.com.br\/2019\/wp-json\/wp\/v2\/posts"}],"about":[{"href":"https:\/\/jorgezanoni.com.br\/2019\/wp-json\/wp\/v2\/types\/post"}],"author":[{"embeddable":true,"href":"https:\/\/jorgezanoni.com.br\/2019\/wp-json\/wp\/v2\/users\/1"}],"replies":[{"embeddable":true,"href":"https:\/\/jorgezanoni.com.br\/2019\/wp-json\/wp\/v2\/comments?post=8526"}],"version-history":[{"count":0,"href":"https:\/\/jorgezanoni.com.br\/2019\/wp-json\/wp\/v2\/posts\/8526\/revisions"}],"wp:featuredmedia":[{"embeddable":true,"href":"https:\/\/jorgezanoni.com.br\/2019\/wp-json\/wp\/v2\/media\/8533"}],"wp:attachment":[{"href":"https:\/\/jorgezanoni.com.br\/2019\/wp-json\/wp\/v2\/media?parent=8526"}],"wp:term":[{"taxonomy":"category","embeddable":true,"href":"https:\/\/jorgezanoni.com.br\/2019\/wp-json\/wp\/v2\/categories?post=8526"},{"taxonomy":"post_tag","embeddable":true,"href":"https:\/\/jorgezanoni.com.br\/2019\/wp-json\/wp\/v2\/tags?post=8526"}],"curies":[{"name":"wp","href":"https:\/\/api.w.org\/{rel}","templated":true}]}}