{"id":85203,"date":"2024-03-24T13:05:12","date_gmt":"2024-03-24T13:05:12","guid":{"rendered":"https:\/\/jorgezanoni.com.br\/2019\/?p=85203"},"modified":"2024-03-24T13:05:12","modified_gmt":"2024-03-24T13:05:12","slug":"comunidade-catolica-comemora-hoje-o-domingo-de-ramos-2","status":"publish","type":"post","link":"https:\/\/jorgezanoni.com.br\/2019\/comunidade-catolica-comemora-hoje-o-domingo-de-ramos-2\/","title":{"rendered":"Comunidade Cat\u00f3lica comemora hoje o &#8220;Domingo de Ramos&#8221;"},"content":{"rendered":"<p style=\"text-align: justify;\"><b>Domingo de Ramos<\/b>\u00a0\u00e9 uma\u00a0<a class=\"mw-redirect\" title=\"Festa m\u00f3vel\" href=\"https:\/\/pt.wikipedia.org\/wiki\/Festa_m%C3%B3vel\">festa m\u00f3vel<\/a>\u00a0crist\u00e3 celebrada no domingo anterior \u00e0\u00a0<a title=\"P\u00e1scoa\" href=\"https:\/\/pt.wikipedia.org\/wiki\/P%C3%A1scoa\">P\u00e1scoa<\/a>. A festa comemora a\u00a0<a class=\"mw-redirect\" title=\"Entrada triunfal de Jesus em Jerusal\u00e9m\" href=\"https:\/\/pt.wikipedia.org\/wiki\/Entrada_triunfal_de_Jesus_em_Jerusal%C3%A9m\">entrada triunfal de Jesus em Jerusal\u00e9m<\/a>, um evento da\u00a0<a class=\"mw-redirect\" title=\"Vida de Jesus\" href=\"https:\/\/pt.wikipedia.org\/wiki\/Vida_de_Jesus\">vida de Jesus<\/a>\u00a0mencionado nos quatro\u00a0<a title=\"Evangelhos can\u00f4nicos\" href=\"https:\/\/pt.wikipedia.org\/wiki\/Evangelhos_can%C3%B4nicos\">evangelhos can\u00f4nicos<\/a>\u00a0(<a class=\"extiw\" title=\"s:Tradu\u00e7\u00e3o Brasileira da B\u00edblia\/Marcos\/XI\" href=\"https:\/\/pt.wikisource.org\/wiki\/Tradu%C3%A7%C3%A3o_Brasileira_da_B%C3%ADblia\/Marcos\/XI#11:1\">Marcos 11:1\u201310<\/a>,\u00a0<a class=\"extiw\" title=\"s:Tradu\u00e7\u00e3o Brasileira da B\u00edblia\/Mateus\/XXI\" href=\"https:\/\/pt.wikisource.org\/wiki\/Tradu%C3%A7%C3%A3o_Brasileira_da_B%C3%ADblia\/Mateus\/XXI#21:1\">Mateus 21:1\u201311<\/a>,\u00a0<a class=\"extiw\" title=\"s:Tradu\u00e7\u00e3o Brasileira da B\u00edblia\/Lucas\/XIX\" href=\"https:\/\/pt.wikisource.org\/wiki\/Tradu%C3%A7%C3%A3o_Brasileira_da_B%C3%ADblia\/Lucas\/XIX#19:28\">Lucas 19:28\u201344<\/a>\u00a0e\u00a0<a class=\"extiw\" title=\"s:Tradu\u00e7\u00e3o Brasileira da B\u00edblia\/Jo\u00e3o\/XII\" href=\"https:\/\/pt.wikisource.org\/wiki\/Tradu%C3%A7%C3%A3o_Brasileira_da_B%C3%ADblia\/Jo%C3%A3o\/XII#12:12\">Jo\u00e3o 12:12\u201319<\/a>). Diz a tradi\u00e7\u00e3o que\u00a0<a title=\"Jesus\" href=\"https:\/\/pt.wikipedia.org\/wiki\/Jesus\">Jesus<\/a>\u00a0teria entrado pela porta dourada de\u00a0<a title=\"Jerusal\u00e9m\" href=\"https:\/\/pt.wikipedia.org\/wiki\/Jerusal%C3%A9m\">Jerusal\u00e9m<\/a>.<sup id=\"cite_ref-N\u00e3o_nomeado-xfoP-1_1-0\" class=\"reference\"><a href=\"https:\/\/pt.wikipedia.org\/wiki\/Domingo_de_Ramos#cite_note-N%C3%A3o_nomeado-xfoP-1-1\">[1]<\/a><\/sup>\u00a0Na\u00a0<a title=\"Liturgia\" href=\"https:\/\/pt.wikipedia.org\/wiki\/Liturgia\">liturgia<\/a>\u00a0romana, este dia \u00e9 denominado de &#8220;Domingo de Ramos e da Paix\u00e3o do Senhor&#8221;.<sup id=\"cite_ref-:0_2-0\" class=\"reference\"><a href=\"https:\/\/pt.wikipedia.org\/wiki\/Domingo_de_Ramos#cite_note-:0-2\">[2]<\/a><\/sup>\u00a0A liturgia cat\u00f3lica ainda denomina a festa de diversas formas, como: &#8220;P\u00e1scoa Florida&#8221;, em contraste com a P\u00e1scoa enquanto tal que \u00e9 &#8220;frut\u00edfera&#8221; e\u00a0<i>Pascha competentium<\/i>\u00a0ou\u00a0<i>Pascha petitum<\/i>, pois era durante essa festa que &#8220;aqueles que pedem&#8221; o\u00a0<a title=\"Batismo\" href=\"https:\/\/pt.wikipedia.org\/wiki\/Batismo\">Batismo<\/a>\u00a0s\u00e3o apresentados.<sup id=\"cite_ref-N\u00e3o_nomeado-xfoP-1_1-1\" class=\"reference\"><a href=\"https:\/\/pt.wikipedia.org\/wiki\/Domingo_de_Ramos#cite_note-N%C3%A3o_nomeado-xfoP-1-1\">[1]<\/a><\/sup><\/p>\n<p style=\"text-align: justify;\">Na\u00a0<a title=\"Igreja Cat\u00f3lica\" href=\"https:\/\/pt.wikipedia.org\/wiki\/Igreja_Cat%C3%B3lica\">Igreja Cat\u00f3lica<\/a>\u00a0(e em algumas denomina\u00e7\u00f5es protestantes), o Domingo de Ramos \u00e9 conhecido pela distribui\u00e7\u00e3o de folhas de\u00a0<a class=\"mw-redirect\" title=\"Palmeira\" href=\"https:\/\/pt.wikipedia.org\/wiki\/Palmeira\">palmeiras<\/a>, oliveiras ou salgueiros para os fi\u00e9is reunidos na igreja. Em lugares onde \u00e9 dif\u00edcil consegui-las por causa do clima, ramos de diversas \u00e1rvores s\u00e3o utilizados.<\/p>\n<h2 style=\"text-align: justify;\"><span id=\"Narrativa_b.C3.ADblica_e_simbolismos\"><\/span><span id=\"Narrativa_b\u00edblica_e_simbolismos\" class=\"mw-headline\">Narrativa b\u00edblica e simbolismos<\/span><\/h2>\n<div class=\"hatnote\" style=\"text-align: justify;\"><img loading=\"lazy\" decoding=\"async\" class=\"mw-file-element\" src=\"https:\/\/upload.wikimedia.org\/wikipedia\/commons\/thumb\/3\/3a\/Magnifying_glass_01.svg\/17px-Magnifying_glass_01.svg.png\" srcset=\"\/\/upload.wikimedia.org\/wikipedia\/commons\/thumb\/3\/3a\/Magnifying_glass_01.svg\/26px-Magnifying_glass_01.svg.png 1.5x, \/\/upload.wikimedia.org\/wikipedia\/commons\/thumb\/3\/3a\/Magnifying_glass_01.svg\/34px-Magnifying_glass_01.svg.png 2x\" alt=\"\" width=\"17\" height=\"17\" data-file-width=\"663\" data-file-height=\"659\" \/>Ver artigo principal:\u00a0<a title=\"Entrada triunfal em Jerusal\u00e9m\" href=\"https:\/\/pt.wikipedia.org\/wiki\/Entrada_triunfal_em_Jerusal%C3%A9m\">Entrada triunfal em Jerusal\u00e9m<\/a><\/div>\n<p style=\"text-align: justify;\">Nos relatos evang\u00e9licos, a entrada triunfal de Jesus ocorre por volta de uma semana antes de\u00a0<a title=\"Ressurrei\u00e7\u00e3o de Jesus\" href=\"https:\/\/pt.wikipedia.org\/wiki\/Ressurrei%C3%A7%C3%A3o_de_Jesus\">sua ressurrei\u00e7\u00e3o<\/a>.<sup id=\"cite_ref-Boring256_3-0\" class=\"reference\"><a href=\"https:\/\/pt.wikipedia.org\/wiki\/Domingo_de_Ramos#cite_note-Boring256-3\">[3]<\/a><\/sup><sup id=\"cite_ref-CEvans381_4-0\" class=\"reference\"><a href=\"https:\/\/pt.wikipedia.org\/wiki\/Domingo_de_Ramos#cite_note-CEvans381-4\">[4]<\/a><\/sup><sup id=\"cite_ref-M133_5-0\" class=\"reference\"><a href=\"https:\/\/pt.wikipedia.org\/wiki\/Domingo_de_Ramos#cite_note-M133-5\">[5]<\/a><\/sup><sup id=\"cite_ref-CAEvans114_6-0\" class=\"reference\"><a href=\"https:\/\/pt.wikipedia.org\/wiki\/Domingo_de_Ramos#cite_note-CAEvans114-6\">[6]<\/a><\/sup><\/p>\n<p style=\"text-align: justify;\">De acordo com eles, Jesus chegou montado em um\u00a0<a class=\"mw-redirect\" title=\"Jumento\" href=\"https:\/\/pt.wikipedia.org\/wiki\/Jumento\">jumento<\/a>\u00a0em Jerusal\u00e9m e o povo, festivo, lan\u00e7ou seus mantos \u00e0 sua frente, assim como pequenos ramos de \u00e1rvores. A multid\u00e3o cantou parte de um\u00a0<a class=\"mw-redirect\" title=\"Livro dos Salmos\" href=\"https:\/\/pt.wikipedia.org\/wiki\/Livro_dos_Salmos\">salmo<\/a>\u00a0(<a class=\"extiw\" title=\"s:Tradu\u00e7\u00e3o Brasileira da B\u00edblia\/Salmos\/CXVIII\" href=\"https:\/\/pt.wikisource.org\/wiki\/Tradu%C3%A7%C3%A3o_Brasileira_da_B%C3%ADblia\/Salmos\/CXVIII#118:25\">Salmos 118:25\u201326<\/a>) \u2014\u00a0<i>&#8220;Salva-nos agora, te pedimos, \u00f3\u00a0<a title=\"Jav\u00e9\" href=\"https:\/\/pt.wikipedia.org\/wiki\/Jav%C3%A9\">Jav\u00e9<\/a>; \u00d3 Jav\u00e9, envia-nos agora a prosperidade. Bendito seja aquele que vem em nome de Jav\u00e9, Da casa de Jav\u00e9 vos aben\u00e7oamos&#8221;.<\/i><sup id=\"cite_ref-MacArthur17_7-0\" class=\"reference\"><a href=\"https:\/\/pt.wikipedia.org\/wiki\/Domingo_de_Ramos#cite_note-MacArthur17-7\">[7]<\/a><\/sup><sup id=\"cite_ref-Boring256_3-1\" class=\"reference\"><a href=\"https:\/\/pt.wikipedia.org\/wiki\/Domingo_de_Ramos#cite_note-Boring256-3\">[3]<\/a><\/sup><sup id=\"cite_ref-CEvans381_4-1\" class=\"reference\"><a href=\"https:\/\/pt.wikipedia.org\/wiki\/Domingo_de_Ramos#cite_note-CEvans381-4\">[4]<\/a><\/sup><sup id=\"cite_ref-M133_5-1\" class=\"reference\"><a href=\"https:\/\/pt.wikipedia.org\/wiki\/Domingo_de_Ramos#cite_note-M133-5\">[5]<\/a><\/sup><\/p>\n<p style=\"text-align: justify;\">O\u00a0<a title=\"Simbolismo\" href=\"https:\/\/pt.wikipedia.org\/wiki\/Simbolismo\">simbolismo<\/a>\u00a0do jumento pode ser uma refer\u00eancia \u00e0 tradi\u00e7\u00e3o oriental de que este \u00e9 um animal da paz, ao contr\u00e1rio do\u00a0<a title=\"Cavalo\" href=\"https:\/\/pt.wikipedia.org\/wiki\/Cavalo\">cavalo<\/a>, que seria um animal de guerra.<sup id=\"cite_ref-Allison120_8-0\" class=\"reference\"><a href=\"https:\/\/pt.wikipedia.org\/wiki\/Domingo_de_Ramos#cite_note-Allison120-8\">[8]<\/a><\/sup>\u00a0Segundo esta tradi\u00e7\u00e3o, um rei chegava montado num cavalo quando queria a guerra e num jumento quando procurava a paz. Portanto, a entrada de Jesus em Jerusal\u00e9m simbolizaria sua entrada como um &#8220;pr\u00edncipe da paz&#8221; e n\u00e3o um rei guerreiro.<sup id=\"cite_ref-Allison120_8-1\" class=\"reference\"><a href=\"https:\/\/pt.wikipedia.org\/wiki\/Domingo_de_Ramos#cite_note-Allison120-8\">[8]<\/a><\/sup><sup id=\"cite_ref-MacArthur17_7-1\" class=\"reference\"><a href=\"https:\/\/pt.wikipedia.org\/wiki\/Domingo_de_Ramos#cite_note-MacArthur17-7\">[7]<\/a><\/sup><\/p>\n<figure class=\"mw-halign-right\" style=\"text-align: justify;\"><a class=\"mw-file-description\" href=\"https:\/\/pt.wikipedia.org\/wiki\/Ficheiro:Enrique_Simonet_-_Flevit_super_illam_1892.jpg\"><img loading=\"lazy\" decoding=\"async\" class=\"mw-file-element\" src=\"https:\/\/upload.wikimedia.org\/wikipedia\/commons\/thumb\/8\/89\/Enrique_Simonet_-_Flevit_super_illam_1892.jpg\/400px-Enrique_Simonet_-_Flevit_super_illam_1892.jpg\" srcset=\"\/\/upload.wikimedia.org\/wikipedia\/commons\/thumb\/8\/89\/Enrique_Simonet_-_Flevit_super_illam_1892.jpg\/600px-Enrique_Simonet_-_Flevit_super_illam_1892.jpg 1.5x, \/\/upload.wikimedia.org\/wikipedia\/commons\/thumb\/8\/89\/Enrique_Simonet_-_Flevit_super_illam_1892.jpg\/800px-Enrique_Simonet_-_Flevit_super_illam_1892.jpg 2x\" width=\"400\" height=\"217\" data-file-width=\"2952\" data-file-height=\"1603\" \/><\/a><figcaption><i>Flevit super illam<\/i>.<br \/>\n<small>1892.\u00a0<a class=\"mw-redirect\" title=\"\u00d3leo sobre tela\" href=\"https:\/\/pt.wikipedia.org\/wiki\/%C3%93leo_sobre_tela\">\u00d3leo sobre tela<\/a>\u00a0por\u00a0<a title=\"Enrique Simonet\" href=\"https:\/\/pt.wikipedia.org\/wiki\/Enrique_Simonet\">Enrique Simonet<\/a>\u00a0(<a title=\"Museu do Prado\" href=\"https:\/\/pt.wikipedia.org\/wiki\/Museu_do_Prado\">Museu do Prado<\/a>,\u00a0<a title=\"Madrid\" href=\"https:\/\/pt.wikipedia.org\/wiki\/Madrid\">Madrid<\/a>,\u00a0<a title=\"Espanha\" href=\"https:\/\/pt.wikipedia.org\/wiki\/Espanha\">Espanha<\/a>).<\/small><\/figcaption><\/figure>\n<p style=\"text-align: justify;\">Em\u00a0<a class=\"extiw\" title=\"s:Tradu\u00e7\u00e3o Brasileira da B\u00edblia\/Lucas\/XIX\" href=\"https:\/\/pt.wikisource.org\/wiki\/Tradu%C3%A7%C3%A3o_Brasileira_da_B%C3%ADblia\/Lucas\/XIX#19:41\">Lucas 19:41<\/a>, conforme Jesus se aproxima de Jerusal\u00e9m, ele olha para a cidade e chora por ela (no evento conhecido como em\u00a0<a title=\"Latim\" href=\"https:\/\/pt.wikipedia.org\/wiki\/Latim\">latim<\/a>:\u00a0<i><b>Flevit super illam<\/b><\/i>), j\u00e1 prevendo o sofrimento a que passar\u00e1 a cidade.<\/p>\n<p style=\"text-align: justify;\">Em muitos lugares no\u00a0<a title=\"Oriente Pr\u00f3ximo\" href=\"https:\/\/pt.wikipedia.org\/wiki\/Oriente_Pr%C3%B3ximo\">Oriente Pr\u00f3ximo<\/a>\u00a0antigo, era costumeiro cobrir de alguma forma o caminho \u00e0 frente de algu\u00e9m que merecesse grandes honras. A\u00a0<a title=\"Tanakh\" href=\"https:\/\/pt.wikipedia.org\/wiki\/Tanakh\">B\u00edblia hebraica<\/a>\u00a0(<a class=\"extiw\" title=\"s:Tradu\u00e7\u00e3o Brasileira da B\u00edblia\/II Reis\/IX\" href=\"https:\/\/pt.wikisource.org\/wiki\/Tradu%C3%A7%C3%A3o_Brasileira_da_B%C3%ADblia\/II_Reis\/IX#9:13\">II Reis 9:13<\/a>) relatam que\u00a0<a title=\"Je\u00fa\" href=\"https:\/\/pt.wikipedia.org\/wiki\/Je%C3%BA\">Je\u00fa<\/a>, filho de\u00a0<a class=\"mw-redirect\" title=\"Josaf\u00e1\" href=\"https:\/\/pt.wikipedia.org\/wiki\/Josaf%C3%A1\">Josaf\u00e1<\/a>, recebeu este tratamento. Tanto nos\u00a0<a class=\"mw-redirect\" title=\"Evangelhos sin\u00f3ticos\" href=\"https:\/\/pt.wikipedia.org\/wiki\/Evangelhos_sin%C3%B3ticos\">evangelhos sin\u00f3ticos<\/a>\u00a0quanto o\u00a0<a class=\"mw-redirect\" title=\"Evangelho de Jo\u00e3o\" href=\"https:\/\/pt.wikipedia.org\/wiki\/Evangelho_de_Jo%C3%A3o\">Evangelho de Jo\u00e3o<\/a>\u00a0reportam que a multid\u00e3o conferiu a Jesus esta honraria. Por\u00e9m, nos sin\u00f3ticos, o povo aparece lan\u00e7ando suas vestes e\u00a0<a title=\"Juncus\" href=\"https:\/\/pt.wikipedia.org\/wiki\/Juncus\">juncos<\/a>\u00a0cortados na rua, enquanto que em Jo\u00e3o, mais especificamente, menciona ramos de palmeira. Estes eram s\u00edmbolos de triunfo e vit\u00f3ria na tradi\u00e7\u00e3o judaica e aparecem em outros lugares da B\u00edblia (<a class=\"extiw\" title=\"s:Tradu\u00e7\u00e3o Brasileira da B\u00edblia\/Lev\u00edtico\/XXIII\" href=\"https:\/\/pt.wikisource.org\/wiki\/Tradu%C3%A7%C3%A3o_Brasileira_da_B%C3%ADblia\/Lev%C3%ADtico\/XXIII#23:40\">Lev\u00edtico 23:40<\/a>\u00a0e\u00a0<a class=\"extiw\" title=\"s:Tradu\u00e7\u00e3o Brasileira da B\u00edblia\/Apocalipse\/VII\" href=\"https:\/\/pt.wikisource.org\/wiki\/Tradu%C3%A7%C3%A3o_Brasileira_da_B%C3%ADblia\/Apocalipse\/VII#7:9\">Apocalipse 7:9<\/a>, por ex.). Por causa disto, a cena do povo recebendo Jesus com as palmas e cobrindo seu caminho com elas e com suas vestes se torna simb\u00f3lica e importante.<\/p>\n<figure class=\"mw-halign-left\" style=\"text-align: justify;\"><a class=\"mw-file-description\" href=\"https:\/\/pt.wikipedia.org\/wiki\/Ficheiro:Domingo_de_Ramos,_Cofrad%C3%ADa_de_la_Entrada_(Zaragoza).jpg\"><img loading=\"lazy\" decoding=\"async\" class=\"mw-file-element\" src=\"https:\/\/upload.wikimedia.org\/wikipedia\/commons\/thumb\/6\/62\/Domingo_de_Ramos%2C_Cofrad%C3%ADa_de_la_Entrada_%28Zaragoza%29.jpg\/230px-Domingo_de_Ramos%2C_Cofrad%C3%ADa_de_la_Entrada_%28Zaragoza%29.jpg\" srcset=\"\/\/upload.wikimedia.org\/wikipedia\/commons\/thumb\/6\/62\/Domingo_de_Ramos%2C_Cofrad%C3%ADa_de_la_Entrada_%28Zaragoza%29.jpg\/345px-Domingo_de_Ramos%2C_Cofrad%C3%ADa_de_la_Entrada_%28Zaragoza%29.jpg 1.5x, \/\/upload.wikimedia.org\/wikipedia\/commons\/thumb\/6\/62\/Domingo_de_Ramos%2C_Cofrad%C3%ADa_de_la_Entrada_%28Zaragoza%29.jpg\/460px-Domingo_de_Ramos%2C_Cofrad%C3%ADa_de_la_Entrada_%28Zaragoza%29.jpg 2x\" width=\"230\" height=\"173\" data-file-width=\"2560\" data-file-height=\"1920\" \/><\/a><figcaption>Domingo de Ramos em\u00a0<a title=\"Sarago\u00e7a\" href=\"https:\/\/pt.wikipedia.org\/wiki\/Sarago%C3%A7a\">Sarago\u00e7a<\/a>,\u00a0<a title=\"Espanha\" href=\"https:\/\/pt.wikipedia.org\/wiki\/Espanha\">Espanha<\/a>.<\/figcaption><\/figure>\n<h2 style=\"text-align: justify;\"><span id=\"Liturgia\" class=\"mw-headline\">Liturgia<\/span><\/h2>\n<figure class=\"mw-default-size\" style=\"text-align: justify;\"><a class=\"mw-file-description\" href=\"https:\/\/pt.wikipedia.org\/wiki\/Ficheiro:Palmsonntag_in_Osttimor_2019.jpg\"><img loading=\"lazy\" decoding=\"async\" class=\"mw-file-element\" src=\"https:\/\/upload.wikimedia.org\/wikipedia\/commons\/thumb\/a\/a6\/Palmsonntag_in_Osttimor_2019.jpg\/220px-Palmsonntag_in_Osttimor_2019.jpg\" srcset=\"\/\/upload.wikimedia.org\/wikipedia\/commons\/thumb\/a\/a6\/Palmsonntag_in_Osttimor_2019.jpg\/330px-Palmsonntag_in_Osttimor_2019.jpg 1.5x, \/\/upload.wikimedia.org\/wikipedia\/commons\/thumb\/a\/a6\/Palmsonntag_in_Osttimor_2019.jpg\/440px-Palmsonntag_in_Osttimor_2019.jpg 2x\" width=\"220\" height=\"147\" data-file-width=\"1944\" data-file-height=\"1296\" \/><\/a><figcaption>Domingo de Ramos em\u00a0<a title=\"Timor-Leste\" href=\"https:\/\/pt.wikipedia.org\/wiki\/Timor-Leste\">Timor-Leste<\/a><\/figcaption><\/figure>\n<h3 style=\"text-align: justify;\"><span id=\"Ocidente\" class=\"mw-headline\">Ocidente<\/span><\/h3>\n<p style=\"text-align: justify;\">A celebra\u00e7\u00e3o do Domingo de Ramos come\u00e7a em uma capela ou igreja afastada de onde ser\u00e1 rezada a Missa. Os ramos que os fi\u00e9is levam consigo s\u00e3o aben\u00e7oados pelo sacerdote. Ent\u00e3o, este proclama o Evangelho da entrada de Jesus em Jerusal\u00e9m, e inicia-se a\u00a0<a title=\"Prociss\u00e3o\" href=\"https:\/\/pt.wikipedia.org\/wiki\/Prociss%C3%A3o\">prociss\u00e3o<\/a>\u00a0com algumas ora\u00e7\u00f5es pr\u00f3prias da festa, rumo \u00e0 igreja principal ou\u00a0<a title=\"Igreja matriz\" href=\"https:\/\/pt.wikipedia.org\/wiki\/Igreja_matriz\">matriz<\/a>. Nesta prociss\u00e3o, canta-se o solene canto chamado &#8220;Hino ao Cristo Redentor&#8221;:<\/p>\n<blockquote><p><i>Gl\u00f3ria, louvor, honra a ti, \u00f3 Cristo Rei, redentor. Sobe a ti piedoso hosana, dos pequenos o clamor!\u00a0<\/i><i>De Israel rei esperado: de Davi ilustre filho; o Senhor \u00e9 que te envia, ouve pois nosso estribilho. Todos juntos te celebram, quer na terra ou nas alturas; cantam todos teus louvores, anjos, homens, criaturas. Veio a ti o povo hebreu, com seus ramos, suas palmas; tamb\u00e9m hoje te trazemos nossos hinos, nossas almas. Festejam a tua entrada, que ao Calv\u00e1rio conduzia; mas agora que tu reinas maior \u00e9 nossa alegria. Agradaram-te os seus hinos, nossos hinos igualmente; o que \u00e9 bom tu sempre acolhes, Rei bondoso, Rei clemente.<\/i>\u00a0<sup id=\"cite_ref-:0_2-1\" class=\"reference\"><a href=\"https:\/\/pt.wikipedia.org\/wiki\/Domingo_de_Ramos#cite_note-:0-2\">[2]<\/a><\/sup><\/p><\/blockquote>\n<p style=\"text-align: justify;\">Em algumas cidades como\u00a0<a title=\"Ouro Preto\" href=\"https:\/\/pt.wikipedia.org\/wiki\/Ouro_Preto\">Ouro Preto<\/a>,\u00a0<a title=\"Piren\u00f3polis\" href=\"https:\/\/pt.wikipedia.org\/wiki\/Piren%C3%B3polis\">Piren\u00f3polis<\/a>,\u00a0<a title=\"Resende Costa\" href=\"https:\/\/pt.wikipedia.org\/wiki\/Resende_Costa\">Resende Costa<\/a>\u00a0e\u00a0<a class=\"mw-redirect\" title=\"S\u00e3o Jo\u00e3o Del Rei\" href=\"https:\/\/pt.wikipedia.org\/wiki\/S%C3%A3o_Jo%C3%A3o_Del_Rei\">S\u00e3o Jo\u00e3o Del Rei<\/a>, esta prociss\u00e3o \u00e9 acompanhada de banda de m\u00fasica. Ao chegar onde ser\u00e1 celebrada a\u00a0<a class=\"mw-redirect\" title=\"Missa solene\" href=\"https:\/\/pt.wikipedia.org\/wiki\/Missa_solene\">missa solene<\/a>, a festa muda de car\u00e1ter, passando a celebrar a\u00a0<a class=\"mw-redirect\" title=\"Paix\u00e3o de Cristo\" href=\"https:\/\/pt.wikipedia.org\/wiki\/Paix%C3%A3o_de_Cristo\">Paix\u00e3o de Cristo<\/a>. \u00c9 narrado o Evangelho da Paix\u00e3o, e segue a\u00a0<a class=\"mw-redirect\" title=\"Liturgia Eucar\u00edstica\" href=\"https:\/\/pt.wikipedia.org\/wiki\/Liturgia_Eucar%C3%ADstica\">Liturgia Eucar\u00edstica<\/a>\u00a0como de costume.<\/p>\n<figure style=\"text-align: justify;\"><a class=\"mw-file-description\" href=\"https:\/\/pt.wikipedia.org\/wiki\/Ficheiro:Irmandade_do_Santissimo_Pirenopolis_-_Ramos_2015.jpg\"><img loading=\"lazy\" decoding=\"async\" class=\"mw-file-element\" src=\"https:\/\/upload.wikimedia.org\/wikipedia\/commons\/thumb\/6\/6a\/Irmandade_do_Santissimo_Pirenopolis_-_Ramos_2015.jpg\/250px-Irmandade_do_Santissimo_Pirenopolis_-_Ramos_2015.jpg\" srcset=\"\/\/upload.wikimedia.org\/wikipedia\/commons\/thumb\/6\/6a\/Irmandade_do_Santissimo_Pirenopolis_-_Ramos_2015.jpg\/375px-Irmandade_do_Santissimo_Pirenopolis_-_Ramos_2015.jpg 1.5x, \/\/upload.wikimedia.org\/wikipedia\/commons\/thumb\/6\/6a\/Irmandade_do_Santissimo_Pirenopolis_-_Ramos_2015.jpg\/500px-Irmandade_do_Santissimo_Pirenopolis_-_Ramos_2015.jpg 2x\" width=\"250\" height=\"188\" data-file-width=\"5152\" data-file-height=\"3864\" \/><\/a><figcaption>Prociss\u00e3o de Ramos em\u00a0<a title=\"Piren\u00f3polis\" href=\"https:\/\/pt.wikipedia.org\/wiki\/Piren%C3%B3polis\">Piren\u00f3polis<\/a>, celebra\u00e7\u00e3o realizada na localidade desde 1728 pela\u00a0<a class=\"mw-redirect\" title=\"Irmandade do Sant\u00edssimo (Piren\u00f3polis)\" href=\"https:\/\/pt.wikipedia.org\/wiki\/Irmandade_do_Sant%C3%ADssimo_(Piren%C3%B3polis)\">Irmandade do Sant\u00edssimo Sacramento<\/a>\u00a0de\u00a0<a title=\"Piren\u00f3polis\" href=\"https:\/\/pt.wikipedia.org\/wiki\/Piren%C3%B3polis\">Piren\u00f3polis<\/a>.<\/figcaption><\/figure>\n<p style=\"text-align: justify;\">O sentido da festa do Domingo de Ramos tratar tanto da entrada triunfal de\u00a0<a title=\"Cristo\" href=\"https:\/\/pt.wikipedia.org\/wiki\/Cristo\">Cristo<\/a>\u00a0em\u00a0<a title=\"Jerusal\u00e9m\" href=\"https:\/\/pt.wikipedia.org\/wiki\/Jerusal%C3%A9m\">Jerusal\u00e9m<\/a>, e depois recordar sua Paix\u00e3o, \u00e9 que essas duas datas est\u00e3o intensamente unidas. A Igreja recorda que o mesmo Cristo que foi aclamado como rei pela multid\u00e3o no domingo, \u00e9\u00a0<a title=\"Crucifica\u00e7\u00e3o de Jesus\" href=\"https:\/\/pt.wikipedia.org\/wiki\/Crucifica%C3%A7%C3%A3o_de_Jesus\">crucificado<\/a>\u00a0sob o pedido da mesma multid\u00e3o na sexta. Assim, o Domingo de Ramos \u00e9 um resumo dos acontecimentos da\u00a0<a title=\"Semana Santa\" href=\"https:\/\/pt.wikipedia.org\/wiki\/Semana_Santa\">Semana Santa<\/a>\u00a0e tamb\u00e9m sua solene abertura.<\/p>\n<p style=\"text-align: justify;\">Em muitas igrejas, as folhas de palmeira s\u00e3o guardadas para serem queimadas na\u00a0<a class=\"mw-redirect\" title=\"Quarta-feira de Cinzas\" href=\"https:\/\/pt.wikipedia.org\/wiki\/Quarta-feira_de_Cinzas\">Quarta-feira de Cinzas<\/a>\u00a0do ano seguinte.<\/p>\n<p style=\"text-align: justify;\">Em algumas regi\u00f5es n\u00e3o h\u00e1 palmeiras, pelo que s\u00e3o utilizados os ramos de outras \u00e1rvores, tais como o loureiro ou a oliveira.<\/p>\n<p style=\"text-align: justify;\">A\u00a0<a title=\"Igreja Cat\u00f3lica\" href=\"https:\/\/pt.wikipedia.org\/wiki\/Igreja_Cat%C3%B3lica\">Igreja Cat\u00f3lica<\/a>\u00a0considera as folhas aben\u00e7oadas como sagradas.<\/p>\n<h3 style=\"text-align: justify;\"><span id=\"Oriente\" class=\"mw-headline\">Oriente<\/span><\/h3>\n<p style=\"text-align: justify;\">Na\u00a0<a title=\"Igreja Ortodoxa\" href=\"https:\/\/pt.wikipedia.org\/wiki\/Igreja_Ortodoxa\">Igreja Ortodoxa<\/a>, o Domingo de Ramos \u00e9 geralmente chamado de &#8220;Entrada do Senhor em Jerusal\u00e9m&#8221; e \u00e9 uma das\u00a0<a class=\"mw-redirect\" title=\"Doze Grandes Festas\" href=\"https:\/\/pt.wikipedia.org\/wiki\/Doze_Grandes_Festas\">Doze Grandes Festas<\/a>\u00a0do\u00a0<a title=\"Ano lit\u00fargico\" href=\"https:\/\/pt.wikipedia.org\/wiki\/Ano_lit%C3%BArgico\">ano lit\u00fargico<\/a>, al\u00e9m de marcar o in\u00edcio da\u00a0<a title=\"Semana Santa\" href=\"https:\/\/pt.wikipedia.org\/wiki\/Semana_Santa\">Semana Santa<\/a>. O dia anterior \u00e9 conhecido como\u00a0<a title=\"S\u00e1bado de L\u00e1zaro\" href=\"https:\/\/pt.wikipedia.org\/wiki\/S%C3%A1bado_de_L%C3%A1zaro\">S\u00e1bado de L\u00e1zaro<\/a>\u00a0e comemora a\u00a0<a title=\"Ressurrei\u00e7\u00e3o de L\u00e1zaro\" href=\"https:\/\/pt.wikipedia.org\/wiki\/Ressurrei%C3%A7%C3%A3o_de_L%C3%A1zaro\">ressurrei\u00e7\u00e3o de L\u00e1zaro<\/a>. Ao contr\u00e1rio do ocidente, o Domingo de Ramos n\u00e3o \u00e9 considerado como parte da\u00a0<a title=\"Quaresma\" href=\"https:\/\/pt.wikipedia.org\/wiki\/Quaresma\">Quaresma<\/a>, com a chamada\u00a0<a class=\"new\" title=\"Grande Quaresma (p\u00e1gina n\u00e3o existe)\" href=\"https:\/\/pt.wikipedia.org\/w\/index.php?title=Grande_Quaresma&amp;action=edit&amp;redlink=1\">Grande Quaresma<\/a>\u00a0ortodoxa terminando na sexta anterior. O S\u00e1bado de L\u00e1zaro, Domingo de Ramos e a Semana Santa s\u00e3o considerados como um per\u00edodo separado de\u00a0<a title=\"Jejum\" href=\"https:\/\/pt.wikipedia.org\/wiki\/Jejum\">jejuns<\/a>. No s\u00e1bado, os fi\u00e9is geralmente preparam as folhas de palmeira tran\u00e7ando-as na forma de cruzes antes da\u00a0<a title=\"Prociss\u00e3o\" href=\"https:\/\/pt.wikipedia.org\/wiki\/Prociss%C3%A3o\">prociss\u00e3o<\/a>\u00a0no domingo. A decora\u00e7\u00e3o das igrejas e as vestimentas dos sacerdotes s\u00e3o alteradas para uma cor festiva \u2014 dourado na\u00a0<a title=\"Igreja Ortodoxa Grega\" href=\"https:\/\/pt.wikipedia.org\/wiki\/Igreja_Ortodoxa_Grega\">tradi\u00e7\u00e3o grega<\/a>\u00a0e verde nas\u00a0<a title=\"Eslavos\" href=\"https:\/\/pt.wikipedia.org\/wiki\/Eslavos\">eslavas<\/a>.<\/p>\n<p style=\"text-align: justify;\">O Trop\u00e1rio da festa indica que a ressurrei\u00e7\u00e3o de L\u00e1zaro \u00e9 uma vers\u00e3o anterior da ressurrei\u00e7\u00e3o do pr\u00f3prio Jesus.<\/p>\n<p style=\"text-align: justify;\">N\u00e3o h\u00e1 nenhum requisito\u00a0<a class=\"mw-redirect\" title=\"Direito can\u00f4nico\" href=\"https:\/\/pt.wikipedia.org\/wiki\/Direito_can%C3%B4nico\">can\u00f4nico<\/a>\u00a0sobre que tipo de ramo deve ser usado e, por isso, alguns ortodoxos se utilizam de\u00a0<a title=\"Oliveira\" href=\"https:\/\/pt.wikipedia.org\/wiki\/Oliveira\">oliveiras<\/a>\u00a0ou ramos de\u00a0<a title=\"Salgueiro\" href=\"https:\/\/pt.wikipedia.org\/wiki\/Salgueiro\">salgueiros<\/a>. Seja qual for o tipo, estes ramos s\u00e3o aben\u00e7oados e distribu\u00eddos com velas seja durante a Vig\u00edlia da Noite Inteira na v\u00e9spera da festa (s\u00e1bado \u00e0 noite) ou antes da\u00a0<a title=\"Divina Liturgia\" href=\"https:\/\/pt.wikipedia.org\/wiki\/Divina_Liturgia\">Divina Liturgia<\/a>\u00a0no domingo de manh\u00e3. A grande abertura da Divina Liturgia comemora a &#8220;Entrada do Senhor em Jerusal\u00e9m&#8221; e, assim, a signific\u00e2ncia do momento \u00e9 sublinhada no Domingo de Ramos pela multid\u00e3o de p\u00e9, segurando os ramos e as velas acesas. Os fi\u00e9is levam depois os ramos e velas para casa ap\u00f3s o servi\u00e7o religioso e os preservam como &#8220;ben\u00e7\u00e3os&#8221;.<\/p>\n<p style=\"text-align: justify;\">Na\u00a0<a title=\"R\u00fassia\" href=\"https:\/\/pt.wikipedia.org\/wiki\/R%C3%BAssia\">R\u00fassia<\/a>, prociss\u00f5es eram realizadas em diversas cidades, principalmente em Novigorode, entre\u00a0<a title=\"1558\" href=\"https:\/\/pt.wikipedia.org\/wiki\/1558\">1558<\/a>\u00a0e\u00a0<a title=\"1693\" href=\"https:\/\/pt.wikipedia.org\/wiki\/1693\">1693<\/a>, em\u00a0<a class=\"mw-redirect\" title=\"Moscou\" href=\"https:\/\/pt.wikipedia.org\/wiki\/Moscou\">Moscou<\/a>. Ela aparecia de forma proeminente no relato de testemunhas e era mencionada nos mapas ocidentais contempor\u00e2neos. O\u00a0<a class=\"mw-redirect\" title=\"Patriarca de Moscou\" href=\"https:\/\/pt.wikipedia.org\/wiki\/Patriarca_de_Moscou\">patriarca de Moscou<\/a>, representando\u00a0<a title=\"Cristo\" href=\"https:\/\/pt.wikipedia.org\/wiki\/Cristo\">Cristo<\/a>, montava num &#8220;jumento&#8221; (um cavalo vestido com panos brancos na realidade); o\u00a0<a class=\"mw-redirect\" title=\"Czar da R\u00fassia\" href=\"https:\/\/pt.wikipedia.org\/wiki\/Czar_da_R%C3%BAssia\">Czar da R\u00fassia<\/a>\u00a0humildemente liderava a prociss\u00e3o a p\u00e9. Originalmente, as prociss\u00f5es em Moscou come\u00e7avam dentro do\u00a0<a title=\"Kremlin\" href=\"https:\/\/pt.wikipedia.org\/wiki\/Kremlin\">Kremlin<\/a>\u00a0e terminavam na Igreja da Trindade, atualmente conhecida como\u00a0<a title=\"Catedral de S\u00e3o Bas\u00edlio\" href=\"https:\/\/pt.wikipedia.org\/wiki\/Catedral_de_S%C3%A3o_Bas%C3%ADlio\">Catedral de S\u00e3o Bas\u00edlio<\/a>, mas, em\u00a0<a title=\"1658\" href=\"https:\/\/pt.wikipedia.org\/wiki\/1658\">1658<\/a>, o patriarca Nikon inverteu a ordem da prociss\u00e3o.\u00a0<a title=\"Pedro I da R\u00fassia\" href=\"https:\/\/pt.wikipedia.org\/wiki\/Pedro_I_da_R%C3%BAssia\">Pedro I<\/a>, como parte da nacionaliza\u00e7\u00e3o da igreja, acabou com o costume, com tentativas de recria\u00e7\u00e3o aparecendo novamente no s\u00e9culo XXI.<\/p>\n<p style=\"text-align: justify;\">Nas\u00a0<a title=\"Igrejas ortodoxas orientais\" href=\"https:\/\/pt.wikipedia.org\/wiki\/Igrejas_ortodoxas_orientais\">Igrejas ortodoxas orientais<\/a>, as folhas de palmeira s\u00e3o distribu\u00eddas na frente da igreja, nas escadarias e os santu\u00e1rios s\u00e3o todos decorados com flores. A congrega\u00e7\u00e3o ent\u00e3o realiza a prociss\u00e3o atrav\u00e9s da igreja e fora dela.<\/p>\n<p>Fonte: https:\/\/pt.wikipedia.org\/wiki\/Domingo_de_Ramos<\/p>\n","protected":false},"excerpt":{"rendered":"<p>Domingo de Ramos\u00a0\u00e9 uma\u00a0festa m\u00f3vel\u00a0crist\u00e3 celebrada no domingo anterior \u00e0\u00a0P\u00e1scoa. A festa comemora a\u00a0entrada triunfal de Jesus em Jerusal\u00e9m, um evento da\u00a0vida de Jesus\u00a0mencionado nos quatro\u00a0evangelhos can\u00f4nicos\u00a0(Marcos 11:1\u201310,\u00a0Mateus 21:1\u201311,\u00a0Lucas 19:28\u201344\u00a0e\u00a0Jo\u00e3o 12:12\u201319). Diz a tradi\u00e7\u00e3o que\u00a0Jesus\u00a0teria entrado pela porta dourada de\u00a0Jerusal\u00e9m.[1]\u00a0Na\u00a0liturgia\u00a0romana, este dia \u00e9 denominado de &#8220;Domingo de Ramos e da Paix\u00e3o do Senhor&#8221;.[2]\u00a0A liturgia cat\u00f3lica [&hellip;]<\/p>\n","protected":false},"author":1,"featured_media":85204,"comment_status":"closed","ping_status":"open","sticky":false,"template":"","format":"standard","meta":{"footnotes":""},"categories":[110,118],"tags":[],"class_list":["post-85203","post","type-post","status-publish","format-standard","has-post-thumbnail","hentry","category-noticiasdestaque","category-religiaoesolidariedade"],"_links":{"self":[{"href":"https:\/\/jorgezanoni.com.br\/2019\/wp-json\/wp\/v2\/posts\/85203","targetHints":{"allow":["GET"]}}],"collection":[{"href":"https:\/\/jorgezanoni.com.br\/2019\/wp-json\/wp\/v2\/posts"}],"about":[{"href":"https:\/\/jorgezanoni.com.br\/2019\/wp-json\/wp\/v2\/types\/post"}],"author":[{"embeddable":true,"href":"https:\/\/jorgezanoni.com.br\/2019\/wp-json\/wp\/v2\/users\/1"}],"replies":[{"embeddable":true,"href":"https:\/\/jorgezanoni.com.br\/2019\/wp-json\/wp\/v2\/comments?post=85203"}],"version-history":[{"count":1,"href":"https:\/\/jorgezanoni.com.br\/2019\/wp-json\/wp\/v2\/posts\/85203\/revisions"}],"predecessor-version":[{"id":85205,"href":"https:\/\/jorgezanoni.com.br\/2019\/wp-json\/wp\/v2\/posts\/85203\/revisions\/85205"}],"wp:featuredmedia":[{"embeddable":true,"href":"https:\/\/jorgezanoni.com.br\/2019\/wp-json\/wp\/v2\/media\/85204"}],"wp:attachment":[{"href":"https:\/\/jorgezanoni.com.br\/2019\/wp-json\/wp\/v2\/media?parent=85203"}],"wp:term":[{"taxonomy":"category","embeddable":true,"href":"https:\/\/jorgezanoni.com.br\/2019\/wp-json\/wp\/v2\/categories?post=85203"},{"taxonomy":"post_tag","embeddable":true,"href":"https:\/\/jorgezanoni.com.br\/2019\/wp-json\/wp\/v2\/tags?post=85203"}],"curies":[{"name":"wp","href":"https:\/\/api.w.org\/{rel}","templated":true}]}}