{"id":85190,"date":"2024-03-23T20:03:56","date_gmt":"2024-03-23T20:03:56","guid":{"rendered":"https:\/\/jorgezanoni.com.br\/2019\/?p=85190"},"modified":"2024-03-23T20:03:56","modified_gmt":"2024-03-23T20:03:56","slug":"policia-civil-promove-palestra-sobre-violencia-domestica-para-mulheres-do-projeto-da-associacao-sao-francisco-de-assis-em-dracena","status":"publish","type":"post","link":"https:\/\/jorgezanoni.com.br\/2019\/policia-civil-promove-palestra-sobre-violencia-domestica-para-mulheres-do-projeto-da-associacao-sao-francisco-de-assis-em-dracena\/","title":{"rendered":"Pol\u00edcia Civil promove palestra sobre viol\u00eancia dom\u00e9stica para mulheres do Projeto da Associa\u00e7\u00e3o S\u00e3o Francisco de Assis em Dracena"},"content":{"rendered":"<p style=\"text-align: justify;\">A Pol\u00edcia Civil, por meio da Delegacia de Defesa da Mulher &#8211; DDM, com o apoio da Delegacia Seccional de Pol\u00edcia de Dracena, realizou uma palestra nesta quinta-feira (21) sobre a Lei Maria da Penha e a preven\u00e7\u00e3o \u00e0 viol\u00eancia dom\u00e9stica e familiar contra as mulheres, como parte das atividades do m\u00eas em comemora\u00e7\u00e3o ao Dia Internacional da Mulher. O evento ocorreu no sal\u00e3o de eventos da Associa\u00e7\u00e3o S\u00e3o Francisco de Assis &#8211; ASFA, em Dracena\/SP, e foi direcionado \u00e0s mulheres atendidas por essa institui\u00e7\u00e3o.<\/p>\n<p style=\"text-align: justify;\">Durante a palestra, a Dra. Luciana Nunes Falc\u00e3o Mendes, Delegada de Pol\u00edcia titular da DDM, abordou o tema da viol\u00eancia dom\u00e9stica, discutiu o Protocolo N\u00e3o se Cale e ressaltou a import\u00e2ncia de todos os presentes se tornarem disseminadores das informa\u00e7\u00f5es relevantes.<\/p>\n<p style=\"text-align: justify;\">Ao t\u00e9rmino da apresenta\u00e7\u00e3o, foi aberto um espa\u00e7o para perguntas, o que possibilitou esclarecimentos adicionais sobre o tema e contribuiu para o enriquecimento do conhecimento das mulheres participantes do projeto.<\/p>\n<p>Fonte: Com. Social Pol\u00edcia Civil<\/p>\n","protected":false},"excerpt":{"rendered":"<p>A Pol\u00edcia Civil, por meio da Delegacia de Defesa da Mulher &#8211; DDM, com o apoio da Delegacia Seccional de Pol\u00edcia de Dracena, realizou uma palestra nesta quinta-feira (21) sobre a Lei Maria da Penha e a preven\u00e7\u00e3o \u00e0 viol\u00eancia dom\u00e9stica e familiar contra as mulheres, como parte das atividades do m\u00eas em comemora\u00e7\u00e3o ao [&hellip;]<\/p>\n","protected":false},"author":1,"featured_media":85191,"comment_status":"closed","ping_status":"open","sticky":false,"template":"","format":"standard","meta":{"footnotes":""},"categories":[110,2],"tags":[],"class_list":["post-85190","post","type-post","status-publish","format-standard","has-post-thumbnail","hentry","category-noticiasdestaque","category-policial"],"_links":{"self":[{"href":"https:\/\/jorgezanoni.com.br\/2019\/wp-json\/wp\/v2\/posts\/85190","targetHints":{"allow":["GET"]}}],"collection":[{"href":"https:\/\/jorgezanoni.com.br\/2019\/wp-json\/wp\/v2\/posts"}],"about":[{"href":"https:\/\/jorgezanoni.com.br\/2019\/wp-json\/wp\/v2\/types\/post"}],"author":[{"embeddable":true,"href":"https:\/\/jorgezanoni.com.br\/2019\/wp-json\/wp\/v2\/users\/1"}],"replies":[{"embeddable":true,"href":"https:\/\/jorgezanoni.com.br\/2019\/wp-json\/wp\/v2\/comments?post=85190"}],"version-history":[{"count":1,"href":"https:\/\/jorgezanoni.com.br\/2019\/wp-json\/wp\/v2\/posts\/85190\/revisions"}],"predecessor-version":[{"id":85192,"href":"https:\/\/jorgezanoni.com.br\/2019\/wp-json\/wp\/v2\/posts\/85190\/revisions\/85192"}],"wp:featuredmedia":[{"embeddable":true,"href":"https:\/\/jorgezanoni.com.br\/2019\/wp-json\/wp\/v2\/media\/85191"}],"wp:attachment":[{"href":"https:\/\/jorgezanoni.com.br\/2019\/wp-json\/wp\/v2\/media?parent=85190"}],"wp:term":[{"taxonomy":"category","embeddable":true,"href":"https:\/\/jorgezanoni.com.br\/2019\/wp-json\/wp\/v2\/categories?post=85190"},{"taxonomy":"post_tag","embeddable":true,"href":"https:\/\/jorgezanoni.com.br\/2019\/wp-json\/wp\/v2\/tags?post=85190"}],"curies":[{"name":"wp","href":"https:\/\/api.w.org\/{rel}","templated":true}]}}