{"id":85187,"date":"2024-03-23T19:50:02","date_gmt":"2024-03-23T19:50:02","guid":{"rendered":"https:\/\/jorgezanoni.com.br\/2019\/?p=85187"},"modified":"2024-03-23T19:50:02","modified_gmt":"2024-03-23T19:50:02","slug":"policia-militar-prende-homem-por-trafico-de-drogas-em-dracena-15","status":"publish","type":"post","link":"https:\/\/jorgezanoni.com.br\/2019\/policia-militar-prende-homem-por-trafico-de-drogas-em-dracena-15\/","title":{"rendered":"Pol\u00edcia Militar prende homem por Tr\u00e1fico de Drogas em Dracena"},"content":{"rendered":"<p style=\"text-align: justify;\">Na data de ontem (22), por volta das 15h49 min, Policiais Militares do 25\u00ba Batalh\u00e3o de Pol\u00edcia Militar do Interior, prenderam homem por tr\u00e1fico de drogas em Dracena.<br \/>\nEquipe de For\u00e7a T\u00e1tica, em patrulhamento , visualizaram as margens da rodovia SP-294, um ve\u00edculo sendo retirado de cima de um guincho e em volta, algumas pessoas que ao notarem a presen\u00e7a da equipe agiram de forma suspeita, chamando a aten\u00e7\u00e3o dos policiais. Ao realizar a abordagem, um homem, 32 anos, identificou-se sendo propriet\u00e1rio do ve\u00edculo e morador da cidade de Salmour\u00e3o , relatou ainda que no interior do ve\u00edculo tinha uma certa quantidade de drogas no compartimento do filtro do ar condicionado e que os demais ocupantes n\u00e3o teriam conhecimento da droga.<br \/>\nDiante dos fatos, foram conduzidos \u00e0 Delegacia de Dracena, onde foi ratificado a pris\u00e3o em flagrante ao propriet\u00e1rio do ve\u00edculo por tr\u00e1fico de drogas, ficando este a disposi\u00e7\u00e3o da Justi\u00e7a.<\/p>\n<p>Fonte: Com. Social Pol\u00edcia Militar<\/p>\n","protected":false},"excerpt":{"rendered":"<p>Na data de ontem (22), por volta das 15h49 min, Policiais Militares do 25\u00ba Batalh\u00e3o de Pol\u00edcia Militar do Interior, prenderam homem por tr\u00e1fico de drogas em Dracena. Equipe de For\u00e7a T\u00e1tica, em patrulhamento , visualizaram as margens da rodovia SP-294, um ve\u00edculo sendo retirado de cima de um guincho e em volta, algumas pessoas [&hellip;]<\/p>\n","protected":false},"author":1,"featured_media":85188,"comment_status":"closed","ping_status":"open","sticky":false,"template":"","format":"standard","meta":{"footnotes":""},"categories":[110,2],"tags":[],"class_list":["post-85187","post","type-post","status-publish","format-standard","has-post-thumbnail","hentry","category-noticiasdestaque","category-policial"],"_links":{"self":[{"href":"https:\/\/jorgezanoni.com.br\/2019\/wp-json\/wp\/v2\/posts\/85187","targetHints":{"allow":["GET"]}}],"collection":[{"href":"https:\/\/jorgezanoni.com.br\/2019\/wp-json\/wp\/v2\/posts"}],"about":[{"href":"https:\/\/jorgezanoni.com.br\/2019\/wp-json\/wp\/v2\/types\/post"}],"author":[{"embeddable":true,"href":"https:\/\/jorgezanoni.com.br\/2019\/wp-json\/wp\/v2\/users\/1"}],"replies":[{"embeddable":true,"href":"https:\/\/jorgezanoni.com.br\/2019\/wp-json\/wp\/v2\/comments?post=85187"}],"version-history":[{"count":1,"href":"https:\/\/jorgezanoni.com.br\/2019\/wp-json\/wp\/v2\/posts\/85187\/revisions"}],"predecessor-version":[{"id":85189,"href":"https:\/\/jorgezanoni.com.br\/2019\/wp-json\/wp\/v2\/posts\/85187\/revisions\/85189"}],"wp:featuredmedia":[{"embeddable":true,"href":"https:\/\/jorgezanoni.com.br\/2019\/wp-json\/wp\/v2\/media\/85188"}],"wp:attachment":[{"href":"https:\/\/jorgezanoni.com.br\/2019\/wp-json\/wp\/v2\/media?parent=85187"}],"wp:term":[{"taxonomy":"category","embeddable":true,"href":"https:\/\/jorgezanoni.com.br\/2019\/wp-json\/wp\/v2\/categories?post=85187"},{"taxonomy":"post_tag","embeddable":true,"href":"https:\/\/jorgezanoni.com.br\/2019\/wp-json\/wp\/v2\/tags?post=85187"}],"curies":[{"name":"wp","href":"https:\/\/api.w.org\/{rel}","templated":true}]}}