{"id":85141,"date":"2024-03-21T16:54:24","date_gmt":"2024-03-21T16:54:24","guid":{"rendered":"https:\/\/jorgezanoni.com.br\/2019\/?p=85141"},"modified":"2024-03-21T16:54:24","modified_gmt":"2024-03-21T16:54:24","slug":"apcd-de-dracena-tera-palestra-esta-noite-com-prof-dr-ricardo-amore","status":"publish","type":"post","link":"https:\/\/jorgezanoni.com.br\/2019\/apcd-de-dracena-tera-palestra-esta-noite-com-prof-dr-ricardo-amore\/","title":{"rendered":"APCD de Dracena ter\u00e1 palestra esta noite com Prof. Dr. Ricardo Amore"},"content":{"rendered":"<p style=\"text-align: justify;\">Na noite desta quinta-feira (21), a partir das 18:30 H., a APCD (Associa\u00e7\u00e3o Paulista de Cirurgi\u00f5es Dentistas) em parceria com o CRO (Conselho Regional Odontol\u00f3gico de S\u00e3o Paulo e a empresa CURAPROX, promovem palestra.<\/p>\n<p style=\"text-align: justify;\">Todos os associados est\u00e3o convidados a participarem da palestra\u00a0 com o Prof. Dr. Ricardo Amore, nome renomado da odontologia com os seguintes temas: CARIOLOGIA e FACETAS de PORCELANA e LENTES DE CONTATO.<\/p>\n<p style=\"text-align: justify;\">O presidente da APCD Cl\u00e1udio Roberto Cedroni juntamente com sua diretoria, est\u00e3o empenhados em recepcionar um grande n\u00famero de colegas da \u00e1rea de odontologia de toda regi\u00e3o.<\/p>\n<p style=\"text-align: justify;\"><strong>Para participar do evento, \u00e9 solicitado que seja doado um agasalho.<\/strong><\/p>\n<p style=\"text-align: justify;\">SOBRE A APCD:<\/p>\n<p style=\"text-align: justify;\">-Campanha do Agasalho<\/p>\n<p style=\"text-align: justify;\">A APCD Dracena est\u00e1 realizando a campanha do agasalho. Uma iniciativa que visa aquecer n\u00e3o apenas corpos, mas tamb\u00e9m cora\u00e7\u00f5es neste inverno que se aproxima. Essa campanha teve in\u00edcio em mar\u00e7o e ir\u00e1 se estender at\u00e9 final de maio. Pedimos aos colegas, que fa\u00e7am, se poss\u00edvel, do seu consult\u00f3rio um ponto de arrecada\u00e7\u00e3o e que divulguem, arrecadem e colabore contribuindo assim para o bem-estar e a qualidade de vida da nossa comunidade.<\/p>\n<p style=\"text-align: justify;\">&#8211;\u00a0Curso de HOF (Harmoniza\u00e7\u00e3o Orofacial)<\/p>\n<p style=\"text-align: justify;\">Data: 27\/04\/24 &#8211;\u00a0Hor\u00e1rio: 8:30h &#8211; Dura\u00e7\u00e3o de 4h &#8211;\u00a0Profissional Dr. Paulo Goldoni<\/p>\n<p style=\"text-align: justify;\">-Oeste Sa\u00fade (Plano de Sa\u00fade)<\/p>\n<p style=\"text-align: justify;\">Sabendo da import\u00e2ncia em ter um plano de sa\u00fade e do alto custo do mesmo, a APCD Dracena est\u00e1 em contato com o Sr. Gilberto respons\u00e1vel pelo Oeste Sa\u00fade de Dracena, afim de estabelecer mais um plano de sa\u00fade para beneficiar nossos associados. Aguardem!<\/p>\n<p style=\"text-align: justify;\">-Sebrae<\/p>\n<p style=\"text-align: justify;\">Estamos definindo uma data para realizarmos uma palestra de apresenta\u00e7\u00e3o sobre o \u201cPrograma do Sebrae Dentista Empreendedor de Dracena &#8220;. O programa tem como objetivo capacitar os cirurgi\u00f5es dentistas para o gerenciamento empresarial de seu consult\u00f3rio ou sua cl\u00ednica, com foco na gest\u00e3o financeira e presen\u00e7a digital, o que permitir\u00e1 o fortalecimento e o desenvolvimento de empreendimentos odontol\u00f3gicos de Dracena.<\/p>\n<p style=\"text-align: justify;\">Assim que tivermos a data definida, divulgaremos.<\/p>\n<p style=\"text-align: justify;\">&#8211; Sal\u00e3o da APCD<\/p>\n<p style=\"text-align: justify;\">Nosso sal\u00e3o esta \u00e0 disposi\u00e7\u00e3o de nossos associados para ser alugado para comemora\u00e7\u00e3o de qualquer festiva. Quem tiver interesse \u00e9 s\u00f3 entrar e contato com a Elaine para saber detalhes de valores e datas.<\/p>\n<p>Fonte: Dire\u00e7\u00e3o APCD<\/p>\n<p>Informa\u00e7\u00f5es no Fone 3821-2508 com Elaine.<\/p>\n","protected":false},"excerpt":{"rendered":"<p>Na noite desta quinta-feira (21), a partir das 18:30 H., a APCD (Associa\u00e7\u00e3o Paulista de Cirurgi\u00f5es Dentistas) em parceria com o CRO (Conselho Regional Odontol\u00f3gico de S\u00e3o Paulo e a empresa CURAPROX, promovem palestra. Todos os associados est\u00e3o convidados a participarem da palestra\u00a0 com o Prof. Dr. Ricardo Amore, nome renomado da odontologia com os [&hellip;]<\/p>\n","protected":false},"author":1,"featured_media":85142,"comment_status":"closed","ping_status":"open","sticky":false,"template":"","format":"standard","meta":{"footnotes":""},"categories":[110,122],"tags":[],"class_list":["post-85141","post","type-post","status-publish","format-standard","has-post-thumbnail","hentry","category-noticiasdestaque","category-saudeeducacaoeconcurso"],"_links":{"self":[{"href":"https:\/\/jorgezanoni.com.br\/2019\/wp-json\/wp\/v2\/posts\/85141","targetHints":{"allow":["GET"]}}],"collection":[{"href":"https:\/\/jorgezanoni.com.br\/2019\/wp-json\/wp\/v2\/posts"}],"about":[{"href":"https:\/\/jorgezanoni.com.br\/2019\/wp-json\/wp\/v2\/types\/post"}],"author":[{"embeddable":true,"href":"https:\/\/jorgezanoni.com.br\/2019\/wp-json\/wp\/v2\/users\/1"}],"replies":[{"embeddable":true,"href":"https:\/\/jorgezanoni.com.br\/2019\/wp-json\/wp\/v2\/comments?post=85141"}],"version-history":[{"count":1,"href":"https:\/\/jorgezanoni.com.br\/2019\/wp-json\/wp\/v2\/posts\/85141\/revisions"}],"predecessor-version":[{"id":85143,"href":"https:\/\/jorgezanoni.com.br\/2019\/wp-json\/wp\/v2\/posts\/85141\/revisions\/85143"}],"wp:featuredmedia":[{"embeddable":true,"href":"https:\/\/jorgezanoni.com.br\/2019\/wp-json\/wp\/v2\/media\/85142"}],"wp:attachment":[{"href":"https:\/\/jorgezanoni.com.br\/2019\/wp-json\/wp\/v2\/media?parent=85141"}],"wp:term":[{"taxonomy":"category","embeddable":true,"href":"https:\/\/jorgezanoni.com.br\/2019\/wp-json\/wp\/v2\/categories?post=85141"},{"taxonomy":"post_tag","embeddable":true,"href":"https:\/\/jorgezanoni.com.br\/2019\/wp-json\/wp\/v2\/tags?post=85141"}],"curies":[{"name":"wp","href":"https:\/\/api.w.org\/{rel}","templated":true}]}}