{"id":8513,"date":"2019-10-12T13:15:34","date_gmt":"2019-10-12T13:15:34","guid":{"rendered":"https:\/\/jorgezanoni.com.br\/2019\/?p=8513"},"modified":"2019-10-12T13:15:34","modified_gmt":"2019-10-12T13:15:34","slug":"jovem-de-21-anos-fica-gravemente-ferido-em-acidente-no-bairro-metropole-nesta-madrugada","status":"publish","type":"post","link":"https:\/\/jorgezanoni.com.br\/2019\/jovem-de-21-anos-fica-gravemente-ferido-em-acidente-no-bairro-metropole-nesta-madrugada\/","title":{"rendered":"Jovem de 21 anos fica gravemente ferido em acidente no bairro Metr\u00f3pole nesta madrugada"},"content":{"rendered":"<p style=\"text-align: justify;\"><strong>Jovem bateu moto na traseira de um caminh\u00e3o que estava regularmente estacionado na rua Fortaleza.<\/strong><\/p>\n<p><img loading=\"lazy\" decoding=\"async\" class=\"alignnone size-full wp-image-8515\" src=\"https:\/\/jorgezanoni.com.br\/2019\/wp-content\/uploads\/2019\/10\/moto1.jpg\" alt=\"\" width=\"1040\" height=\"585\" srcset=\"https:\/\/jorgezanoni.com.br\/2019\/wp-content\/uploads\/2019\/10\/moto1.jpg 1040w, https:\/\/jorgezanoni.com.br\/2019\/wp-content\/uploads\/2019\/10\/moto1-300x169.jpg 300w, https:\/\/jorgezanoni.com.br\/2019\/wp-content\/uploads\/2019\/10\/moto1-768x432.jpg 768w, https:\/\/jorgezanoni.com.br\/2019\/wp-content\/uploads\/2019\/10\/moto1-1024x576.jpg 1024w, https:\/\/jorgezanoni.com.br\/2019\/wp-content\/uploads\/2019\/10\/moto1-696x392.jpg 696w, https:\/\/jorgezanoni.com.br\/2019\/wp-content\/uploads\/2019\/10\/moto1-747x420.jpg 747w\" sizes=\"auto, (max-width: 1040px) 100vw, 1040px\" \/><\/p>\n<p style=\"text-align: justify;\">Por volta de 5 Hs. da madrugada desta s\u00e1bado (12), J.V.S. de 21 anos bateu violentamente a moto que pilotava, contra a traseira de um caminh\u00e3o que estava regularmente estacionado na rua Fortaleza proximidades da esquina com a rua Porto Alegre no bairro Metr\u00f3pole em Dracena.<\/p>\n<p><img loading=\"lazy\" decoding=\"async\" class=\"alignnone size-full wp-image-8516\" src=\"https:\/\/jorgezanoni.com.br\/2019\/wp-content\/uploads\/2019\/10\/moto2.jpg\" alt=\"\" width=\"1040\" height=\"585\" srcset=\"https:\/\/jorgezanoni.com.br\/2019\/wp-content\/uploads\/2019\/10\/moto2.jpg 1040w, https:\/\/jorgezanoni.com.br\/2019\/wp-content\/uploads\/2019\/10\/moto2-300x169.jpg 300w, https:\/\/jorgezanoni.com.br\/2019\/wp-content\/uploads\/2019\/10\/moto2-768x432.jpg 768w, https:\/\/jorgezanoni.com.br\/2019\/wp-content\/uploads\/2019\/10\/moto2-1024x576.jpg 1024w, https:\/\/jorgezanoni.com.br\/2019\/wp-content\/uploads\/2019\/10\/moto2-696x392.jpg 696w, https:\/\/jorgezanoni.com.br\/2019\/wp-content\/uploads\/2019\/10\/moto2-747x420.jpg 747w\" sizes=\"auto, (max-width: 1040px) 100vw, 1040px\" \/><\/p>\n<p style=\"text-align: justify;\">Segundo informa\u00e7\u00f5es obtidas pela reportagem do Site JZ, o rapaz teve fratura profunda no cr\u00e2nio com hemorragia, ferimentos graves no rosto e fratura nas duas pernas.<\/p>\n<p><img loading=\"lazy\" decoding=\"async\" class=\"alignnone size-full wp-image-8517\" src=\"https:\/\/jorgezanoni.com.br\/2019\/wp-content\/uploads\/2019\/10\/moto3.jpg\" alt=\"\" width=\"585\" height=\"1040\" srcset=\"https:\/\/jorgezanoni.com.br\/2019\/wp-content\/uploads\/2019\/10\/moto3.jpg 585w, https:\/\/jorgezanoni.com.br\/2019\/wp-content\/uploads\/2019\/10\/moto3-169x300.jpg 169w, https:\/\/jorgezanoni.com.br\/2019\/wp-content\/uploads\/2019\/10\/moto3-576x1024.jpg 576w, https:\/\/jorgezanoni.com.br\/2019\/wp-content\/uploads\/2019\/10\/moto3-236x420.jpg 236w\" sizes=\"auto, (max-width: 585px) 100vw, 585px\" \/><\/p>\n<p style=\"text-align: justify;\">Ele foi socorrido inconsciente para o Pronto Atendimento Municipal por uma Equipe de Resgate Corpo de Bombeiros. (Acredita-se que ele tenha ficado um tempo ca\u00eddo no local at\u00e9 que algu\u00e9m visse e solicitasse o socorro).<\/p>\n<p><img loading=\"lazy\" decoding=\"async\" class=\"alignnone size-full wp-image-8518\" src=\"https:\/\/jorgezanoni.com.br\/2019\/wp-content\/uploads\/2019\/10\/moto4.jpg\" alt=\"\" width=\"1040\" height=\"585\" srcset=\"https:\/\/jorgezanoni.com.br\/2019\/wp-content\/uploads\/2019\/10\/moto4.jpg 1040w, https:\/\/jorgezanoni.com.br\/2019\/wp-content\/uploads\/2019\/10\/moto4-300x169.jpg 300w, https:\/\/jorgezanoni.com.br\/2019\/wp-content\/uploads\/2019\/10\/moto4-768x432.jpg 768w, https:\/\/jorgezanoni.com.br\/2019\/wp-content\/uploads\/2019\/10\/moto4-1024x576.jpg 1024w, https:\/\/jorgezanoni.com.br\/2019\/wp-content\/uploads\/2019\/10\/moto4-696x392.jpg 696w, https:\/\/jorgezanoni.com.br\/2019\/wp-content\/uploads\/2019\/10\/moto4-747x420.jpg 747w\" sizes=\"auto, (max-width: 1040px) 100vw, 1040px\" \/><\/p>\n<p style=\"text-align: justify;\">A Pol\u00edcia Militar esteve no local bem como a Pol\u00edcia T\u00e9cnica que ir\u00e1 apontar as reais causas do acidente.<\/p>\n<p><img loading=\"lazy\" decoding=\"async\" class=\"alignnone size-full wp-image-8519\" src=\"https:\/\/jorgezanoni.com.br\/2019\/wp-content\/uploads\/2019\/10\/moto5.jpg\" alt=\"\" width=\"1040\" height=\"585\" srcset=\"https:\/\/jorgezanoni.com.br\/2019\/wp-content\/uploads\/2019\/10\/moto5.jpg 1040w, https:\/\/jorgezanoni.com.br\/2019\/wp-content\/uploads\/2019\/10\/moto5-300x169.jpg 300w, https:\/\/jorgezanoni.com.br\/2019\/wp-content\/uploads\/2019\/10\/moto5-768x432.jpg 768w, https:\/\/jorgezanoni.com.br\/2019\/wp-content\/uploads\/2019\/10\/moto5-1024x576.jpg 1024w, https:\/\/jorgezanoni.com.br\/2019\/wp-content\/uploads\/2019\/10\/moto5-696x392.jpg 696w, https:\/\/jorgezanoni.com.br\/2019\/wp-content\/uploads\/2019\/10\/moto5-747x420.jpg 747w\" sizes=\"auto, (max-width: 1040px) 100vw, 1040px\" \/><\/p>\n<p style=\"text-align: justify;\">A informa\u00e7\u00e3o que recebemos \u00e9 que o jovem est\u00e1 sendo transferido em estado grave para Presidente Prudente.<\/p>\n<p style=\"text-align: justify;\">Jorge Zanoni<\/p>\n<p style=\"text-align: justify;\">\n","protected":false},"excerpt":{"rendered":"<p>Jovem bateu moto na traseira de um caminh\u00e3o que estava regularmente estacionado na rua Fortaleza. Por volta de 5 Hs. da madrugada desta s\u00e1bado (12), J.V.S. de 21 anos bateu violentamente a moto que pilotava, contra a traseira de um caminh\u00e3o que estava regularmente estacionado na rua Fortaleza proximidades da esquina com a rua Porto [&hellip;]<\/p>\n","protected":false},"author":1,"featured_media":8514,"comment_status":"closed","ping_status":"open","sticky":false,"template":"","format":"standard","meta":{"footnotes":""},"categories":[170,110],"tags":[],"class_list":["post-8513","post","type-post","status-publish","format-standard","has-post-thumbnail","hentry","category-acidentes","category-noticiasdestaque"],"_links":{"self":[{"href":"https:\/\/jorgezanoni.com.br\/2019\/wp-json\/wp\/v2\/posts\/8513","targetHints":{"allow":["GET"]}}],"collection":[{"href":"https:\/\/jorgezanoni.com.br\/2019\/wp-json\/wp\/v2\/posts"}],"about":[{"href":"https:\/\/jorgezanoni.com.br\/2019\/wp-json\/wp\/v2\/types\/post"}],"author":[{"embeddable":true,"href":"https:\/\/jorgezanoni.com.br\/2019\/wp-json\/wp\/v2\/users\/1"}],"replies":[{"embeddable":true,"href":"https:\/\/jorgezanoni.com.br\/2019\/wp-json\/wp\/v2\/comments?post=8513"}],"version-history":[{"count":0,"href":"https:\/\/jorgezanoni.com.br\/2019\/wp-json\/wp\/v2\/posts\/8513\/revisions"}],"wp:featuredmedia":[{"embeddable":true,"href":"https:\/\/jorgezanoni.com.br\/2019\/wp-json\/wp\/v2\/media\/8514"}],"wp:attachment":[{"href":"https:\/\/jorgezanoni.com.br\/2019\/wp-json\/wp\/v2\/media?parent=8513"}],"wp:term":[{"taxonomy":"category","embeddable":true,"href":"https:\/\/jorgezanoni.com.br\/2019\/wp-json\/wp\/v2\/categories?post=8513"},{"taxonomy":"post_tag","embeddable":true,"href":"https:\/\/jorgezanoni.com.br\/2019\/wp-json\/wp\/v2\/tags?post=8513"}],"curies":[{"name":"wp","href":"https:\/\/api.w.org\/{rel}","templated":true}]}}