{"id":85102,"date":"2024-03-18T21:48:50","date_gmt":"2024-03-18T21:48:50","guid":{"rendered":"https:\/\/jorgezanoni.com.br\/2019\/?p=85102"},"modified":"2024-03-18T21:48:50","modified_gmt":"2024-03-18T21:48:50","slug":"policia-militar-rodoviaria-prende-autor-de-homicidio-durante-fiscalizacao-em-pres-epitacio","status":"publish","type":"post","link":"https:\/\/jorgezanoni.com.br\/2019\/policia-militar-rodoviaria-prende-autor-de-homicidio-durante-fiscalizacao-em-pres-epitacio\/","title":{"rendered":"Pol\u00edcia Militar Rodovi\u00e1ria prende autor de homic\u00eddio durante fiscaliza\u00e7\u00e3o em Pres.Epit\u00e1cio"},"content":{"rendered":"<p style=\"text-align: justify;\">Um homem, 27 anos, que confessou ser o autor de um homic\u00eddio ocorrido neste domingo, em Piratininga, foi preso pela Pol\u00edcia Militar Rodovi\u00e1ria, em Presidente Epit\u00e1cio, por volta das 2h desta segunda-feira.<\/p>\n<p style=\"text-align: justify;\">Durante a Opera\u00e7\u00e3o Impacto, uma guarni\u00e7\u00e3o abordou um autom\u00f3vel Gol, no Km 648 da Rodovia Raposo Tavares (SP-270). \u201cDurante fiscaliza\u00e7\u00e3o, o condutor do ve\u00edculo e a passageira apresentaram grande nervosismo e, ap\u00f3s entrevista, o condutor confessou que era autor de um homic\u00eddio ocorrido no dia anterior.<\/p>\n<p style=\"text-align: justify;\">Alegou tamb\u00e9m que estava foragido desde o ocorrido e que dispensou a arma utilizada no crime na cidade de Bauru\u201d, ressalta a corpora\u00e7\u00e3o.<\/p>\n<p style=\"text-align: justify;\">Diante dos fatos, a ocorr\u00eancia foi registrada na Delegacia de Pol\u00edcia Civil de Presidente Venceslau, onde o acusado permaneceu \u00e0 disposi\u00e7\u00e3o da Justi\u00e7a.<\/p>\n<p>Fonte: 2\u00b0 Pel da 2\u00aa Cia do 2\u00b0 BPRv.<\/p>\n<p>Jorge Zanoni<\/p>\n","protected":false},"excerpt":{"rendered":"<p>Um homem, 27 anos, que confessou ser o autor de um homic\u00eddio ocorrido neste domingo, em Piratininga, foi preso pela Pol\u00edcia Militar Rodovi\u00e1ria, em Presidente Epit\u00e1cio, por volta das 2h desta segunda-feira. Durante a Opera\u00e7\u00e3o Impacto, uma guarni\u00e7\u00e3o abordou um autom\u00f3vel Gol, no Km 648 da Rodovia Raposo Tavares (SP-270). \u201cDurante fiscaliza\u00e7\u00e3o, o condutor do [&hellip;]<\/p>\n","protected":false},"author":1,"featured_media":85103,"comment_status":"closed","ping_status":"open","sticky":false,"template":"","format":"standard","meta":{"footnotes":""},"categories":[110,2],"tags":[],"class_list":["post-85102","post","type-post","status-publish","format-standard","has-post-thumbnail","hentry","category-noticiasdestaque","category-policial"],"_links":{"self":[{"href":"https:\/\/jorgezanoni.com.br\/2019\/wp-json\/wp\/v2\/posts\/85102","targetHints":{"allow":["GET"]}}],"collection":[{"href":"https:\/\/jorgezanoni.com.br\/2019\/wp-json\/wp\/v2\/posts"}],"about":[{"href":"https:\/\/jorgezanoni.com.br\/2019\/wp-json\/wp\/v2\/types\/post"}],"author":[{"embeddable":true,"href":"https:\/\/jorgezanoni.com.br\/2019\/wp-json\/wp\/v2\/users\/1"}],"replies":[{"embeddable":true,"href":"https:\/\/jorgezanoni.com.br\/2019\/wp-json\/wp\/v2\/comments?post=85102"}],"version-history":[{"count":1,"href":"https:\/\/jorgezanoni.com.br\/2019\/wp-json\/wp\/v2\/posts\/85102\/revisions"}],"predecessor-version":[{"id":85104,"href":"https:\/\/jorgezanoni.com.br\/2019\/wp-json\/wp\/v2\/posts\/85102\/revisions\/85104"}],"wp:featuredmedia":[{"embeddable":true,"href":"https:\/\/jorgezanoni.com.br\/2019\/wp-json\/wp\/v2\/media\/85103"}],"wp:attachment":[{"href":"https:\/\/jorgezanoni.com.br\/2019\/wp-json\/wp\/v2\/media?parent=85102"}],"wp:term":[{"taxonomy":"category","embeddable":true,"href":"https:\/\/jorgezanoni.com.br\/2019\/wp-json\/wp\/v2\/categories?post=85102"},{"taxonomy":"post_tag","embeddable":true,"href":"https:\/\/jorgezanoni.com.br\/2019\/wp-json\/wp\/v2\/tags?post=85102"}],"curies":[{"name":"wp","href":"https:\/\/api.w.org\/{rel}","templated":true}]}}