{"id":8510,"date":"2019-10-12T12:21:55","date_gmt":"2019-10-12T12:21:55","guid":{"rendered":"https:\/\/jorgezanoni.com.br\/2019\/?p=8510"},"modified":"2019-10-12T15:07:01","modified_gmt":"2019-10-12T15:07:01","slug":"pai-e-filho-estavam-em-veiculo-no-acidente-proximo-ao-portal-dos-dourados-em-pauliceia-filho-faleceu-no-local","status":"publish","type":"post","link":"https:\/\/jorgezanoni.com.br\/2019\/pai-e-filho-estavam-em-veiculo-no-acidente-proximo-ao-portal-dos-dourados-em-pauliceia-filho-faleceu-no-local\/","title":{"rendered":"Pai e filho estavam em ve\u00edculo no acidente pr\u00f3ximo ao Portal dos Dourados em Pauliceia. Filho faleceu no local"},"content":{"rendered":"<div id=\"post-body-6104943117220137228\" class=\"post-body entry-content\" style=\"text-align: justify;\">\n<p><strong>Fato ocorreu no in\u00edcio da noite desta sexta-feira (11)<\/strong><\/p>\n<p>Na foto, o pai Luciano Carlos Chapina e o filho Guilherme Silva Chapina de 13 anos, moradores da cidade de Morro Agudo envolvidos em acidente na noite de ontem em estrada indo para o Portal dos Dourados em Paulic\u00e9ia.<\/p>\n<p><img loading=\"lazy\" decoding=\"async\" class=\"alignnone size-full wp-image-8523\" src=\"https:\/\/jorgezanoni.com.br\/2019\/wp-content\/uploads\/2019\/10\/pai.jpg\" alt=\"\" width=\"720\" height=\"721\" srcset=\"https:\/\/jorgezanoni.com.br\/2019\/wp-content\/uploads\/2019\/10\/pai.jpg 720w, https:\/\/jorgezanoni.com.br\/2019\/wp-content\/uploads\/2019\/10\/pai-150x150.jpg 150w, https:\/\/jorgezanoni.com.br\/2019\/wp-content\/uploads\/2019\/10\/pai-300x300.jpg 300w, https:\/\/jorgezanoni.com.br\/2019\/wp-content\/uploads\/2019\/10\/pai-696x697.jpg 696w, https:\/\/jorgezanoni.com.br\/2019\/wp-content\/uploads\/2019\/10\/pai-419x420.jpg 419w\" sizes=\"auto, (max-width: 720px) 100vw, 720px\" \/><img loading=\"lazy\" decoding=\"async\" class=\"alignnone size-full wp-image-8524\" src=\"https:\/\/jorgezanoni.com.br\/2019\/wp-content\/uploads\/2019\/10\/filho.jpg\" alt=\"\" width=\"552\" height=\"824\" srcset=\"https:\/\/jorgezanoni.com.br\/2019\/wp-content\/uploads\/2019\/10\/filho.jpg 552w, https:\/\/jorgezanoni.com.br\/2019\/wp-content\/uploads\/2019\/10\/filho-201x300.jpg 201w, https:\/\/jorgezanoni.com.br\/2019\/wp-content\/uploads\/2019\/10\/filho-281x420.jpg 281w\" sizes=\"auto, (max-width: 552px) 100vw, 552px\" \/><\/p>\n<p>Segundo informa\u00e7\u00f5es eles teriam chegado em um Rancho por volta as 18 Hs e em seguida estava vindo at\u00e9 Pauliceia para poder comprar algumas coisas.<\/p>\n<\/div>\n<div class=\"post-body entry-content\" style=\"text-align: justify;\">\n<p>Morro Agudo fica pr\u00f3ximo a Orl\u00e2ndia entre Ribeir\u00e3o Preto, Barretos e Franca no Estado de S\u00e3o Paulo, onde Chapina \u00e9 empres\u00e1rio no ramo de confec\u00e7\u00f5es e j\u00e1 presidiu a Associa\u00e7\u00e3o Comercial e Industrial daquela cidade, local onde reside.<\/p>\n<p>O empres\u00e1rio Luciano Chapina dirigia uma ix35 Hyundai que bateu na traseira de uma p\u00e1 carregadeira que estava na pista, ficando gravemente ferido. Um terceiro ve\u00edculo Corolla tamb\u00e9m se envolveu no acidente.<\/p>\n<p>Pai e filho estariam em um rancho quando foram at\u00e9 a cidade fazer compras no in\u00edcio da noite, momento da trag\u00e9dia.<\/p>\n<\/div>\n<div>Jorge Zanoni<\/div>\n<div>Fonte: Panorama Not\u00edcias<\/div>\n<div>\n<p>&nbsp;<\/p>\n<\/div>\n","protected":false},"excerpt":{"rendered":"<p>Fato ocorreu no in\u00edcio da noite desta sexta-feira (11) Na foto, o pai Luciano Carlos Chapina e o filho Guilherme Silva Chapina de 13 anos, moradores da cidade de Morro Agudo envolvidos em acidente na noite de ontem em estrada indo para o Portal dos Dourados em Paulic\u00e9ia. Segundo informa\u00e7\u00f5es eles teriam chegado em um [&hellip;]<\/p>\n","protected":false},"author":1,"featured_media":8511,"comment_status":"closed","ping_status":"open","sticky":false,"template":"","format":"standard","meta":{"footnotes":""},"categories":[170,110],"tags":[],"class_list":["post-8510","post","type-post","status-publish","format-standard","has-post-thumbnail","hentry","category-acidentes","category-noticiasdestaque"],"_links":{"self":[{"href":"https:\/\/jorgezanoni.com.br\/2019\/wp-json\/wp\/v2\/posts\/8510","targetHints":{"allow":["GET"]}}],"collection":[{"href":"https:\/\/jorgezanoni.com.br\/2019\/wp-json\/wp\/v2\/posts"}],"about":[{"href":"https:\/\/jorgezanoni.com.br\/2019\/wp-json\/wp\/v2\/types\/post"}],"author":[{"embeddable":true,"href":"https:\/\/jorgezanoni.com.br\/2019\/wp-json\/wp\/v2\/users\/1"}],"replies":[{"embeddable":true,"href":"https:\/\/jorgezanoni.com.br\/2019\/wp-json\/wp\/v2\/comments?post=8510"}],"version-history":[{"count":0,"href":"https:\/\/jorgezanoni.com.br\/2019\/wp-json\/wp\/v2\/posts\/8510\/revisions"}],"wp:featuredmedia":[{"embeddable":true,"href":"https:\/\/jorgezanoni.com.br\/2019\/wp-json\/wp\/v2\/media\/8511"}],"wp:attachment":[{"href":"https:\/\/jorgezanoni.com.br\/2019\/wp-json\/wp\/v2\/media?parent=8510"}],"wp:term":[{"taxonomy":"category","embeddable":true,"href":"https:\/\/jorgezanoni.com.br\/2019\/wp-json\/wp\/v2\/categories?post=8510"},{"taxonomy":"post_tag","embeddable":true,"href":"https:\/\/jorgezanoni.com.br\/2019\/wp-json\/wp\/v2\/tags?post=8510"}],"curies":[{"name":"wp","href":"https:\/\/api.w.org\/{rel}","templated":true}]}}