{"id":8500,"date":"2019-10-12T02:13:37","date_gmt":"2019-10-12T02:13:37","guid":{"rendered":"https:\/\/jorgezanoni.com.br\/2019\/?p=8500"},"modified":"2019-10-12T12:00:26","modified_gmt":"2019-10-12T12:00:26","slug":"acidente-com-vitima-fatal-proximo-do-portal-dos-dourados-em-pauliceia","status":"publish","type":"post","link":"https:\/\/jorgezanoni.com.br\/2019\/acidente-com-vitima-fatal-proximo-do-portal-dos-dourados-em-pauliceia\/","title":{"rendered":"Acidente com v\u00edtima fatal pr\u00f3ximo do Portal dos Dourados em Pauliceia"},"content":{"rendered":"<p><strong>No inicio da noite desta sexta-feira (11), aconteceu um acidente grave com v\u00edtima fatal pr\u00f3ximo ao Portal dos Dourados em Pauliceia.<\/strong><\/p>\n<p><img loading=\"lazy\" decoding=\"async\" class=\"alignnone size-full wp-image-8503\" src=\"https:\/\/jorgezanoni.com.br\/2019\/wp-content\/uploads\/2019\/10\/Pauliceia3-2.png\" alt=\"\" width=\"402\" height=\"234\" srcset=\"https:\/\/jorgezanoni.com.br\/2019\/wp-content\/uploads\/2019\/10\/Pauliceia3-2.png 402w, https:\/\/jorgezanoni.com.br\/2019\/wp-content\/uploads\/2019\/10\/Pauliceia3-2-300x175.png 300w\" sizes=\"auto, (max-width: 402px) 100vw, 402px\" \/><\/p>\n<p style=\"text-align: justify;\">Segundo informa\u00e7\u00f5es, uma P\u00e1 Carregadeira de uma empresa particular de Pauliceia,\u00a0 trafegava pela rodovia, quando foi atingida na traseira, por um ve\u00edculo \u00a0<a id=\"fprsl\" class=\"gL9Hy\" href=\"https:\/\/www.google.com\/search?rlz=1C1GCEA_enBR855BR855&amp;sxsrf=ACYBGNS_sRa0NeuUpO00pRI9pCgx9E1zMQ:1570845530774&amp;q=ix35+hyundai&amp;spell=1&amp;sa=X&amp;ved=0ahUKEwiLhe_Oz5XlAhVtIrkGHd-ICk4QkeECCC4oAA\" data-ved=\"0ahUKEwiLhe_Oz5XlAhVtIrkGHd-ICk4QkeECCC4oAA\"><b><i>ix35<\/i><\/b>\u00a0<b><i>hyundai<\/i><\/b><\/a> de cor preta com placas de Morro Agudo, sendo que o ve\u00edculo ainda foi atingido por um Corolla.<\/p>\n<p><img loading=\"lazy\" decoding=\"async\" class=\"alignnone size-full wp-image-8504\" src=\"https:\/\/jorgezanoni.com.br\/2019\/wp-content\/uploads\/2019\/10\/Pauliceia2-2.png\" alt=\"\" width=\"488\" height=\"244\" srcset=\"https:\/\/jorgezanoni.com.br\/2019\/wp-content\/uploads\/2019\/10\/Pauliceia2-2.png 488w, https:\/\/jorgezanoni.com.br\/2019\/wp-content\/uploads\/2019\/10\/Pauliceia2-2-300x150.png 300w\" sizes=\"auto, (max-width: 488px) 100vw, 488px\" \/><\/p>\n<p style=\"text-align: justify;\">Os Bombeiros tiveram muito trabalho para retirar as duas v\u00edtimas do primeiro ve\u00edculo, sendo que o motorista foi socorrido consciente com diversas fraturas para um pronto atendimento da regi\u00e3o, e o acompanhante n\u00e3o resistiu aos ferimentos e faleceu no local.<\/p>\n<p><img loading=\"lazy\" decoding=\"async\" class=\"alignnone size-full wp-image-8505\" src=\"https:\/\/jorgezanoni.com.br\/2019\/wp-content\/uploads\/2019\/10\/Pauliceia-2.png\" alt=\"\" width=\"470\" height=\"239\" srcset=\"https:\/\/jorgezanoni.com.br\/2019\/wp-content\/uploads\/2019\/10\/Pauliceia-2.png 470w, https:\/\/jorgezanoni.com.br\/2019\/wp-content\/uploads\/2019\/10\/Pauliceia-2-300x153.png 300w\" sizes=\"auto, (max-width: 470px) 100vw, 470px\" \/><\/p>\n<p style=\"text-align: justify;\">Com o impacto da batida, a P\u00e1 Carregadeira acabou atravessando uma cerca e parou dentro de uma pastagem.<\/p>\n<p style=\"text-align: justify;\">Uma Equipe de Resgate do Corpo de Bombeiros de Dracena compareceu ao local, bem como Policiais Militares de Pauliceia. A Pol\u00edcia T\u00e9cnica fez um levantamento e ir\u00e1 elaborar um relat\u00f3rio para divulgar as reais causas do acidente.<\/p>\n<p style=\"text-align: justify;\">Jorge Zanoni<\/p>\n<p style=\"text-align: justify;\">Fonte: Panorama Not\u00edcias.<\/p>\n<p>&nbsp;<\/p>\n","protected":false},"excerpt":{"rendered":"<p>No inicio da noite desta sexta-feira (11), aconteceu um acidente grave com v\u00edtima fatal pr\u00f3ximo ao Portal dos Dourados em Pauliceia. Segundo informa\u00e7\u00f5es, uma P\u00e1 Carregadeira de uma empresa particular de Pauliceia,\u00a0 trafegava pela rodovia, quando foi atingida na traseira, por um ve\u00edculo \u00a0ix35\u00a0hyundai de cor preta com placas de Morro Agudo, sendo que o [&hellip;]<\/p>\n","protected":false},"author":1,"featured_media":8506,"comment_status":"closed","ping_status":"open","sticky":false,"template":"","format":"standard","meta":{"footnotes":""},"categories":[170,110],"tags":[],"class_list":["post-8500","post","type-post","status-publish","format-standard","has-post-thumbnail","hentry","category-acidentes","category-noticiasdestaque"],"_links":{"self":[{"href":"https:\/\/jorgezanoni.com.br\/2019\/wp-json\/wp\/v2\/posts\/8500","targetHints":{"allow":["GET"]}}],"collection":[{"href":"https:\/\/jorgezanoni.com.br\/2019\/wp-json\/wp\/v2\/posts"}],"about":[{"href":"https:\/\/jorgezanoni.com.br\/2019\/wp-json\/wp\/v2\/types\/post"}],"author":[{"embeddable":true,"href":"https:\/\/jorgezanoni.com.br\/2019\/wp-json\/wp\/v2\/users\/1"}],"replies":[{"embeddable":true,"href":"https:\/\/jorgezanoni.com.br\/2019\/wp-json\/wp\/v2\/comments?post=8500"}],"version-history":[{"count":0,"href":"https:\/\/jorgezanoni.com.br\/2019\/wp-json\/wp\/v2\/posts\/8500\/revisions"}],"wp:featuredmedia":[{"embeddable":true,"href":"https:\/\/jorgezanoni.com.br\/2019\/wp-json\/wp\/v2\/media\/8506"}],"wp:attachment":[{"href":"https:\/\/jorgezanoni.com.br\/2019\/wp-json\/wp\/v2\/media?parent=8500"}],"wp:term":[{"taxonomy":"category","embeddable":true,"href":"https:\/\/jorgezanoni.com.br\/2019\/wp-json\/wp\/v2\/categories?post=8500"},{"taxonomy":"post_tag","embeddable":true,"href":"https:\/\/jorgezanoni.com.br\/2019\/wp-json\/wp\/v2\/tags?post=8500"}],"curies":[{"name":"wp","href":"https:\/\/api.w.org\/{rel}","templated":true}]}}