{"id":84986,"date":"2024-03-13T16:25:18","date_gmt":"2024-03-13T16:25:18","guid":{"rendered":"https:\/\/jorgezanoni.com.br\/2019\/?p=84986"},"modified":"2024-03-13T16:25:18","modified_gmt":"2024-03-13T16:25:18","slug":"policia-civil-realiza-palestra-sobre-violencia-domestica-para-alunos-de-escola-estadual-em-sao-joao-do-pau-dalho","status":"publish","type":"post","link":"https:\/\/jorgezanoni.com.br\/2019\/policia-civil-realiza-palestra-sobre-violencia-domestica-para-alunos-de-escola-estadual-em-sao-joao-do-pau-dalho\/","title":{"rendered":"Pol\u00edcia Civil realiza palestra sobre viol\u00eancia dom\u00e9stica para alunos de escola estadual em S\u00e3o Jo\u00e3o do P\u00e1u D&#8217;\u00c1lho"},"content":{"rendered":"<p style=\"text-align: justify;\">A Pol\u00edcia Civil, por interm\u00e9dio da Delegacia de Defesa da Mulher \u2013 DDM de Dracena, realizou nesta ter\u00e7a-feira (12) uma palestra sobre \u201cViol\u00eancia Dom\u00e9stica\u201d, para alunos do ensino fundamental e m\u00e9dio da Escola de Programa de Ensino Integrado &#8211; E.E. Salvador Ramos de Moura, na cidade de S\u00e3o Jo\u00e3o do Pau D\u00b4Alho. O evento foi organizado pelo Conselho Tutelar em parceria com a dire\u00e7\u00e3o da institui\u00e7\u00e3o de ensino.<\/p>\n<p style=\"text-align: justify;\">A palestra foi ministrada pela Dra. Luciana Nunes Falc\u00e3o Mendes, Delegada de Pol\u00edcia titular da Delegacia de Defesa da Mulher de Dracena\/SP, que abordou o tema da viol\u00eancia dom\u00e9stica contra a mulher, os tipos de viol\u00eancia e os canais para den\u00fancia de crimes.<\/p>\n<p style=\"text-align: justify;\">Essa a\u00e7\u00e3o preventiva de combate \u00e0 viol\u00eancia dom\u00e9stica e familiar contra a mulher e ao feminic\u00eddio fez parte das comemora\u00e7\u00f5es do Dia Internacional da Mulher, celebrado na \u00faltima sexta-feira (8).<\/p>\n<p style=\"text-align: justify;\">Colabore voc\u00ea tamb\u00e9m com o combate \u00e0 viol\u00eancia dom\u00e9stica, denuncie ligando para o disque 190 da Pol\u00edcia Militar em caso de emerg\u00eancia iminente; ou ainda atrav\u00e9s do disque 197 da Pol\u00edcia Civil e do 180 da Central de Atendimento \u00e0 Mulher. Sua identidade ser\u00e1 mantida em sigilo.<\/p>\n<p><img loading=\"lazy\" decoding=\"async\" class=\"alignnone size-full wp-image-84988\" src=\"https:\/\/jorgezanoni.com.br\/2019\/wp-content\/uploads\/2024\/03\/sjpd-Pequeno.jpg\" alt=\"\" width=\"548\" height=\"480\" srcset=\"https:\/\/jorgezanoni.com.br\/2019\/wp-content\/uploads\/2024\/03\/sjpd-Pequeno.jpg 548w, https:\/\/jorgezanoni.com.br\/2019\/wp-content\/uploads\/2024\/03\/sjpd-Pequeno-300x263.jpg 300w, https:\/\/jorgezanoni.com.br\/2019\/wp-content\/uploads\/2024\/03\/sjpd-Pequeno-480x420.jpg 480w\" sizes=\"auto, (max-width: 548px) 100vw, 548px\" \/> <img loading=\"lazy\" decoding=\"async\" class=\"alignnone size-full wp-image-84989\" src=\"https:\/\/jorgezanoni.com.br\/2019\/wp-content\/uploads\/2024\/03\/sjpd1-Pequeno.jpg\" alt=\"\" width=\"711\" height=\"480\" srcset=\"https:\/\/jorgezanoni.com.br\/2019\/wp-content\/uploads\/2024\/03\/sjpd1-Pequeno.jpg 711w, https:\/\/jorgezanoni.com.br\/2019\/wp-content\/uploads\/2024\/03\/sjpd1-Pequeno-300x203.jpg 300w, https:\/\/jorgezanoni.com.br\/2019\/wp-content\/uploads\/2024\/03\/sjpd1-Pequeno-696x470.jpg 696w, https:\/\/jorgezanoni.com.br\/2019\/wp-content\/uploads\/2024\/03\/sjpd1-Pequeno-622x420.jpg 622w\" sizes=\"auto, (max-width: 711px) 100vw, 711px\" \/><\/p>\n<p>Fonte: Com. Social Pol\u00edcia Civil<\/p>\n","protected":false},"excerpt":{"rendered":"<p>A Pol\u00edcia Civil, por interm\u00e9dio da Delegacia de Defesa da Mulher \u2013 DDM de Dracena, realizou nesta ter\u00e7a-feira (12) uma palestra sobre \u201cViol\u00eancia Dom\u00e9stica\u201d, para alunos do ensino fundamental e m\u00e9dio da Escola de Programa de Ensino Integrado &#8211; E.E. Salvador Ramos de Moura, na cidade de S\u00e3o Jo\u00e3o do Pau D\u00b4Alho. O evento foi [&hellip;]<\/p>\n","protected":false},"author":1,"featured_media":84987,"comment_status":"closed","ping_status":"open","sticky":false,"template":"","format":"standard","meta":{"footnotes":""},"categories":[110,2],"tags":[],"class_list":["post-84986","post","type-post","status-publish","format-standard","has-post-thumbnail","hentry","category-noticiasdestaque","category-policial"],"_links":{"self":[{"href":"https:\/\/jorgezanoni.com.br\/2019\/wp-json\/wp\/v2\/posts\/84986","targetHints":{"allow":["GET"]}}],"collection":[{"href":"https:\/\/jorgezanoni.com.br\/2019\/wp-json\/wp\/v2\/posts"}],"about":[{"href":"https:\/\/jorgezanoni.com.br\/2019\/wp-json\/wp\/v2\/types\/post"}],"author":[{"embeddable":true,"href":"https:\/\/jorgezanoni.com.br\/2019\/wp-json\/wp\/v2\/users\/1"}],"replies":[{"embeddable":true,"href":"https:\/\/jorgezanoni.com.br\/2019\/wp-json\/wp\/v2\/comments?post=84986"}],"version-history":[{"count":1,"href":"https:\/\/jorgezanoni.com.br\/2019\/wp-json\/wp\/v2\/posts\/84986\/revisions"}],"predecessor-version":[{"id":84990,"href":"https:\/\/jorgezanoni.com.br\/2019\/wp-json\/wp\/v2\/posts\/84986\/revisions\/84990"}],"wp:featuredmedia":[{"embeddable":true,"href":"https:\/\/jorgezanoni.com.br\/2019\/wp-json\/wp\/v2\/media\/84987"}],"wp:attachment":[{"href":"https:\/\/jorgezanoni.com.br\/2019\/wp-json\/wp\/v2\/media?parent=84986"}],"wp:term":[{"taxonomy":"category","embeddable":true,"href":"https:\/\/jorgezanoni.com.br\/2019\/wp-json\/wp\/v2\/categories?post=84986"},{"taxonomy":"post_tag","embeddable":true,"href":"https:\/\/jorgezanoni.com.br\/2019\/wp-json\/wp\/v2\/tags?post=84986"}],"curies":[{"name":"wp","href":"https:\/\/api.w.org\/{rel}","templated":true}]}}