{"id":84983,"date":"2024-03-13T16:18:30","date_gmt":"2024-03-13T16:18:30","guid":{"rendered":"https:\/\/jorgezanoni.com.br\/2019\/?p=84983"},"modified":"2024-03-13T16:18:30","modified_gmt":"2024-03-13T16:18:30","slug":"policia-civil-participa-de-projeto-de-aula-eletiva-em-escola-municipal-no-distrito-de-jamaica-em-dracena","status":"publish","type":"post","link":"https:\/\/jorgezanoni.com.br\/2019\/policia-civil-participa-de-projeto-de-aula-eletiva-em-escola-municipal-no-distrito-de-jamaica-em-dracena\/","title":{"rendered":"Pol\u00edcia Civil participa de projeto de aula eletiva em escola municipal no Distrito de Jamaica em Dracena"},"content":{"rendered":"<p style=\"text-align: justify;\">A Pol\u00edcia Civil, por interm\u00e9dio da Delegacia Seccional de Pol\u00edcia de Dracena, participou nesta ter\u00e7a-feira (12) de um projeto de aula eletiva, atendendo \u00e0 solicita\u00e7\u00e3o das professoras Sueli Sueko Mioki e Kelly Cristina Pereira Quim Greco, e da diretora Nat\u00e1lia, da EMEFI Amador Franco da Silveira, localizada no Distrito Jamaica, no munic\u00edpio de Dracena.<\/p>\n<p style=\"text-align: justify;\">Na oportunidade, o Delegado de Pol\u00edcia Assistente Dr. F\u00e9res Cury Karam conversou com os alunos do 3\u00ba, 4\u00ba e 5\u00ba anos do ensino fundamental I. O projeto consiste em contar com a presen\u00e7a de ex-alunos da escola (como \u00e9 o caso do Delegado visitante) para discorrer sobre seus estudos, sua vida no distrito e sua profiss\u00e3o atual, no caso, a Pol\u00edcia Civil e as fun\u00e7\u00f5es de Delegado de Pol\u00edcia.<\/p>\n<p style=\"text-align: justify;\">Reunidos em uma sala especialmente preparada para o evento, os alunos, o Delegado e as professoras conversaram sobre aspectos policiais, requisitos para a profiss\u00e3o, atribui\u00e7\u00f5es, entre outros conhecimentos, com muitas perguntas sendo feitas e respondidas.<\/p>\n<p style=\"text-align: justify;\">O Delegado Assistente da Delegacia Seccional de Pol\u00edcia de Dracena e professor de Rela\u00e7\u00f5es P\u00fablicas da Academia de Pol\u00edcia de S\u00e3o Paulo em Presidente Prudente, F\u00e9res Cury Karam, que nasceu em Jamaica e l\u00e1 frequentou o antigo Grupo Escolar nos anos de 1961\/1962, no pr\u00e9dio antigo, conversou com todos, respondendo perguntas, prestando informa\u00e7\u00f5es e interagindo com alunos e professores em uma manh\u00e3 agrad\u00e1vel.<\/p>\n<p>Fonte: Com. Social Pol\u00edcia Civil<\/p>\n","protected":false},"excerpt":{"rendered":"<p>A Pol\u00edcia Civil, por interm\u00e9dio da Delegacia Seccional de Pol\u00edcia de Dracena, participou nesta ter\u00e7a-feira (12) de um projeto de aula eletiva, atendendo \u00e0 solicita\u00e7\u00e3o das professoras Sueli Sueko Mioki e Kelly Cristina Pereira Quim Greco, e da diretora Nat\u00e1lia, da EMEFI Amador Franco da Silveira, localizada no Distrito Jamaica, no munic\u00edpio de Dracena. Na [&hellip;]<\/p>\n","protected":false},"author":1,"featured_media":84984,"comment_status":"closed","ping_status":"open","sticky":false,"template":"","format":"standard","meta":{"footnotes":""},"categories":[110,2],"tags":[],"class_list":["post-84983","post","type-post","status-publish","format-standard","has-post-thumbnail","hentry","category-noticiasdestaque","category-policial"],"_links":{"self":[{"href":"https:\/\/jorgezanoni.com.br\/2019\/wp-json\/wp\/v2\/posts\/84983","targetHints":{"allow":["GET"]}}],"collection":[{"href":"https:\/\/jorgezanoni.com.br\/2019\/wp-json\/wp\/v2\/posts"}],"about":[{"href":"https:\/\/jorgezanoni.com.br\/2019\/wp-json\/wp\/v2\/types\/post"}],"author":[{"embeddable":true,"href":"https:\/\/jorgezanoni.com.br\/2019\/wp-json\/wp\/v2\/users\/1"}],"replies":[{"embeddable":true,"href":"https:\/\/jorgezanoni.com.br\/2019\/wp-json\/wp\/v2\/comments?post=84983"}],"version-history":[{"count":1,"href":"https:\/\/jorgezanoni.com.br\/2019\/wp-json\/wp\/v2\/posts\/84983\/revisions"}],"predecessor-version":[{"id":84985,"href":"https:\/\/jorgezanoni.com.br\/2019\/wp-json\/wp\/v2\/posts\/84983\/revisions\/84985"}],"wp:featuredmedia":[{"embeddable":true,"href":"https:\/\/jorgezanoni.com.br\/2019\/wp-json\/wp\/v2\/media\/84984"}],"wp:attachment":[{"href":"https:\/\/jorgezanoni.com.br\/2019\/wp-json\/wp\/v2\/media?parent=84983"}],"wp:term":[{"taxonomy":"category","embeddable":true,"href":"https:\/\/jorgezanoni.com.br\/2019\/wp-json\/wp\/v2\/categories?post=84983"},{"taxonomy":"post_tag","embeddable":true,"href":"https:\/\/jorgezanoni.com.br\/2019\/wp-json\/wp\/v2\/tags?post=84983"}],"curies":[{"name":"wp","href":"https:\/\/api.w.org\/{rel}","templated":true}]}}