{"id":84980,"date":"2024-03-13T11:16:59","date_gmt":"2024-03-13T11:16:59","guid":{"rendered":"https:\/\/jorgezanoni.com.br\/2019\/?p=84980"},"modified":"2024-03-13T11:16:59","modified_gmt":"2024-03-13T11:16:59","slug":"sp-294-cinco-novos-radares-iniciam-operacao-na-proxima-segunda","status":"publish","type":"post","link":"https:\/\/jorgezanoni.com.br\/2019\/sp-294-cinco-novos-radares-iniciam-operacao-na-proxima-segunda\/","title":{"rendered":"SP-294: Cinco novos radares iniciam opera\u00e7\u00e3o na pr\u00f3xima segunda"},"content":{"rendered":"<p class=\"v1MsoNormal\" style=\"text-align: justify;\" align=\"center\"><strong><i><span lang=\"PT\">Equipamentos instalados na SP 294, no trecho entre Vera Cruz e Fl\u00f3rida Paulista, entram em funcionamento ap\u00f3s homologa\u00e7\u00e3o do DER.<\/span><\/i><\/strong><\/p>\n<p class=\"v1MsoNormal\" style=\"text-align: justify;\"><span lang=\"PT\">Cinco novos radares entrar\u00e3o em opera\u00e7\u00e3o na SP 294 \u2013 Rodovia Comandante Jo\u00e3o Ribeiro de Barros, a partir da pr\u00f3xima segunda-feira (18). Os equipamentos est\u00e3o instalados nos trechos de Mar\u00edlia, Vera Cruz, Tup\u00e3, Adamantina e Fl\u00f3rida Paulista, administrados pela Eixo SP. Veja a localiza\u00e7\u00e3o exata na tabela abaixo.<\/span><\/p>\n<p class=\"v1MsoNormal\" style=\"text-align: justify;\"><span lang=\"PT\">Os radares iniciam fiscaliza\u00e7\u00e3o ap\u00f3s homologa\u00e7\u00e3o do Departamento de Estradas de Rodagem (DER), \u00f3rg\u00e3o respons\u00e1vel pela aplica\u00e7\u00e3o das multas. A autoriza\u00e7\u00e3o para o in\u00edcio da fiscaliza\u00e7\u00e3o foi publicada no Di\u00e1rio Oficial desta ter\u00e7a-feira (12). A instala\u00e7\u00e3o e a opera\u00e7\u00e3o dos radares atendem a uma determina\u00e7\u00e3o do contrato de concess\u00e3o. Para a coordenadora de Seguran\u00e7a Vi\u00e1ria da Eixo SP, Viviane Riveli de Carvalho, os equipamentos s\u00e3o aliados importantes para a seguran\u00e7a dos usu\u00e1rios. Segundo ela, a velocidade excessiva \u00e9 um dos principais fatores que contribuem para o registro de acidentes.<\/span><\/p>\n<p class=\"v1MsoNormal\" style=\"text-align: justify;\"><b><span lang=\"PT\">Veja abaixo os locais onde come\u00e7am a operar os novos equipamentos.<\/span><\/b><\/p>\n<p class=\"v1MsoNormal\" style=\"text-align: justify;\"><span lang=\"PT\">SP 294 &#8211; km 436+600 (pista sentido oeste) &#8211; Vel\/m\u00e1x 110\/90 \u2013 Vera Cruz<\/span><\/p>\n<p class=\"v1MsoNormal\" style=\"text-align: justify;\"><span lang=\"PT\">SP 294 &#8211; km 442+600 (pista sentido oeste) &#8211; Vel\/m\u00e1x 80\/80 &#8211; Mar\u00edlia<\/span><\/p>\n<p class=\"v1MsoNormal\" style=\"text-align: justify;\"><span lang=\"PT\">SP 294 &#8211; km 523+850 (pista sentido oeste) &#8211; Vel\/m\u00e1x 60\/60 \u2013 Tup\u00e3<\/span><\/p>\n<p class=\"v1MsoNormal\" style=\"text-align: justify;\"><span lang=\"PT\">SP 294 \u2013 km 597+000 (pista sentido leste) \u2013 Vel\/m\u00e1x 100\/80 \u2013 Adamantina<\/span><\/p>\n<p class=\"v1MsoNormal\" style=\"text-align: justify;\"><span lang=\"PT\">SP 294 \u2013 km 612+000 (pista sentido leste) \u2013 Vel\/m\u00e1x 80\/80 \u2013 Fl\u00f3rida Paulista<\/span><\/p>\n<p class=\"v1MsoNormal\" style=\"text-align: justify;\"><b><span lang=\"PT\">Sobre a Eixo SP<\/span><\/b><\/p>\n<p class=\"v1MsoNormal\" style=\"text-align: justify;\"><span lang=\"PT\">A Eixo SP Concession\u00e1ria de Rodovias administra mais de 1.221 km de estradas que passam por 62 munic\u00edpios da regi\u00e3o de Rio Claro, no centro do Estado, at\u00e9 Panorama, no extremo oeste, na divisa com o Mato Grosso do Sul. O maior contrato sob supervis\u00e3o da Artesp (Ag\u00eancia Reguladora de Transportes do Estado de S\u00e3o Paulo) ter\u00e1 investimentos na ordem de R$ 14 bilh\u00f5es em obras de amplia\u00e7\u00e3o, conserva\u00e7\u00e3o, al\u00e9m da moderniza\u00e7\u00e3o de servi\u00e7os ao usu\u00e1rio. Para mais informa\u00e7\u00f5es acesse:\u00a0<a href=\"http:\/\/www.eixosp.com.br\/\" target=\"_blank\" rel=\"noopener noreferrer\">www.eixosp.com.br<\/a>.<\/span><\/p>\n<p>Fonte: Assessoria Eixo<\/p>\n","protected":false},"excerpt":{"rendered":"<p>Equipamentos instalados na SP 294, no trecho entre Vera Cruz e Fl\u00f3rida Paulista, entram em funcionamento ap\u00f3s homologa\u00e7\u00e3o do DER. Cinco novos radares entrar\u00e3o em opera\u00e7\u00e3o na SP 294 \u2013 Rodovia Comandante Jo\u00e3o Ribeiro de Barros, a partir da pr\u00f3xima segunda-feira (18). Os equipamentos est\u00e3o instalados nos trechos de Mar\u00edlia, Vera Cruz, Tup\u00e3, Adamantina e [&hellip;]<\/p>\n","protected":false},"author":1,"featured_media":84981,"comment_status":"closed","ping_status":"open","sticky":false,"template":"","format":"standard","meta":{"footnotes":""},"categories":[180,110],"tags":[],"class_list":["post-84980","post","type-post","status-publish","format-standard","has-post-thumbnail","hentry","category-estradastransitoveiculos","category-noticiasdestaque"],"_links":{"self":[{"href":"https:\/\/jorgezanoni.com.br\/2019\/wp-json\/wp\/v2\/posts\/84980","targetHints":{"allow":["GET"]}}],"collection":[{"href":"https:\/\/jorgezanoni.com.br\/2019\/wp-json\/wp\/v2\/posts"}],"about":[{"href":"https:\/\/jorgezanoni.com.br\/2019\/wp-json\/wp\/v2\/types\/post"}],"author":[{"embeddable":true,"href":"https:\/\/jorgezanoni.com.br\/2019\/wp-json\/wp\/v2\/users\/1"}],"replies":[{"embeddable":true,"href":"https:\/\/jorgezanoni.com.br\/2019\/wp-json\/wp\/v2\/comments?post=84980"}],"version-history":[{"count":1,"href":"https:\/\/jorgezanoni.com.br\/2019\/wp-json\/wp\/v2\/posts\/84980\/revisions"}],"predecessor-version":[{"id":84982,"href":"https:\/\/jorgezanoni.com.br\/2019\/wp-json\/wp\/v2\/posts\/84980\/revisions\/84982"}],"wp:featuredmedia":[{"embeddable":true,"href":"https:\/\/jorgezanoni.com.br\/2019\/wp-json\/wp\/v2\/media\/84981"}],"wp:attachment":[{"href":"https:\/\/jorgezanoni.com.br\/2019\/wp-json\/wp\/v2\/media?parent=84980"}],"wp:term":[{"taxonomy":"category","embeddable":true,"href":"https:\/\/jorgezanoni.com.br\/2019\/wp-json\/wp\/v2\/categories?post=84980"},{"taxonomy":"post_tag","embeddable":true,"href":"https:\/\/jorgezanoni.com.br\/2019\/wp-json\/wp\/v2\/tags?post=84980"}],"curies":[{"name":"wp","href":"https:\/\/api.w.org\/{rel}","templated":true}]}}