{"id":84953,"date":"2024-03-12T22:08:54","date_gmt":"2024-03-12T22:08:54","guid":{"rendered":"https:\/\/jorgezanoni.com.br\/2019\/?p=84953"},"modified":"2024-03-12T22:19:25","modified_gmt":"2024-03-12T22:19:25","slug":"acidente-entre-carro-e-moto-deixa-mulher-ferida-em-dracena","status":"publish","type":"post","link":"https:\/\/jorgezanoni.com.br\/2019\/acidente-entre-carro-e-moto-deixa-mulher-ferida-em-dracena\/","title":{"rendered":"Acidente entre carro e moto deixa mulher ferida em Dracena"},"content":{"rendered":"<p style=\"text-align: justify;\"><strong>Outros acidentes j\u00e1 foram registrados no mesmo local e tamb\u00e9m com v\u00edtimas.<\/strong><\/p>\n<p style=\"text-align: justify;\">Por volta de 15:20 H. desta ter\u00e7a-feira (12), foi registrado um acidente com v\u00edtima, na esquina das Ruas princesa Isabel com Nossa Senhora Aparecida. (Esquina da C\u00e2mara Municipal de Dracena).<\/p>\n<p style=\"text-align: justify;\">Segundo informa\u00e7\u00f5es obtidas no local pela leportagem do SITE JZ e TOP TV, a motocicleta placa de Birigui, pilotada por uma mulher de 33 anos, fazia o sentido bairro-centro pela Princesa Isabel (via preferencial), quando foi colidida por um ve\u00edculo prisma, placas de Dracena, que fazia o sentido bairro-centro pela N.S.Aparecida, tamb\u00e9m tendo uma mulher como condutora.<\/p>\n<p style=\"text-align: justify;\">Com o impacto da batida, a motociclista foi arremessada ao solo, sofrendo escoria\u00e7\u00f5es e com poss\u00edvel fratura em uma das pernas.<\/p>\n<p style=\"text-align: justify;\">Uma Unidade de Resgate do Corpo de Bombeiros socorreu a mulher at\u00e9 o Pronto Atendimento Municipal no Bairro S\u00e3o Crist\u00f3v\u00e3o. A motorista do carro nada sofreu.<\/p>\n<p style=\"text-align: justify;\">As Pol\u00edcias Militar e T\u00e9rcnica estiveram no local para confec\u00e7\u00e3o do B.O e levantamento de dados que ir\u00e3o apontar as reais cauisas do acidente.<\/p>\n<p><img loading=\"lazy\" decoding=\"async\" class=\"alignnone size-full wp-image-84955\" src=\"https:\/\/jorgezanoni.com.br\/2019\/wp-content\/uploads\/2024\/03\/IMG_9137-Pequeno-Pequeno.jpg\" alt=\"\" width=\"640\" height=\"480\" srcset=\"https:\/\/jorgezanoni.com.br\/2019\/wp-content\/uploads\/2024\/03\/IMG_9137-Pequeno-Pequeno.jpg 640w, https:\/\/jorgezanoni.com.br\/2019\/wp-content\/uploads\/2024\/03\/IMG_9137-Pequeno-Pequeno-300x225.jpg 300w, https:\/\/jorgezanoni.com.br\/2019\/wp-content\/uploads\/2024\/03\/IMG_9137-Pequeno-Pequeno-80x60.jpg 80w, https:\/\/jorgezanoni.com.br\/2019\/wp-content\/uploads\/2024\/03\/IMG_9137-Pequeno-Pequeno-265x198.jpg 265w, https:\/\/jorgezanoni.com.br\/2019\/wp-content\/uploads\/2024\/03\/IMG_9137-Pequeno-Pequeno-560x420.jpg 560w\" sizes=\"auto, (max-width: 640px) 100vw, 640px\" \/> <img loading=\"lazy\" decoding=\"async\" class=\"alignnone size-full wp-image-84956\" src=\"https:\/\/jorgezanoni.com.br\/2019\/wp-content\/uploads\/2024\/03\/IMG_9138-Pequeno-Pequeno.jpg\" alt=\"\" width=\"640\" height=\"480\" srcset=\"https:\/\/jorgezanoni.com.br\/2019\/wp-content\/uploads\/2024\/03\/IMG_9138-Pequeno-Pequeno.jpg 640w, https:\/\/jorgezanoni.com.br\/2019\/wp-content\/uploads\/2024\/03\/IMG_9138-Pequeno-Pequeno-300x225.jpg 300w, https:\/\/jorgezanoni.com.br\/2019\/wp-content\/uploads\/2024\/03\/IMG_9138-Pequeno-Pequeno-80x60.jpg 80w, https:\/\/jorgezanoni.com.br\/2019\/wp-content\/uploads\/2024\/03\/IMG_9138-Pequeno-Pequeno-265x198.jpg 265w, https:\/\/jorgezanoni.com.br\/2019\/wp-content\/uploads\/2024\/03\/IMG_9138-Pequeno-Pequeno-560x420.jpg 560w\" sizes=\"auto, (max-width: 640px) 100vw, 640px\" \/> <img loading=\"lazy\" decoding=\"async\" class=\"alignnone size-full wp-image-84957\" src=\"https:\/\/jorgezanoni.com.br\/2019\/wp-content\/uploads\/2024\/03\/IMG_9139-Pequeno-Pequeno.jpg\" alt=\"\" width=\"640\" height=\"480\" srcset=\"https:\/\/jorgezanoni.com.br\/2019\/wp-content\/uploads\/2024\/03\/IMG_9139-Pequeno-Pequeno.jpg 640w, https:\/\/jorgezanoni.com.br\/2019\/wp-content\/uploads\/2024\/03\/IMG_9139-Pequeno-Pequeno-300x225.jpg 300w, https:\/\/jorgezanoni.com.br\/2019\/wp-content\/uploads\/2024\/03\/IMG_9139-Pequeno-Pequeno-80x60.jpg 80w, https:\/\/jorgezanoni.com.br\/2019\/wp-content\/uploads\/2024\/03\/IMG_9139-Pequeno-Pequeno-265x198.jpg 265w, https:\/\/jorgezanoni.com.br\/2019\/wp-content\/uploads\/2024\/03\/IMG_9139-Pequeno-Pequeno-560x420.jpg 560w\" sizes=\"auto, (max-width: 640px) 100vw, 640px\" \/><\/p>\n<p>Jorge Zanoni<\/p>\n","protected":false},"excerpt":{"rendered":"<p>Outros acidentes j\u00e1 foram registrados no mesmo local e tamb\u00e9m com v\u00edtimas. Por volta de 15:20 H. desta ter\u00e7a-feira (12), foi registrado um acidente com v\u00edtima, na esquina das Ruas princesa Isabel com Nossa Senhora Aparecida. (Esquina da C\u00e2mara Municipal de Dracena). Segundo informa\u00e7\u00f5es obtidas no local pela leportagem do SITE JZ e TOP TV, [&hellip;]<\/p>\n","protected":false},"author":1,"featured_media":84954,"comment_status":"closed","ping_status":"open","sticky":false,"template":"","format":"standard","meta":{"footnotes":""},"categories":[170,110],"tags":[],"class_list":["post-84953","post","type-post","status-publish","format-standard","has-post-thumbnail","hentry","category-acidentes","category-noticiasdestaque"],"_links":{"self":[{"href":"https:\/\/jorgezanoni.com.br\/2019\/wp-json\/wp\/v2\/posts\/84953","targetHints":{"allow":["GET"]}}],"collection":[{"href":"https:\/\/jorgezanoni.com.br\/2019\/wp-json\/wp\/v2\/posts"}],"about":[{"href":"https:\/\/jorgezanoni.com.br\/2019\/wp-json\/wp\/v2\/types\/post"}],"author":[{"embeddable":true,"href":"https:\/\/jorgezanoni.com.br\/2019\/wp-json\/wp\/v2\/users\/1"}],"replies":[{"embeddable":true,"href":"https:\/\/jorgezanoni.com.br\/2019\/wp-json\/wp\/v2\/comments?post=84953"}],"version-history":[{"count":3,"href":"https:\/\/jorgezanoni.com.br\/2019\/wp-json\/wp\/v2\/posts\/84953\/revisions"}],"predecessor-version":[{"id":84962,"href":"https:\/\/jorgezanoni.com.br\/2019\/wp-json\/wp\/v2\/posts\/84953\/revisions\/84962"}],"wp:featuredmedia":[{"embeddable":true,"href":"https:\/\/jorgezanoni.com.br\/2019\/wp-json\/wp\/v2\/media\/84954"}],"wp:attachment":[{"href":"https:\/\/jorgezanoni.com.br\/2019\/wp-json\/wp\/v2\/media?parent=84953"}],"wp:term":[{"taxonomy":"category","embeddable":true,"href":"https:\/\/jorgezanoni.com.br\/2019\/wp-json\/wp\/v2\/categories?post=84953"},{"taxonomy":"post_tag","embeddable":true,"href":"https:\/\/jorgezanoni.com.br\/2019\/wp-json\/wp\/v2\/tags?post=84953"}],"curies":[{"name":"wp","href":"https:\/\/api.w.org\/{rel}","templated":true}]}}