{"id":84948,"date":"2024-03-12T01:33:37","date_gmt":"2024-03-12T01:33:37","guid":{"rendered":"https:\/\/jorgezanoni.com.br\/2019\/?p=84948"},"modified":"2024-03-12T01:33:37","modified_gmt":"2024-03-12T01:33:37","slug":"policia-civil-e-tema-de-palestra-vocacional-ministrada-para-alunos-de-cursos-profissionalizantes-em-dracena","status":"publish","type":"post","link":"https:\/\/jorgezanoni.com.br\/2019\/policia-civil-e-tema-de-palestra-vocacional-ministrada-para-alunos-de-cursos-profissionalizantes-em-dracena\/","title":{"rendered":"Pol\u00edcia Civil \u00e9 tema de palestra vocacional ministrada para alunos de cursos profissionalizantes em Dracena"},"content":{"rendered":"<p style=\"text-align: justify;\">A Pol\u00edcia Civil, por interm\u00e9dio da Delegacia Seccional de Pol\u00edcia de Dracena, ministrou, em parceria com a Prefeitura Municipal de Dracena e o Centro de Treinamento do Senai, uma palestra com a tem\u00e1tica sobre voca\u00e7\u00e3o profissional nesta segunda-feira (11).<\/p>\n<p style=\"text-align: justify;\">Na ocasi\u00e3o, o Agente Policial Reginaldo Rosa, representando o setor de Comunica\u00e7\u00e3o Social da Seccional de Dracena, falou sobre a hist\u00f3ria da Pol\u00edcia Civil, as atribui\u00e7\u00f5es de pol\u00edcia judici\u00e1ria, os requisitos necess\u00e1rios para ingressar na profiss\u00e3o e, por fim, esclareceu as d\u00favidas dos alunos.<\/p>\n<p style=\"text-align: justify;\">O objetivo do encontro foi despertar nos alunos aprendizes a voca\u00e7\u00e3o para a escolha do futuro profissional de cada um, alinhada \u00e0s suas habilidades, expectativas e estilo de vida.<\/p>\n<p><img loading=\"lazy\" decoding=\"async\" class=\"alignnone size-full wp-image-84950\" src=\"https:\/\/jorgezanoni.com.br\/2019\/wp-content\/uploads\/2024\/03\/z-pc-Pequeno.jpg\" alt=\"\" width=\"476\" height=\"480\" srcset=\"https:\/\/jorgezanoni.com.br\/2019\/wp-content\/uploads\/2024\/03\/z-pc-Pequeno.jpg 476w, https:\/\/jorgezanoni.com.br\/2019\/wp-content\/uploads\/2024\/03\/z-pc-Pequeno-298x300.jpg 298w, https:\/\/jorgezanoni.com.br\/2019\/wp-content\/uploads\/2024\/03\/z-pc-Pequeno-150x150.jpg 150w, https:\/\/jorgezanoni.com.br\/2019\/wp-content\/uploads\/2024\/03\/z-pc-Pequeno-417x420.jpg 417w\" sizes=\"auto, (max-width: 476px) 100vw, 476px\" \/><\/p>\n<p>Fonte: Com. Social Pol\u00edcia Civil<\/p>\n","protected":false},"excerpt":{"rendered":"<p>A Pol\u00edcia Civil, por interm\u00e9dio da Delegacia Seccional de Pol\u00edcia de Dracena, ministrou, em parceria com a Prefeitura Municipal de Dracena e o Centro de Treinamento do Senai, uma palestra com a tem\u00e1tica sobre voca\u00e7\u00e3o profissional nesta segunda-feira (11). Na ocasi\u00e3o, o Agente Policial Reginaldo Rosa, representando o setor de Comunica\u00e7\u00e3o Social da Seccional de [&hellip;]<\/p>\n","protected":false},"author":1,"featured_media":84950,"comment_status":"closed","ping_status":"open","sticky":false,"template":"","format":"standard","meta":{"footnotes":""},"categories":[110,2],"tags":[],"class_list":["post-84948","post","type-post","status-publish","format-standard","has-post-thumbnail","hentry","category-noticiasdestaque","category-policial"],"_links":{"self":[{"href":"https:\/\/jorgezanoni.com.br\/2019\/wp-json\/wp\/v2\/posts\/84948","targetHints":{"allow":["GET"]}}],"collection":[{"href":"https:\/\/jorgezanoni.com.br\/2019\/wp-json\/wp\/v2\/posts"}],"about":[{"href":"https:\/\/jorgezanoni.com.br\/2019\/wp-json\/wp\/v2\/types\/post"}],"author":[{"embeddable":true,"href":"https:\/\/jorgezanoni.com.br\/2019\/wp-json\/wp\/v2\/users\/1"}],"replies":[{"embeddable":true,"href":"https:\/\/jorgezanoni.com.br\/2019\/wp-json\/wp\/v2\/comments?post=84948"}],"version-history":[{"count":1,"href":"https:\/\/jorgezanoni.com.br\/2019\/wp-json\/wp\/v2\/posts\/84948\/revisions"}],"predecessor-version":[{"id":84951,"href":"https:\/\/jorgezanoni.com.br\/2019\/wp-json\/wp\/v2\/posts\/84948\/revisions\/84951"}],"wp:featuredmedia":[{"embeddable":true,"href":"https:\/\/jorgezanoni.com.br\/2019\/wp-json\/wp\/v2\/media\/84950"}],"wp:attachment":[{"href":"https:\/\/jorgezanoni.com.br\/2019\/wp-json\/wp\/v2\/media?parent=84948"}],"wp:term":[{"taxonomy":"category","embeddable":true,"href":"https:\/\/jorgezanoni.com.br\/2019\/wp-json\/wp\/v2\/categories?post=84948"},{"taxonomy":"post_tag","embeddable":true,"href":"https:\/\/jorgezanoni.com.br\/2019\/wp-json\/wp\/v2\/tags?post=84948"}],"curies":[{"name":"wp","href":"https:\/\/api.w.org\/{rel}","templated":true}]}}