{"id":84872,"date":"2024-03-08T22:01:38","date_gmt":"2024-03-08T22:01:38","guid":{"rendered":"https:\/\/jorgezanoni.com.br\/2019\/?p=84872"},"modified":"2024-03-08T22:01:38","modified_gmt":"2024-03-08T22:01:38","slug":"25o-bpm-i-comemora-45-anos-de-criacao-e-comemora-com-solenidade-de-valorizacao","status":"publish","type":"post","link":"https:\/\/jorgezanoni.com.br\/2019\/25o-bpm-i-comemora-45-anos-de-criacao-e-comemora-com-solenidade-de-valorizacao\/","title":{"rendered":"25\u00ba BPM\/I comemora 45 anos de cria\u00e7\u00e3o e comemora com Solenidade de Valoriza\u00e7\u00e3o"},"content":{"rendered":"<p style=\"text-align: justify;\">NOTA PARA IMPRENSA<\/p>\n<p>O Vig\u00e9simo Quinto Batalh\u00e3o de Pol\u00edcia Militar do Interior comemora neste dia 08 de mar\u00e7o de 2024, 45 anos de cria\u00e7\u00e3o e, para tanto, realizou na manh\u00e3 de hoje (07) uma solenidade de Valoriza\u00e7\u00e3o Policial Militar \u00e0s 09h, na sede do 25\u00ba BPM\/I em Dracena com a participa\u00e7\u00e3o de policiais militares, familiares e autoridades civis e militares.<br \/>\nNa presente solenidade, foram entregues L\u00e1urea de M\u00e9rito Pessoal aos policiais militares, que \u00e9 uma comenda, a qual possui 5 graus, e \u00e9 concedida aos policiais que se destacaram por seus m\u00e9ritos pessoais no cumprimento do dever, objetivando, tamb\u00e9m, elevar o moral, o espirito de corpo e o fortalecimento dos valores policiais militares.<br \/>\nFoi feita ainda uma homenagem as mulheres que se fizeram presentes na solenidade pelo Dia Internacional da Mulher amanh\u00e3 dia 08 de mar\u00e7o, homenagem aos policiais militares que passaram para a inatividade (aposentadoria) e tamb\u00e9m policiais militares que se destacaram na atividade operacional durante o ano de 2023, sendo escolhidos como \u201cPoliciais Militares do Ano de 2023\u201d.<br \/>\nO evento contou com a presen\u00e7a de autoridades, civis e militares locais, regionais e dos Comandantes das Unidades da regi\u00e3o do CPI-8. Fizeram o uso da palavra ao final do evento o prefeito de Dracena Andr\u00e9 Lemos, Ju\u00edza de Direito Dra Alexia Domene Elgenio, o Comandante do CPI-8 Coronel PM M\u00e1rcio Cortez Maya Garcia, mais alta autoridade militar do evento e o Tenente Coronel PM J\u00falio Marcelo Romagnoli dos Santos, Comandante do 25\u00ba BPM\/I.<br \/>\nFoi servido um caf\u00e9 da manh\u00e3 \u00e0 todos os presentes e homenagens as mulheres com apoio dos colaboradores, Secretaria de Educa\u00e7\u00e3o, SENAI, Feito \u00e0 m\u00e3o, loja de decora\u00e7\u00e3o &#8211; propriet\u00e1ria Marcela Furlan, JTR Pe\u00e7as e Servi\u00e7os Automotivos, Srs. Rafael Teixeira, Tiago Teixeira e Carlos Teixeira, Supermercado Prata, Rede Troyano atrav\u00e9s do diretor M\u00e1rcio Lima, Mercado Bahia, Lider Corretora de Seguros atrav\u00e9s do Sr Ronaldo de Souza e Sr Carmo Roberto de Souza, Oficina Tecnocar, Sr. M\u00e1rio e Fabiano e Oficina Brava de Dracena, COCIPA, em In\u00fabia Paulista, Concebel de Adamantina atrav\u00e9s do Sr. Marcos Ravazzi, A loja Face Nova de Junqueir\u00f3polis, Saura Mais BB, atrav\u00e9s da Sra Nayara Rondi e Banco do Brasil, atrav\u00e9s do Sr Juliano e Murilo, Aline Decora\u00e7\u00e3o, Casa de Bolos atrav\u00e9s da Sra J\u00e9ssica e Sr. Gustavo e a Mary Kay, atrav\u00e9s da consultora Talita Lemes.<br \/>\nO 25\u00ba Batalh\u00e3o de Pol\u00edcia Militar do Interior foi criado por for\u00e7a do Decreto n\u00ba 13.167, de 23 de janeiro de 1979, e oficialmente instalado em 08 de mar\u00e7o de 1979, nesta cidade de Dracena.<br \/>\nDesde ent\u00e3o, o Batalh\u00e3o passou a responder pela seguran\u00e7a e tranquilidade p\u00fablicas da regi\u00e3o da Nova Alta Paulista, com abrang\u00eancia de 22 munic\u00edpios &#8211; de Osvaldo Cruz a Panorama \u2013 onde est\u00e3o instaladas as cinco Companhias Operacionais de policiamento, sediadas respectivamente em Dracena, Adamantina, Osvaldo Cruz, Tupi Paulista e por meio das quais o Batalh\u00e3o gerencia o Radiopatrulhamento urbano e rural, o Policiamento Escolar, o Policiamento Integrado, o Policiamento Comunit\u00e1rio, as Rondas com Apoio de Motocicletas e For\u00e7a T\u00e1tica, incluindo o Policiamento com C\u00e3es.<br \/>\nParab\u00e9ns 25\u00ba BPM\/I, pela bel\u00edssima Solenidade de cria\u00e7\u00e3o dos 45 anos de cria\u00e7\u00e3o do Batalh\u00e3o e obrigada a todos que diuturnamente fazem esse Batalh\u00e3o e a regi\u00e3o mais segura do Estado.<\/p>\n<p>Dracena, 07 de mar\u00e7o de 2024.<br \/>\nSetor de Comunica\u00e7\u00e3o Social do 25\u00ba BPM\/I<br \/>\nTelefone 3821-3313 ramal 221<br \/>\nRua Alcides Chacon Couto, 502<br \/>\nMetr\u00f3pole \u2013 Dracena\/SP.<\/p>\n","protected":false},"excerpt":{"rendered":"<p>NOTA PARA IMPRENSA O Vig\u00e9simo Quinto Batalh\u00e3o de Pol\u00edcia Militar do Interior comemora neste dia 08 de mar\u00e7o de 2024, 45 anos de cria\u00e7\u00e3o e, para tanto, realizou na manh\u00e3 de hoje (07) uma solenidade de Valoriza\u00e7\u00e3o Policial Militar \u00e0s 09h, na sede do 25\u00ba BPM\/I em Dracena com a participa\u00e7\u00e3o de policiais militares, familiares [&hellip;]<\/p>\n","protected":false},"author":1,"featured_media":84873,"comment_status":"closed","ping_status":"open","sticky":false,"template":"","format":"standard","meta":{"footnotes":""},"categories":[110,2],"tags":[],"class_list":["post-84872","post","type-post","status-publish","format-standard","has-post-thumbnail","hentry","category-noticiasdestaque","category-policial"],"_links":{"self":[{"href":"https:\/\/jorgezanoni.com.br\/2019\/wp-json\/wp\/v2\/posts\/84872","targetHints":{"allow":["GET"]}}],"collection":[{"href":"https:\/\/jorgezanoni.com.br\/2019\/wp-json\/wp\/v2\/posts"}],"about":[{"href":"https:\/\/jorgezanoni.com.br\/2019\/wp-json\/wp\/v2\/types\/post"}],"author":[{"embeddable":true,"href":"https:\/\/jorgezanoni.com.br\/2019\/wp-json\/wp\/v2\/users\/1"}],"replies":[{"embeddable":true,"href":"https:\/\/jorgezanoni.com.br\/2019\/wp-json\/wp\/v2\/comments?post=84872"}],"version-history":[{"count":1,"href":"https:\/\/jorgezanoni.com.br\/2019\/wp-json\/wp\/v2\/posts\/84872\/revisions"}],"predecessor-version":[{"id":84874,"href":"https:\/\/jorgezanoni.com.br\/2019\/wp-json\/wp\/v2\/posts\/84872\/revisions\/84874"}],"wp:featuredmedia":[{"embeddable":true,"href":"https:\/\/jorgezanoni.com.br\/2019\/wp-json\/wp\/v2\/media\/84873"}],"wp:attachment":[{"href":"https:\/\/jorgezanoni.com.br\/2019\/wp-json\/wp\/v2\/media?parent=84872"}],"wp:term":[{"taxonomy":"category","embeddable":true,"href":"https:\/\/jorgezanoni.com.br\/2019\/wp-json\/wp\/v2\/categories?post=84872"},{"taxonomy":"post_tag","embeddable":true,"href":"https:\/\/jorgezanoni.com.br\/2019\/wp-json\/wp\/v2\/tags?post=84872"}],"curies":[{"name":"wp","href":"https:\/\/api.w.org\/{rel}","templated":true}]}}