{"id":84867,"date":"2024-03-08T21:51:29","date_gmt":"2024-03-08T21:51:29","guid":{"rendered":"https:\/\/jorgezanoni.com.br\/2019\/?p=84867"},"modified":"2024-03-08T21:51:29","modified_gmt":"2024-03-08T21:51:29","slug":"dia-internacional-da-mulher-policia-civil-presta-homenagem-as-mulheres-que-atuam-na-instituicao-em-dracena","status":"publish","type":"post","link":"https:\/\/jorgezanoni.com.br\/2019\/dia-internacional-da-mulher-policia-civil-presta-homenagem-as-mulheres-que-atuam-na-instituicao-em-dracena\/","title":{"rendered":"DIA INTERNACIONAL DA MULHER: Pol\u00edcia Civil presta homenagem \u00e0s mulheres que atuam na institui\u00e7\u00e3o em Dracena"},"content":{"rendered":"<p style=\"text-align: justify;\">A Pol\u00edcia Civil, atrav\u00e9s da Delegacia Seccional de Pol\u00edcia de Dracena, realizou nesta sexta-feira (8), uma homenagem \u00e0s policiais civis femininas que atuam na \u00e1rea circunscricional da Seccional de Dracena.<\/p>\n<p style=\"text-align: justify;\">O evento, em alus\u00e3o ao Dia Internacional da Mulher, foi idealizado pela administra\u00e7\u00e3o da Seccional de Dracena, sob a coordena\u00e7\u00e3o do Dr. Alexandre Luis Luengo Lopes, que de forma simb\u00f3lica ofereceu mimos para as policiais femininas e agradeceu por todo o empenho e dedica\u00e7\u00e3o no trabalho prestado em prol da sociedade.<\/p>\n<p style=\"text-align: justify;\">O Delegado Seccional destacou tamb\u00e9m a import\u00e2ncia da representatividade feminina na \u00e1rea da seguran\u00e7a p\u00fablica.<\/p>\n<p><img loading=\"lazy\" decoding=\"async\" class=\"alignnone size-full wp-image-84869\" src=\"https:\/\/jorgezanoni.com.br\/2019\/wp-content\/uploads\/2024\/03\/sec2-Pequeno.jpg\" alt=\"\" width=\"692\" height=\"480\" srcset=\"https:\/\/jorgezanoni.com.br\/2019\/wp-content\/uploads\/2024\/03\/sec2-Pequeno.jpg 692w, https:\/\/jorgezanoni.com.br\/2019\/wp-content\/uploads\/2024\/03\/sec2-Pequeno-300x208.jpg 300w, https:\/\/jorgezanoni.com.br\/2019\/wp-content\/uploads\/2024\/03\/sec2-Pequeno-100x70.jpg 100w, https:\/\/jorgezanoni.com.br\/2019\/wp-content\/uploads\/2024\/03\/sec2-Pequeno-218x150.jpg 218w, https:\/\/jorgezanoni.com.br\/2019\/wp-content\/uploads\/2024\/03\/sec2-Pequeno-606x420.jpg 606w\" sizes=\"auto, (max-width: 692px) 100vw, 692px\" \/> <img loading=\"lazy\" decoding=\"async\" class=\"alignnone size-full wp-image-84870\" src=\"https:\/\/jorgezanoni.com.br\/2019\/wp-content\/uploads\/2024\/03\/sec1-Pequeno.jpg\" alt=\"\" width=\"640\" height=\"480\" srcset=\"https:\/\/jorgezanoni.com.br\/2019\/wp-content\/uploads\/2024\/03\/sec1-Pequeno.jpg 640w, https:\/\/jorgezanoni.com.br\/2019\/wp-content\/uploads\/2024\/03\/sec1-Pequeno-300x225.jpg 300w, https:\/\/jorgezanoni.com.br\/2019\/wp-content\/uploads\/2024\/03\/sec1-Pequeno-80x60.jpg 80w, https:\/\/jorgezanoni.com.br\/2019\/wp-content\/uploads\/2024\/03\/sec1-Pequeno-265x198.jpg 265w, https:\/\/jorgezanoni.com.br\/2019\/wp-content\/uploads\/2024\/03\/sec1-Pequeno-560x420.jpg 560w\" sizes=\"auto, (max-width: 640px) 100vw, 640px\" \/><\/p>\n<p>Fonte: Com. Social Pol\u00edcia Civil<\/p>\n","protected":false},"excerpt":{"rendered":"<p>A Pol\u00edcia Civil, atrav\u00e9s da Delegacia Seccional de Pol\u00edcia de Dracena, realizou nesta sexta-feira (8), uma homenagem \u00e0s policiais civis femininas que atuam na \u00e1rea circunscricional da Seccional de Dracena. O evento, em alus\u00e3o ao Dia Internacional da Mulher, foi idealizado pela administra\u00e7\u00e3o da Seccional de Dracena, sob a coordena\u00e7\u00e3o do Dr. Alexandre Luis Luengo [&hellip;]<\/p>\n","protected":false},"author":1,"featured_media":84868,"comment_status":"closed","ping_status":"open","sticky":false,"template":"","format":"standard","meta":{"footnotes":""},"categories":[110,2],"tags":[],"class_list":["post-84867","post","type-post","status-publish","format-standard","has-post-thumbnail","hentry","category-noticiasdestaque","category-policial"],"_links":{"self":[{"href":"https:\/\/jorgezanoni.com.br\/2019\/wp-json\/wp\/v2\/posts\/84867","targetHints":{"allow":["GET"]}}],"collection":[{"href":"https:\/\/jorgezanoni.com.br\/2019\/wp-json\/wp\/v2\/posts"}],"about":[{"href":"https:\/\/jorgezanoni.com.br\/2019\/wp-json\/wp\/v2\/types\/post"}],"author":[{"embeddable":true,"href":"https:\/\/jorgezanoni.com.br\/2019\/wp-json\/wp\/v2\/users\/1"}],"replies":[{"embeddable":true,"href":"https:\/\/jorgezanoni.com.br\/2019\/wp-json\/wp\/v2\/comments?post=84867"}],"version-history":[{"count":1,"href":"https:\/\/jorgezanoni.com.br\/2019\/wp-json\/wp\/v2\/posts\/84867\/revisions"}],"predecessor-version":[{"id":84871,"href":"https:\/\/jorgezanoni.com.br\/2019\/wp-json\/wp\/v2\/posts\/84867\/revisions\/84871"}],"wp:featuredmedia":[{"embeddable":true,"href":"https:\/\/jorgezanoni.com.br\/2019\/wp-json\/wp\/v2\/media\/84868"}],"wp:attachment":[{"href":"https:\/\/jorgezanoni.com.br\/2019\/wp-json\/wp\/v2\/media?parent=84867"}],"wp:term":[{"taxonomy":"category","embeddable":true,"href":"https:\/\/jorgezanoni.com.br\/2019\/wp-json\/wp\/v2\/categories?post=84867"},{"taxonomy":"post_tag","embeddable":true,"href":"https:\/\/jorgezanoni.com.br\/2019\/wp-json\/wp\/v2\/tags?post=84867"}],"curies":[{"name":"wp","href":"https:\/\/api.w.org\/{rel}","templated":true}]}}