{"id":84819,"date":"2024-03-06T15:49:11","date_gmt":"2024-03-06T15:49:11","guid":{"rendered":"https:\/\/jorgezanoni.com.br\/2019\/?p=84819"},"modified":"2024-03-06T15:50:37","modified_gmt":"2024-03-06T15:50:37","slug":"dia-internacional-da-mulher-delegada-da-ddm-e-a-convidada-para-entrevista-em-canal-de-midia-jornalistica-em-dracena","status":"publish","type":"post","link":"https:\/\/jorgezanoni.com.br\/2019\/dia-internacional-da-mulher-delegada-da-ddm-e-a-convidada-para-entrevista-em-canal-de-midia-jornalistica-em-dracena\/","title":{"rendered":"DIA INTERNACIONAL DA MULHER: Delegada da DDM \u00e9 a convidada para entrevista em canal de m\u00eddia jornal\u00edstica em Dracena"},"content":{"rendered":"<p style=\"text-align: justify;\">A Pol\u00edcia Civil, por interm\u00e9dio da Delegacia de Defesa da Mulher &#8211; DDM, com o apoio da Delegacia Seccional de Pol\u00edcia de Dracena, participou nesta quarta-feira (6) de uma entrevista especial alusiva ao Dia Internacional da Mulher, que ser\u00e1 celebrado na pr\u00f3xima sexta-feira, dia 8 de mar\u00e7o. A Delegada de Pol\u00edcia Dra. Luciana Nunes Falc\u00e3o Mendes foi a convidada do programa Top News Agora, apresentado por Cido Oliveira.<\/p>\n<p style=\"text-align: justify;\">Durante o bate-papo, a Dra. Luciana Nunes Falc\u00e3o Mendes, que \u00e9 a delegada titular da Delegacia de Defesa da Mulher em Dracena (SP), ressaltou a import\u00e2ncia da informa\u00e7\u00e3o e preven\u00e7\u00e3o sobre as formas de viol\u00eancia dom\u00e9stica e familiar contra as mulheres, assim como as a\u00e7\u00f5es e parcerias desenvolvidas no munic\u00edpio de Dracena, notadamente a inaugura\u00e7\u00e3o do servi\u00e7o de acolhimento institucional \u00e0s mulheres deste munic\u00edpio.<\/p>\n<p>Jorge Zanoni<\/p>\n","protected":false},"excerpt":{"rendered":"<p>A Pol\u00edcia Civil, por interm\u00e9dio da Delegacia de Defesa da Mulher &#8211; DDM, com o apoio da Delegacia Seccional de Pol\u00edcia de Dracena, participou nesta quarta-feira (6) de uma entrevista especial alusiva ao Dia Internacional da Mulher, que ser\u00e1 celebrado na pr\u00f3xima sexta-feira, dia 8 de mar\u00e7o. A Delegada de Pol\u00edcia Dra. Luciana Nunes Falc\u00e3o [&hellip;]<\/p>\n","protected":false},"author":1,"featured_media":84821,"comment_status":"closed","ping_status":"open","sticky":false,"template":"","format":"standard","meta":{"footnotes":""},"categories":[110,2],"tags":[],"class_list":["post-84819","post","type-post","status-publish","format-standard","has-post-thumbnail","hentry","category-noticiasdestaque","category-policial"],"_links":{"self":[{"href":"https:\/\/jorgezanoni.com.br\/2019\/wp-json\/wp\/v2\/posts\/84819","targetHints":{"allow":["GET"]}}],"collection":[{"href":"https:\/\/jorgezanoni.com.br\/2019\/wp-json\/wp\/v2\/posts"}],"about":[{"href":"https:\/\/jorgezanoni.com.br\/2019\/wp-json\/wp\/v2\/types\/post"}],"author":[{"embeddable":true,"href":"https:\/\/jorgezanoni.com.br\/2019\/wp-json\/wp\/v2\/users\/1"}],"replies":[{"embeddable":true,"href":"https:\/\/jorgezanoni.com.br\/2019\/wp-json\/wp\/v2\/comments?post=84819"}],"version-history":[{"count":4,"href":"https:\/\/jorgezanoni.com.br\/2019\/wp-json\/wp\/v2\/posts\/84819\/revisions"}],"predecessor-version":[{"id":84824,"href":"https:\/\/jorgezanoni.com.br\/2019\/wp-json\/wp\/v2\/posts\/84819\/revisions\/84824"}],"wp:featuredmedia":[{"embeddable":true,"href":"https:\/\/jorgezanoni.com.br\/2019\/wp-json\/wp\/v2\/media\/84821"}],"wp:attachment":[{"href":"https:\/\/jorgezanoni.com.br\/2019\/wp-json\/wp\/v2\/media?parent=84819"}],"wp:term":[{"taxonomy":"category","embeddable":true,"href":"https:\/\/jorgezanoni.com.br\/2019\/wp-json\/wp\/v2\/categories?post=84819"},{"taxonomy":"post_tag","embeddable":true,"href":"https:\/\/jorgezanoni.com.br\/2019\/wp-json\/wp\/v2\/tags?post=84819"}],"curies":[{"name":"wp","href":"https:\/\/api.w.org\/{rel}","templated":true}]}}