{"id":84814,"date":"2024-03-06T11:48:12","date_gmt":"2024-03-06T11:48:12","guid":{"rendered":"https:\/\/jorgezanoni.com.br\/2019\/?p=84814"},"modified":"2024-03-06T11:48:12","modified_gmt":"2024-03-06T11:48:12","slug":"acidente-entre-carro-e-moto-na-avenida-presidente-vargas-em-dracena-2","status":"publish","type":"post","link":"https:\/\/jorgezanoni.com.br\/2019\/acidente-entre-carro-e-moto-na-avenida-presidente-vargas-em-dracena-2\/","title":{"rendered":"Acidente entre carro e moto na Avenida Presidente Vargas em Dracena"},"content":{"rendered":"<p style=\"text-align: justify;\"><strong>Motociclista sofreu apenas escoria\u00e7\u00f5es consideradas de natureza leve.<\/strong><\/p>\n<p style=\"text-align: justify;\">Na segunda-feira (4) por voltda de 12 H., foi registrado um acidente com vitima leve na esquina da Avenida Presidente Vargas com a Rua Visconde do Rio Branco.<\/p>\n<p style=\"text-align: justify;\">Segundo informa\u00e7\u00f5es obtidas no local pela reportagem do SITE JZ e TOP TV, o motorista do carro cruzou a avenida que \u00e9 preferencial, no sentido bairro-centro quando foi colidido por uma moto que fazia o sentido \u00fanico da Vargas centro-bairro.<\/p>\n<p style=\"text-align: justify;\">O motorista nada sofreu, j\u00e1 o motociclista foi socorrido por uma Unidade do Corpo de Bombeiros ao Pronto Antendimento Municipal com ferimentos leves.<\/p>\n<p style=\"text-align: justify;\">A Policia Militar e T\u00e9cnica estiveram no local para os levantamentos de praxe.<\/p>\n<p style=\"text-align: justify;\">Pouco antes foi registrado outro acidente em carro e uma bicicleta el\u00e9trica, na esquina da Avenida Rui Barbosa com Rua Magid Zacharias, local com sem\u00e1foro.<\/p>\n<p><img loading=\"lazy\" decoding=\"async\" class=\"alignnone size-full wp-image-84815\" src=\"https:\/\/jorgezanoni.com.br\/2019\/wp-content\/uploads\/2024\/03\/IMG_9049-Pequeno.jpg\" alt=\"\" width=\"640\" height=\"480\" srcset=\"https:\/\/jorgezanoni.com.br\/2019\/wp-content\/uploads\/2024\/03\/IMG_9049-Pequeno.jpg 640w, https:\/\/jorgezanoni.com.br\/2019\/wp-content\/uploads\/2024\/03\/IMG_9049-Pequeno-300x225.jpg 300w, https:\/\/jorgezanoni.com.br\/2019\/wp-content\/uploads\/2024\/03\/IMG_9049-Pequeno-80x60.jpg 80w, https:\/\/jorgezanoni.com.br\/2019\/wp-content\/uploads\/2024\/03\/IMG_9049-Pequeno-265x198.jpg 265w, https:\/\/jorgezanoni.com.br\/2019\/wp-content\/uploads\/2024\/03\/IMG_9049-Pequeno-560x420.jpg 560w\" sizes=\"auto, (max-width: 640px) 100vw, 640px\" \/> <img loading=\"lazy\" decoding=\"async\" class=\"alignnone size-full wp-image-84817\" src=\"https:\/\/jorgezanoni.com.br\/2019\/wp-content\/uploads\/2024\/03\/IMG_9051-Pequeno.jpg\" alt=\"\" width=\"640\" height=\"480\" srcset=\"https:\/\/jorgezanoni.com.br\/2019\/wp-content\/uploads\/2024\/03\/IMG_9051-Pequeno.jpg 640w, https:\/\/jorgezanoni.com.br\/2019\/wp-content\/uploads\/2024\/03\/IMG_9051-Pequeno-300x225.jpg 300w, https:\/\/jorgezanoni.com.br\/2019\/wp-content\/uploads\/2024\/03\/IMG_9051-Pequeno-80x60.jpg 80w, https:\/\/jorgezanoni.com.br\/2019\/wp-content\/uploads\/2024\/03\/IMG_9051-Pequeno-265x198.jpg 265w, https:\/\/jorgezanoni.com.br\/2019\/wp-content\/uploads\/2024\/03\/IMG_9051-Pequeno-560x420.jpg 560w\" sizes=\"auto, (max-width: 640px) 100vw, 640px\" \/><\/p>\n<p>Jorge Zanoni<\/p>\n","protected":false},"excerpt":{"rendered":"<p>Motociclista sofreu apenas escoria\u00e7\u00f5es consideradas de natureza leve. Na segunda-feira (4) por voltda de 12 H., foi registrado um acidente com vitima leve na esquina da Avenida Presidente Vargas com a Rua Visconde do Rio Branco. Segundo informa\u00e7\u00f5es obtidas no local pela reportagem do SITE JZ e TOP TV, o motorista do carro cruzou a [&hellip;]<\/p>\n","protected":false},"author":1,"featured_media":84816,"comment_status":"closed","ping_status":"open","sticky":false,"template":"","format":"standard","meta":{"footnotes":""},"categories":[170,110],"tags":[],"class_list":["post-84814","post","type-post","status-publish","format-standard","has-post-thumbnail","hentry","category-acidentes","category-noticiasdestaque"],"_links":{"self":[{"href":"https:\/\/jorgezanoni.com.br\/2019\/wp-json\/wp\/v2\/posts\/84814","targetHints":{"allow":["GET"]}}],"collection":[{"href":"https:\/\/jorgezanoni.com.br\/2019\/wp-json\/wp\/v2\/posts"}],"about":[{"href":"https:\/\/jorgezanoni.com.br\/2019\/wp-json\/wp\/v2\/types\/post"}],"author":[{"embeddable":true,"href":"https:\/\/jorgezanoni.com.br\/2019\/wp-json\/wp\/v2\/users\/1"}],"replies":[{"embeddable":true,"href":"https:\/\/jorgezanoni.com.br\/2019\/wp-json\/wp\/v2\/comments?post=84814"}],"version-history":[{"count":1,"href":"https:\/\/jorgezanoni.com.br\/2019\/wp-json\/wp\/v2\/posts\/84814\/revisions"}],"predecessor-version":[{"id":84818,"href":"https:\/\/jorgezanoni.com.br\/2019\/wp-json\/wp\/v2\/posts\/84814\/revisions\/84818"}],"wp:featuredmedia":[{"embeddable":true,"href":"https:\/\/jorgezanoni.com.br\/2019\/wp-json\/wp\/v2\/media\/84816"}],"wp:attachment":[{"href":"https:\/\/jorgezanoni.com.br\/2019\/wp-json\/wp\/v2\/media?parent=84814"}],"wp:term":[{"taxonomy":"category","embeddable":true,"href":"https:\/\/jorgezanoni.com.br\/2019\/wp-json\/wp\/v2\/categories?post=84814"},{"taxonomy":"post_tag","embeddable":true,"href":"https:\/\/jorgezanoni.com.br\/2019\/wp-json\/wp\/v2\/tags?post=84814"}],"curies":[{"name":"wp","href":"https:\/\/api.w.org\/{rel}","templated":true}]}}