{"id":8477,"date":"2019-10-11T12:48:14","date_gmt":"2019-10-11T12:48:14","guid":{"rendered":"https:\/\/jorgezanoni.com.br\/2019\/?p=8477"},"modified":"2019-10-11T12:51:49","modified_gmt":"2019-10-11T12:51:49","slug":"8477","status":"publish","type":"post","link":"https:\/\/jorgezanoni.com.br\/2019\/8477\/","title":{"rendered":"Avahu comemora o Dia das Crian\u00e7as com assistidos"},"content":{"rendered":"<p style=\"text-align: justify;\">Na tarde desta quinta-feira (10),a AVAHU realizou comemora\u00e7\u00e3o referente ao Dia das Crian\u00e7as.<\/p>\n<p style=\"text-align: justify;\">O evento aconteceu na sede localizada no in\u00edcio da avenida Rui Barbosa e contou com a presen\u00e7a dos assistidos (crian\u00e7as e adultos).<\/p>\n<p style=\"text-align: justify;\">V\u00e1rios diretores prestigiaram a festa que foi coroada de pleno \u00eaxito. O presidente Gelto Gevesier Nunes agradeceu a presen\u00e7a de todos.<\/p>\n<p><img loading=\"lazy\" decoding=\"async\" class=\"alignnone size-full wp-image-8478\" src=\"https:\/\/jorgezanoni.com.br\/2019\/wp-content\/uploads\/2019\/10\/ava.jpg\" alt=\"\" width=\"3648\" height=\"2736\" srcset=\"https:\/\/jorgezanoni.com.br\/2019\/wp-content\/uploads\/2019\/10\/ava.jpg 3648w, https:\/\/jorgezanoni.com.br\/2019\/wp-content\/uploads\/2019\/10\/ava-300x225.jpg 300w, https:\/\/jorgezanoni.com.br\/2019\/wp-content\/uploads\/2019\/10\/ava-768x576.jpg 768w, https:\/\/jorgezanoni.com.br\/2019\/wp-content\/uploads\/2019\/10\/ava-1024x768.jpg 1024w, https:\/\/jorgezanoni.com.br\/2019\/wp-content\/uploads\/2019\/10\/ava-80x60.jpg 80w, https:\/\/jorgezanoni.com.br\/2019\/wp-content\/uploads\/2019\/10\/ava-265x198.jpg 265w, https:\/\/jorgezanoni.com.br\/2019\/wp-content\/uploads\/2019\/10\/ava-696x522.jpg 696w, https:\/\/jorgezanoni.com.br\/2019\/wp-content\/uploads\/2019\/10\/ava-1068x801.jpg 1068w, https:\/\/jorgezanoni.com.br\/2019\/wp-content\/uploads\/2019\/10\/ava-560x420.jpg 560w\" sizes=\"auto, (max-width: 3648px) 100vw, 3648px\" \/> <img loading=\"lazy\" decoding=\"async\" class=\"alignnone size-full wp-image-8479\" src=\"https:\/\/jorgezanoni.com.br\/2019\/wp-content\/uploads\/2019\/10\/ava1.jpg\" alt=\"\" width=\"3648\" height=\"2736\" srcset=\"https:\/\/jorgezanoni.com.br\/2019\/wp-content\/uploads\/2019\/10\/ava1.jpg 3648w, https:\/\/jorgezanoni.com.br\/2019\/wp-content\/uploads\/2019\/10\/ava1-300x225.jpg 300w, https:\/\/jorgezanoni.com.br\/2019\/wp-content\/uploads\/2019\/10\/ava1-768x576.jpg 768w, https:\/\/jorgezanoni.com.br\/2019\/wp-content\/uploads\/2019\/10\/ava1-1024x768.jpg 1024w, https:\/\/jorgezanoni.com.br\/2019\/wp-content\/uploads\/2019\/10\/ava1-80x60.jpg 80w, https:\/\/jorgezanoni.com.br\/2019\/wp-content\/uploads\/2019\/10\/ava1-265x198.jpg 265w, https:\/\/jorgezanoni.com.br\/2019\/wp-content\/uploads\/2019\/10\/ava1-696x522.jpg 696w, https:\/\/jorgezanoni.com.br\/2019\/wp-content\/uploads\/2019\/10\/ava1-1068x801.jpg 1068w, https:\/\/jorgezanoni.com.br\/2019\/wp-content\/uploads\/2019\/10\/ava1-560x420.jpg 560w\" sizes=\"auto, (max-width: 3648px) 100vw, 3648px\" \/><\/p>\n","protected":false},"excerpt":{"rendered":"<p>Na tarde desta quinta-feira (10),a AVAHU realizou comemora\u00e7\u00e3o referente ao Dia das Crian\u00e7as. O evento aconteceu na sede localizada no in\u00edcio da avenida Rui Barbosa e contou com a presen\u00e7a dos assistidos (crian\u00e7as e adultos). V\u00e1rios diretores prestigiaram a festa que foi coroada de pleno \u00eaxito. O presidente Gelto Gevesier Nunes agradeceu a presen\u00e7a de [&hellip;]<\/p>\n","protected":false},"author":1,"featured_media":8482,"comment_status":"closed","ping_status":"open","sticky":false,"template":"","format":"standard","meta":{"footnotes":""},"categories":[118],"tags":[],"class_list":["post-8477","post","type-post","status-publish","format-standard","has-post-thumbnail","hentry","category-religiaoesolidariedade"],"_links":{"self":[{"href":"https:\/\/jorgezanoni.com.br\/2019\/wp-json\/wp\/v2\/posts\/8477","targetHints":{"allow":["GET"]}}],"collection":[{"href":"https:\/\/jorgezanoni.com.br\/2019\/wp-json\/wp\/v2\/posts"}],"about":[{"href":"https:\/\/jorgezanoni.com.br\/2019\/wp-json\/wp\/v2\/types\/post"}],"author":[{"embeddable":true,"href":"https:\/\/jorgezanoni.com.br\/2019\/wp-json\/wp\/v2\/users\/1"}],"replies":[{"embeddable":true,"href":"https:\/\/jorgezanoni.com.br\/2019\/wp-json\/wp\/v2\/comments?post=8477"}],"version-history":[{"count":0,"href":"https:\/\/jorgezanoni.com.br\/2019\/wp-json\/wp\/v2\/posts\/8477\/revisions"}],"wp:featuredmedia":[{"embeddable":true,"href":"https:\/\/jorgezanoni.com.br\/2019\/wp-json\/wp\/v2\/media\/8482"}],"wp:attachment":[{"href":"https:\/\/jorgezanoni.com.br\/2019\/wp-json\/wp\/v2\/media?parent=8477"}],"wp:term":[{"taxonomy":"category","embeddable":true,"href":"https:\/\/jorgezanoni.com.br\/2019\/wp-json\/wp\/v2\/categories?post=8477"},{"taxonomy":"post_tag","embeddable":true,"href":"https:\/\/jorgezanoni.com.br\/2019\/wp-json\/wp\/v2\/tags?post=8477"}],"curies":[{"name":"wp","href":"https:\/\/api.w.org\/{rel}","templated":true}]}}