{"id":84747,"date":"2024-03-03T13:30:35","date_gmt":"2024-03-03T13:30:35","guid":{"rendered":"https:\/\/jorgezanoni.com.br\/2019\/?p=84747"},"modified":"2024-03-03T13:30:35","modified_gmt":"2024-03-03T13:30:35","slug":"policia-civil-esclarece-homicidio-culposo-apos-atropelamento-de-um-idoso-em-rodovia-no-municipio-de-junqueiropolis","status":"publish","type":"post","link":"https:\/\/jorgezanoni.com.br\/2019\/policia-civil-esclarece-homicidio-culposo-apos-atropelamento-de-um-idoso-em-rodovia-no-municipio-de-junqueiropolis\/","title":{"rendered":"Pol\u00edcia Civil esclarece homic\u00eddio culposo ap\u00f3s atropelamento de um idoso em rodovia no munic\u00edpio de Junqueir\u00f3polis"},"content":{"rendered":"<p style=\"text-align: justify;\">A Pol\u00edcia Civil, por interm\u00e9dio da Delegacia de Pol\u00edcia de Junqueir\u00f3polis, esclareceu nesta sexta-feira (1\u00ba) um caso de homic\u00eddio culposo na dire\u00e7\u00e3o de ve\u00edculo automotor ocorrido na manh\u00e3 do \u00faltimo domingo (25), que vitimou um idoso de 76 anos, morador de uma propriedade rural \u00e0s margens da Rodovia Comandante Jo\u00e3o Ribeiro de Barros, SP 294.<\/p>\n<p style=\"text-align: justify;\">A v\u00edtima foi atropelada por um ve\u00edculo enquanto caminhava em dire\u00e7\u00e3o \u00e0 cidade de Junqueir\u00f3polis. O idoso permaneceu no acostamento por aproximadamente 30 minutos, quando um motociclista o localizou e acionou uma unidade de resgate, que constatou o \u00f3bito da v\u00edtima.<\/p>\n<p style=\"text-align: justify;\">O motorista do ve\u00edculo suspeito de ter causado o acidente evadiu-se do local, sem prestar socorro \u00e0 v\u00edtima. Diante do acontecido, a Pol\u00edcia Civil iniciou imediatamente uma investiga\u00e7\u00e3o visando esclarecer o ocorrido, e agentes da Delegacia de Pol\u00edcia de Junqueir\u00f3polis estiveram no local do atropelamento, identificando e apreendendo fragmentos do ve\u00edculo.<\/p>\n<p style=\"text-align: justify;\">Em seguida, entabularam contato com uma concession\u00e1ria da mesma marca daquela constante nas pe\u00e7as apreendidas, quando ent\u00e3o foram informados de que os fragmentos apreendidos no local seriam compat\u00edveis com um ve\u00edculo espec\u00edfico.<\/p>\n<p style=\"text-align: justify;\">A partir da\u00ed, iniciaram-se as dilig\u00eancias com a utiliza\u00e7\u00e3o de recursos de intelig\u00eancia policial, notadamente a an\u00e1lise de imagens e de tr\u00e1fego veicular. Foi poss\u00edvel ent\u00e3o identificar alguns autom\u00f3veis cuja marca, modelo e ano de fabrica\u00e7\u00e3o eram compat\u00edveis com os acess\u00f3rios veiculares em posse da Pol\u00edcia Civil.<\/p>\n<p style=\"text-align: justify;\">Os agentes ent\u00e3o diligenciaram em cada um dos locais de cadastro destes ve\u00edculos. Na \u00faltima sexta-feira (1\u00ba), o ve\u00edculo e o condutor suspeito foram localizados na cidade de Presidente Prudente (SP).<\/p>\n<p style=\"text-align: justify;\">O suspeito, um jovem de 26 anos, estudante do curso de medicina, em declara\u00e7\u00e3o alegou que esteve no local no dia e hora do evento, mas que recordava ter colidido com seu autom\u00f3vel contra uma bicicleta que estava em meio \u00e0 rodovia. Referida alega\u00e7\u00e3o foi recha\u00e7ada pela an\u00e1lise pericial.<\/p>\n<p style=\"text-align: justify;\">O investigado, que j\u00e1 ostenta passagem policial por crime de tr\u00e2nsito, ser\u00e1 indiciado como incurso nos crimes de homic\u00eddio culposo na dire\u00e7\u00e3o de ve\u00edculo automotor e fuga do local do acidente, e responder\u00e1 em liberdade na esfera dos procedimentos de pol\u00edcia judici\u00e1ria e posterior remessa dos autos para aprecia\u00e7\u00e3o da Justi\u00e7a.<\/p>\n<p>Fonte: Com. Social Pol\u00edcia Civil<\/p>\n","protected":false},"excerpt":{"rendered":"<p>A Pol\u00edcia Civil, por interm\u00e9dio da Delegacia de Pol\u00edcia de Junqueir\u00f3polis, esclareceu nesta sexta-feira (1\u00ba) um caso de homic\u00eddio culposo na dire\u00e7\u00e3o de ve\u00edculo automotor ocorrido na manh\u00e3 do \u00faltimo domingo (25), que vitimou um idoso de 76 anos, morador de uma propriedade rural \u00e0s margens da Rodovia Comandante Jo\u00e3o Ribeiro de Barros, SP 294. [&hellip;]<\/p>\n","protected":false},"author":1,"featured_media":84748,"comment_status":"closed","ping_status":"open","sticky":false,"template":"","format":"standard","meta":{"footnotes":""},"categories":[110,2],"tags":[],"class_list":["post-84747","post","type-post","status-publish","format-standard","has-post-thumbnail","hentry","category-noticiasdestaque","category-policial"],"_links":{"self":[{"href":"https:\/\/jorgezanoni.com.br\/2019\/wp-json\/wp\/v2\/posts\/84747","targetHints":{"allow":["GET"]}}],"collection":[{"href":"https:\/\/jorgezanoni.com.br\/2019\/wp-json\/wp\/v2\/posts"}],"about":[{"href":"https:\/\/jorgezanoni.com.br\/2019\/wp-json\/wp\/v2\/types\/post"}],"author":[{"embeddable":true,"href":"https:\/\/jorgezanoni.com.br\/2019\/wp-json\/wp\/v2\/users\/1"}],"replies":[{"embeddable":true,"href":"https:\/\/jorgezanoni.com.br\/2019\/wp-json\/wp\/v2\/comments?post=84747"}],"version-history":[{"count":1,"href":"https:\/\/jorgezanoni.com.br\/2019\/wp-json\/wp\/v2\/posts\/84747\/revisions"}],"predecessor-version":[{"id":84749,"href":"https:\/\/jorgezanoni.com.br\/2019\/wp-json\/wp\/v2\/posts\/84747\/revisions\/84749"}],"wp:featuredmedia":[{"embeddable":true,"href":"https:\/\/jorgezanoni.com.br\/2019\/wp-json\/wp\/v2\/media\/84748"}],"wp:attachment":[{"href":"https:\/\/jorgezanoni.com.br\/2019\/wp-json\/wp\/v2\/media?parent=84747"}],"wp:term":[{"taxonomy":"category","embeddable":true,"href":"https:\/\/jorgezanoni.com.br\/2019\/wp-json\/wp\/v2\/categories?post=84747"},{"taxonomy":"post_tag","embeddable":true,"href":"https:\/\/jorgezanoni.com.br\/2019\/wp-json\/wp\/v2\/tags?post=84747"}],"curies":[{"name":"wp","href":"https:\/\/api.w.org\/{rel}","templated":true}]}}