{"id":8472,"date":"2019-10-11T12:29:53","date_gmt":"2019-10-11T12:29:53","guid":{"rendered":"https:\/\/jorgezanoni.com.br\/2019\/?p=8472"},"modified":"2019-10-11T12:29:53","modified_gmt":"2019-10-11T12:29:53","slug":"comercio-de-dracena-tera-horario-especial-em-funcao-do-feriado-de-amanha","status":"publish","type":"post","link":"https:\/\/jorgezanoni.com.br\/2019\/comercio-de-dracena-tera-horario-especial-em-funcao-do-feriado-de-amanha\/","title":{"rendered":"Com\u00e9rcio de Dracena ter\u00e1 hor\u00e1rio especial em fun\u00e7\u00e3o do feriado de amanh\u00e3"},"content":{"rendered":"<p style=\"text-align: justify;\">Amanh\u00e3 (12), \u00e9 feriado religioso onde se comemora o Dia de Nossa Senhora Aparecida. Aproveitando tamb\u00e9m o Dia das Crian\u00e7as, o com\u00e9rcio e supermercados de Dracena ter\u00e3o hor\u00e1rio especial.<\/p>\n<p>Jorge Zanoni<\/p>\n","protected":false},"excerpt":{"rendered":"<p>Amanh\u00e3 (12), \u00e9 feriado religioso onde se comemora o Dia de Nossa Senhora Aparecida. Aproveitando tamb\u00e9m o Dia das Crian\u00e7as, o com\u00e9rcio e supermercados de Dracena ter\u00e3o hor\u00e1rio especial. Jorge Zanoni<\/p>\n","protected":false},"author":1,"featured_media":8473,"comment_status":"closed","ping_status":"open","sticky":false,"template":"","format":"standard","meta":{"footnotes":""},"categories":[114,110],"tags":[],"class_list":["post-8472","post","type-post","status-publish","format-standard","has-post-thumbnail","hentry","category-geralecomercio","category-noticiasdestaque"],"_links":{"self":[{"href":"https:\/\/jorgezanoni.com.br\/2019\/wp-json\/wp\/v2\/posts\/8472","targetHints":{"allow":["GET"]}}],"collection":[{"href":"https:\/\/jorgezanoni.com.br\/2019\/wp-json\/wp\/v2\/posts"}],"about":[{"href":"https:\/\/jorgezanoni.com.br\/2019\/wp-json\/wp\/v2\/types\/post"}],"author":[{"embeddable":true,"href":"https:\/\/jorgezanoni.com.br\/2019\/wp-json\/wp\/v2\/users\/1"}],"replies":[{"embeddable":true,"href":"https:\/\/jorgezanoni.com.br\/2019\/wp-json\/wp\/v2\/comments?post=8472"}],"version-history":[{"count":0,"href":"https:\/\/jorgezanoni.com.br\/2019\/wp-json\/wp\/v2\/posts\/8472\/revisions"}],"wp:featuredmedia":[{"embeddable":true,"href":"https:\/\/jorgezanoni.com.br\/2019\/wp-json\/wp\/v2\/media\/8473"}],"wp:attachment":[{"href":"https:\/\/jorgezanoni.com.br\/2019\/wp-json\/wp\/v2\/media?parent=8472"}],"wp:term":[{"taxonomy":"category","embeddable":true,"href":"https:\/\/jorgezanoni.com.br\/2019\/wp-json\/wp\/v2\/categories?post=8472"},{"taxonomy":"post_tag","embeddable":true,"href":"https:\/\/jorgezanoni.com.br\/2019\/wp-json\/wp\/v2\/tags?post=8472"}],"curies":[{"name":"wp","href":"https:\/\/api.w.org\/{rel}","templated":true}]}}