{"id":84707,"date":"2024-02-29T23:45:58","date_gmt":"2024-02-29T23:45:58","guid":{"rendered":"https:\/\/jorgezanoni.com.br\/2019\/?p=84707"},"modified":"2024-02-29T23:45:58","modified_gmt":"2024-02-29T23:45:58","slug":"idoso-a-dpark-zona-azul-ressalta-que-a-vaga-pre-determinada-podera-ser-utilizada-por-um-periodo-de-ate-2h","status":"publish","type":"post","link":"https:\/\/jorgezanoni.com.br\/2019\/idoso-a-dpark-zona-azul-ressalta-que-a-vaga-pre-determinada-podera-ser-utilizada-por-um-periodo-de-ate-2h\/","title":{"rendered":"IDOSO: A dpark zona azul ressalta que a vaga pr\u00e9-determinada\u00a0 poder\u00e1 ser utilizada por um per\u00edodo de at\u00e9 2h."},"content":{"rendered":"<p style=\"text-align: justify;\">A partir desta sexta-feira, (1\u00ba), a dpark zona azul, concession\u00e1ria que gerencia o estacionamento rotativo de Dracena-SP, informa que, a isen\u00e7\u00e3o da vaga de zona azul para pessoas com 60 anos ou mais come\u00e7a a valer.<\/p>\n<p style=\"text-align: justify;\">A vaga de zona azul pr\u00e9-determinada para os idosos est\u00e1 sinalizada com placa indicativa e poder\u00e1 ser utilizada por um per\u00edodo de at\u00e9 2h.<\/p>\n<p style=\"text-align: justify;\">O idoso dever\u00e1 possuir o cart\u00e3o do idoso de estacionamento e parar em uma das vagas destinadas. \u00c9 necess\u00e1rio colocar o cart\u00e3o dentro do ve\u00edculo enquanto estiver usando a vaga.<\/p>\n<p style=\"text-align: justify;\">A Prefeitura de Dracena esclarece que a pessoa que tiver 60 anos ou mais, poder\u00e1 solicitar o cart\u00e3o do idoso de estacionamento comparecendo na Secretaria de Infraestrutura, Habita\u00e7\u00e3o e Assuntos Vi\u00e1rios, no hor\u00e1rio das 7h \u00e0s 11h e das 13h \u00e0s 17. Os endere\u00e7os s\u00e3o na Avenida Chacon Couto e Rua Fortaleza, s n\u00ba, no Recinto da Fapidra. Para mais informa\u00e7\u00f5es o telefone \u00e9: (18) 3821-8019.<\/p>\n<p>Fonte: Por N\u00facleo de Comunica\u00e7\u00e3o\/dpark<\/p>\n<p>&nbsp;<\/p>\n","protected":false},"excerpt":{"rendered":"<p>A partir desta sexta-feira, (1\u00ba), a dpark zona azul, concession\u00e1ria que gerencia o estacionamento rotativo de Dracena-SP, informa que, a isen\u00e7\u00e3o da vaga de zona azul para pessoas com 60 anos ou mais come\u00e7a a valer. A vaga de zona azul pr\u00e9-determinada para os idosos est\u00e1 sinalizada com placa indicativa e poder\u00e1 ser utilizada por [&hellip;]<\/p>\n","protected":false},"author":1,"featured_media":84708,"comment_status":"closed","ping_status":"open","sticky":false,"template":"","format":"standard","meta":{"footnotes":""},"categories":[180,110],"tags":[],"class_list":["post-84707","post","type-post","status-publish","format-standard","has-post-thumbnail","hentry","category-estradastransitoveiculos","category-noticiasdestaque"],"_links":{"self":[{"href":"https:\/\/jorgezanoni.com.br\/2019\/wp-json\/wp\/v2\/posts\/84707","targetHints":{"allow":["GET"]}}],"collection":[{"href":"https:\/\/jorgezanoni.com.br\/2019\/wp-json\/wp\/v2\/posts"}],"about":[{"href":"https:\/\/jorgezanoni.com.br\/2019\/wp-json\/wp\/v2\/types\/post"}],"author":[{"embeddable":true,"href":"https:\/\/jorgezanoni.com.br\/2019\/wp-json\/wp\/v2\/users\/1"}],"replies":[{"embeddable":true,"href":"https:\/\/jorgezanoni.com.br\/2019\/wp-json\/wp\/v2\/comments?post=84707"}],"version-history":[{"count":1,"href":"https:\/\/jorgezanoni.com.br\/2019\/wp-json\/wp\/v2\/posts\/84707\/revisions"}],"predecessor-version":[{"id":84709,"href":"https:\/\/jorgezanoni.com.br\/2019\/wp-json\/wp\/v2\/posts\/84707\/revisions\/84709"}],"wp:featuredmedia":[{"embeddable":true,"href":"https:\/\/jorgezanoni.com.br\/2019\/wp-json\/wp\/v2\/media\/84708"}],"wp:attachment":[{"href":"https:\/\/jorgezanoni.com.br\/2019\/wp-json\/wp\/v2\/media?parent=84707"}],"wp:term":[{"taxonomy":"category","embeddable":true,"href":"https:\/\/jorgezanoni.com.br\/2019\/wp-json\/wp\/v2\/categories?post=84707"},{"taxonomy":"post_tag","embeddable":true,"href":"https:\/\/jorgezanoni.com.br\/2019\/wp-json\/wp\/v2\/tags?post=84707"}],"curies":[{"name":"wp","href":"https:\/\/api.w.org\/{rel}","templated":true}]}}